{"id":108043,"date":"2022-06-14T13:25:06","date_gmt":"2022-06-14T16:25:06","guid":{"rendered":"https:\/\/eldiariodesanpedro.com.ar\/sitio\/?p=108043"},"modified":"2022-06-14T13:25:06","modified_gmt":"2022-06-14T16:25:06","slug":"la-empresa-vercelli-hermanos-solicito-un-nuevo-aumento-de-50-del-boleto-de-colectivo","status":"publish","type":"post","link":"https:\/\/eldiariodesanpedro.com.ar\/sitio\/la-empresa-vercelli-hermanos-solicito-un-nuevo-aumento-de-50-del-boleto-de-colectivo\/","title":{"rendered":"La empresa Vercelli Hermanos solicito un nuevo aumento de 50% del boleto de colectivo"},"content":{"rendered":"<!-- VideographyWP Plugin Message: Automatic video embedding prevented by plugin options. -->\n\n<p>A mediados de abril el Concejo Deliberante aprob\u00f3 un aumento del 50 por ciento del boleto. Ahora, tras el incremento de salarios para los choferes, la empresa a cargo del servicio elev\u00f3 un pedido para aumentar un 47 por ciento m\u00e1s, de acuerdo a lo que dice la f\u00f3rmula del pliego.<\/p>\n\n\n\n<p>Tras el \u00faltimo aumento de salarios para los choferes de la Uni\u00f3n Tranviaria Automotor (UTA), la empresa Vercelli Hermanos, que tiene a su cargo el servicio de transporte p\u00fablico en San Pedro, volvi\u00f3 a pedir aumento de boleto, a dos meses del\u00a0incremento tarifario acordado en el 50 por ciento\u00a0y aprobado en el Concejo Deliberante.<\/p>\n\n\n\n<p>El acuerdo salarial implic\u00f3 aumentos de sueldo, lo que impacta directamente en el boleto, puesto que es uno de los \u00edtems a tener en cuenta en la f\u00f3rmula polin\u00f3mica que desde el pliego de bases y condiciones del contrato se utiliza para calcular la tarifa.<\/p>\n\n\n\n<p>El problema es que la comunidad de usuarios, que ya recibi\u00f3 con poco benepl\u00e1cito el \u00faltimo incremento, podr\u00eda encontrarse ahora con otro incremento del boleto, puesto que la empresa elev\u00f3 el c\u00e1lculo al Concejo, que desde la sesi\u00f3n pasada tiene conocimiento del expediente, que llegar\u00e1 formalmente para su tratamiento en la comisi\u00f3n de Servicios P\u00fablicos cuando el Ejecutivo lo env\u00ede.about:blank<\/p>\n\n\n\n<p>La empresa reclama al Gobierno nacional el dep\u00f3sito en tiempo y forma de los subsidios correspondientes y un incremento en esas transferencias que permitan hacer frente a los compromisos. Mientras eso se discute, no abonaron la totalidad del aumento de sueldo para el personal, que qued\u00f3 a la espera del saldo a cuenta.<\/p>\n\n\n\n<p>La titular de la compa\u00f1\u00eda, Lorena Vercelli, explic\u00f3 al Concejo Deliberante en la nota elevada para pedir un 47 por ciento de aumento del boleto que \u201cel estado de situaci\u00f3n nos est\u00e1 conduciendo a un conflicto que todos responsablemente queremos evitar con el fin de sostener la paz social ante los pr\u00f3ximos vencimientos de los plazos establecidos en el acuerdo\u201d salarial de mayo.<\/p>\n\n\n\n<p>La empresa sostiene que hay una \u201cdistorsi\u00f3n e iniquidad\u201d en los \u00faltimos a\u00f1os en la \u201credistribuci\u00f3n de los subsidios\u201d, lo que \u201cafecta gravosamente a los habitantes del interior del pa\u00eds\u201d.<\/p>\n\n\n\n<p>Tras explicar que los aportes en concepto de subsidio no alcanzar\u00e1n para cubrir el dinero que deber\u00e1n desembolsar para hacer frente a los aumentos de sueldos de trabajadores y trabajadoras, la empresa pidi\u00f3 que se analice un nuevo ajuste en las tarifas para los usuarios, que hab\u00edan aumentado 50 por ciento hace dos meses.<\/p>\n\n\n\n<p>Con el c\u00e1lculo de la f\u00f3rmula, el boleto m\u00e1s caro, el que se paga para viajar desde y hacia Santa Luc\u00eda y Gobernador Castro, pasar\u00eda de casi 150 a casi 220 pesos; el de R\u00edo Tala de alrededor de 125 a 182; y el de Vuelta de Obligado de 135 a 200 pesos. El incremento propuesto es del 47,88 por ciento sobre la tarifa actual.<\/p>\n\n\n\n<p>Cuando se aument\u00f3 el boleto en abril, la empresa hab\u00eda elevado el c\u00e1lculo de la f\u00f3rmula polin\u00f3mica que arrojaba un 197 por ciento de aumento. El acuerdo con el Gobierno fue de ajustar en el 50 por ciento y as\u00ed se aprob\u00f3, aunque s\u00f3lo con los votos del oficialismo, puesto que en la oposici\u00f3n no hubo acompa\u00f1amiento, incluido el concejal Gerardo Pelletier (\u00e9l y Cappelletti se abstuvieron), que durante el tiempo que fue oficialista y presidente de la comisi\u00f3n de Servicios P\u00fablicos defendi\u00f3 a capa y espada cada aumento con el argumento de que la f\u00f3rmula as\u00ed lo establec\u00eda.<\/p>\n\n\n\n<p>Para el nuevo aumento del 47,28 por ciento que pide la empresa todav\u00eda no hay di\u00e1logo abierto. En el Concejo Deliberante, los concejales del oficialismo, entre los que se cuenta al nuevo presidente de la comisi\u00f3n de Servicios P\u00fablicos, Gast\u00f3n Casco, esperan que el Ejecutivo mueva sus piezas en el ajedrez de las conversaciones con Vercelli.<\/p>\n\n\n\n<p>Est\u00e1 claro que nadie quiere pagar el costo pol\u00edtico de un nuevo aumento a dos meses de incrementar las tarifas. Los usuarios, que desde abril pagan un 50 por ciento m\u00e1s caro el boleto, no ver\u00e1n con buenos ojos otro ajuste. Despu\u00e9s de todo, m\u00e1s all\u00e1 de lo que diga la f\u00f3rmula polin\u00f3mica, el precio de los pasajes lo dispone el Concejo Deliberante con el voto de la mayor\u00eda. Por lo pronto, todo es comp\u00e1s de espera.<\/p>\n\n\n\n<p><a href=\"https:\/\/www.laopinionsemanario.com.ar\/secciones\/informacion-general\/\"><\/a><\/p>\n","protected":false},"excerpt":{"rendered":"<p>A mediados de abril el Concejo Deliberante aprob\u00f3 un aumento del 50 por ciento del boleto. Ahora, tras el incremento de salarios para los choferes, la empresa a cargo del servicio elev\u00f3 un pedido para aumentar un 47 por ciento m\u00e1s, de acuerdo a lo que dice la f\u00f3rmula del pliego. Tras el \u00faltimo aumento [&hellip;]<\/p>\n","protected":false},"author":4,"featured_media":105409,"comment_status":"closed","ping_status":"closed","sticky":false,"template":"","format":"standard","meta":{"om_disable_all_campaigns":false,"_jetpack_memberships_contains_paid_content":false,"footnotes":""},"categories":[50,101,2],"tags":[197,696,33,19],"class_list":["post-108043","post","type-post","status-publish","format-standard","has-post-thumbnail","hentry","category-destacadas","category-interes-general-locales","category-locales","tag-buenos-aires","tag-interes-general","tag-locales","tag-san-pedro"],"aioseo_notices":[],"gutentor_comment":0,"jetpack_featured_media_url":"https:\/\/eldiariodesanpedro.com.ar\/sitio\/wp-content\/uploads\/2022\/03\/vercelli_vr_1_1_2.jpg","jetpack_shortlink":"https:\/\/wp.me\/p6RhLt-s6D","jetpack_sharing_enabled":true,"_links":{"self":[{"href":"https:\/\/eldiariodesanpedro.com.ar\/sitio\/wp-json\/wp\/v2\/posts\/108043","targetHints":{"allow":["GET"]}}],"collection":[{"href":"https:\/\/eldiariodesanpedro.com.ar\/sitio\/wp-json\/wp\/v2\/posts"}],"about":[{"href":"https:\/\/eldiariodesanpedro.com.ar\/sitio\/wp-json\/wp\/v2\/types\/post"}],"author":[{"embeddable":true,"href":"https:\/\/eldiariodesanpedro.com.ar\/sitio\/wp-json\/wp\/v2\/users\/4"}],"replies":[{"embeddable":true,"href":"https:\/\/eldiariodesanpedro.com.ar\/sitio\/wp-json\/wp\/v2\/comments?post=108043"}],"version-history":[{"count":1,"href":"https:\/\/eldiariodesanpedro.com.ar\/sitio\/wp-json\/wp\/v2\/posts\/108043\/revisions"}],"predecessor-version":[{"id":108044,"href":"https:\/\/eldiariodesanpedro.com.ar\/sitio\/wp-json\/wp\/v2\/posts\/108043\/revisions\/108044"}],"wp:featuredmedia":[{"embeddable":true,"href":"https:\/\/eldiariodesanpedro.com.ar\/sitio\/wp-json\/wp\/v2\/media\/105409"}],"wp:attachment":[{"href":"https:\/\/eldiariodesanpedro.com.ar\/sitio\/wp-json\/wp\/v2\/media?parent=108043"}],"wp:term":[{"taxonomy":"category","embeddable":true,"href":"https:\/\/eldiariodesanpedro.com.ar\/sitio\/wp-json\/wp\/v2\/categories?post=108043"},{"taxonomy":"post_tag","embeddable":true,"href":"https:\/\/eldiariodesanpedro.com.ar\/sitio\/wp-json\/wp\/v2\/tags?post=108043"}],"curies":[{"name":"wp","href":"https:\/\/api.w.org\/{rel}","templated":true}]}}