{"id":108040,"date":"2022-06-14T13:15:38","date_gmt":"2022-06-14T16:15:38","guid":{"rendered":"https:\/\/eldiariodesanpedro.com.ar\/sitio\/?p=108040"},"modified":"2022-06-14T13:15:39","modified_gmt":"2022-06-14T16:15:39","slug":"choque-entre-un-automovil-y-una-mujer-que-dejo-como-resultado-una-mujer-herida","status":"publish","type":"post","link":"https:\/\/eldiariodesanpedro.com.ar\/sitio\/choque-entre-un-automovil-y-una-mujer-que-dejo-como-resultado-una-mujer-herida\/","title":{"rendered":"Choque entre un autom\u00f3vil y una mujer que dejo como resultado una mujer herida"},"content":{"rendered":"<!-- VideographyWP Plugin Message: Automatic video embedding prevented by plugin options. -->\n\n<p>El accidente se produjo alrededor de las 9.00 de la ma\u00f1ana de este martes en Nieto de Torres al 1500. La motociclista fue trasladada a la Guardia por una ambulancia del Same.<\/p>\n\n\n\n<p>Una mujer fue trasladada al Hospital tras protagonizar un accidente cuando circulaba en motocicleta y, por circunstancias que se procuran establecer, choc\u00f3 con un auto en la zona de Nieto de Torres al 1500, casi esquina Cruz Roja.<\/p>\n\n\n\n<p>El autom\u00f3vil y la moto que participaron del choque desaparecieron de la escena antes de que el personal policial y de la Direcci\u00f3n de Tr\u00e1nsito arribaran al lugar, por lo que no podr\u00e1n practicarse las pericias de rigor.<\/p>\n\n\n\n<p>Todo indica que ambos veh\u00edculos fueron retirados de la zona del accidente para evitar el secuestro de los rodados para la tarea habitual de Polic\u00eda Cient\u00edfica ante accidentes en los que hubo lesionados.about:blank<\/p>\n\n\n\n<p>La motociclista fue trasladada por una ambulancia del Servicio de Emergencias Same 107 y era asistida en la Guardia del Hospital con lesiones que en principio revest\u00edan car\u00e1cter leve.<\/p>\n\n\n\n<p><a href=\"https:\/\/www.laopinionsemanario.com.ar\/secciones\/informacion-general\/\"><\/a><\/p>\n","protected":false},"excerpt":{"rendered":"<p>El accidente se produjo alrededor de las 9.00 de la ma\u00f1ana de este martes en Nieto de Torres al 1500. La motociclista fue trasladada a la Guardia por una ambulancia del Same. Una mujer fue trasladada al Hospital tras protagonizar un accidente cuando circulaba en motocicleta y, por circunstancias que se procuran establecer, choc\u00f3 con [&hellip;]<\/p>\n","protected":false},"author":4,"featured_media":108041,"comment_status":"closed","ping_status":"closed","sticky":false,"template":"","format":"standard","meta":{"om_disable_all_campaigns":false,"_jetpack_memberships_contains_paid_content":false,"footnotes":""},"categories":[2,103],"tags":[197,33,95,19],"class_list":["post-108040","post","type-post","status-publish","format-standard","has-post-thumbnail","hentry","category-locales","category-policiales-locales","tag-buenos-aires","tag-locales","tag-policiales","tag-san-pedro"],"aioseo_notices":[],"gutentor_comment":0,"jetpack_featured_media_url":"https:\/\/eldiariodesanpedro.com.ar\/sitio\/wp-content\/uploads\/2022\/06\/WhatsApp-Image-2022-06-14-at-10.18.29-AM.jpeg","jetpack_shortlink":"https:\/\/wp.me\/p6RhLt-s6A","jetpack_sharing_enabled":true,"_links":{"self":[{"href":"https:\/\/eldiariodesanpedro.com.ar\/sitio\/wp-json\/wp\/v2\/posts\/108040","targetHints":{"allow":["GET"]}}],"collection":[{"href":"https:\/\/eldiariodesanpedro.com.ar\/sitio\/wp-json\/wp\/v2\/posts"}],"about":[{"href":"https:\/\/eldiariodesanpedro.com.ar\/sitio\/wp-json\/wp\/v2\/types\/post"}],"author":[{"embeddable":true,"href":"https:\/\/eldiariodesanpedro.com.ar\/sitio\/wp-json\/wp\/v2\/users\/4"}],"replies":[{"embeddable":true,"href":"https:\/\/eldiariodesanpedro.com.ar\/sitio\/wp-json\/wp\/v2\/comments?post=108040"}],"version-history":[{"count":1,"href":"https:\/\/eldiariodesanpedro.com.ar\/sitio\/wp-json\/wp\/v2\/posts\/108040\/revisions"}],"predecessor-version":[{"id":108042,"href":"https:\/\/eldiariodesanpedro.com.ar\/sitio\/wp-json\/wp\/v2\/posts\/108040\/revisions\/108042"}],"wp:featuredmedia":[{"embeddable":true,"href":"https:\/\/eldiariodesanpedro.com.ar\/sitio\/wp-json\/wp\/v2\/media\/108041"}],"wp:attachment":[{"href":"https:\/\/eldiariodesanpedro.com.ar\/sitio\/wp-json\/wp\/v2\/media?parent=108040"}],"wp:term":[{"taxonomy":"category","embeddable":true,"href":"https:\/\/eldiariodesanpedro.com.ar\/sitio\/wp-json\/wp\/v2\/categories?post=108040"},{"taxonomy":"post_tag","embeddable":true,"href":"https:\/\/eldiariodesanpedro.com.ar\/sitio\/wp-json\/wp\/v2\/tags?post=108040"}],"curies":[{"name":"wp","href":"https:\/\/api.w.org\/{rel}","templated":true}]}}