{"id":108035,"date":"2022-06-14T13:03:05","date_gmt":"2022-06-14T16:03:05","guid":{"rendered":"https:\/\/eldiariodesanpedro.com.ar\/sitio\/?p=108035"},"modified":"2022-06-14T13:03:06","modified_gmt":"2022-06-14T16:03:06","slug":"coopser-trabajo-esta-manana-para-restablecer-el-servicio-de-energia-electrica-tras-un-intento-de-robo-de-cables-en-la-tosquera","status":"publish","type":"post","link":"https:\/\/eldiariodesanpedro.com.ar\/sitio\/coopser-trabajo-esta-manana-para-restablecer-el-servicio-de-energia-electrica-tras-un-intento-de-robo-de-cables-en-la-tosquera\/","title":{"rendered":"Coopser trabajo esta ma\u00f1ana para restablecer el servicio de energ\u00eda el\u00e9ctrica tras un intento de robo de cables en La Tosquera"},"content":{"rendered":"<!-- VideographyWP Plugin Message: Automatic video embedding prevented by plugin options. -->\n\n<p>Desde el lunes por la noche la zona estaba sin servicio de electricidad. Este martes, Coopser dispuso una cuadrilla para resolver la situaci\u00f3n.<\/p>\n\n\n\n<p>Personal de Coopser trabajaba para restituir el servicio de electricidad en el barrio La Tosquera, donde desde el lunes por la noche no hay luz luego de que delincuentes intentaran robar cables subterr\u00e1neos.<\/p>\n\n\n\n<p>Alrededor de las 20.00 del lunes la cooperativa envi\u00f3 una cuadrilla para analizar la situaci\u00f3n tras ser convocados porque todo el barrio Los Cazadores y la zona lindera se qued\u00f3 sin servicio, lo que tambi\u00e9n afectaba la bomba de agua que alimenta las viviendas del lugar.<\/p>\n\n\n\n<p>Desde Coopser confirmaron que se produjo el intento de robo: machetearon un poste con el objetivo de tirarlo y llevarse los cables de alta tensi\u00f3n que en ese tramo est\u00e1n soterrados y que siguen la l\u00ednea que proviene de la subestaci\u00f3n.<\/p>\n\n\n\n<p>Como de noche ya no pod\u00edan trabajar, el personal de la cooperativa retom\u00f3 las tareas a primera hora de este martes para cambiar el poste por uno nuevo y resolver el problema de manera tal que se restituya el servicio en el barrio.<\/p>\n\n\n\n<p>\u201cLo reparaban completamente hoy a la ma\u00f1ana, hoy se solucionaba seguro\u201d, inform\u00f3 el presidente de Coopser, Emilio Longueira a La Opini\u00f3n respecto de las tareas emprendidas por el personal para restituir la electricidad en la zona.<\/p>\n\n\n\n<figure class=\"wp-block-image size-large\"><img decoding=\"async\" width=\"1024\" height=\"576\" data-attachment-id=\"108037\" data-permalink=\"https:\/\/eldiariodesanpedro.com.ar\/sitio\/coopser-trabajo-esta-manana-para-restablecer-el-servicio-de-energia-electrica-tras-un-intento-de-robo-de-cables-en-la-tosquera\/whatsapp-image-2022-06-14-at-10-58-35-am\/\" data-orig-file=\"https:\/\/eldiariodesanpedro.com.ar\/sitio\/wp-content\/uploads\/2022\/06\/WhatsApp-Image-2022-06-14-at-10.58.35-AM.jpeg\" data-orig-size=\"1120,630\" data-comments-opened=\"0\" data-image-meta=\"{&quot;aperture&quot;:&quot;0&quot;,&quot;credit&quot;:&quot;&quot;,&quot;camera&quot;:&quot;&quot;,&quot;caption&quot;:&quot;&quot;,&quot;created_timestamp&quot;:&quot;0&quot;,&quot;copyright&quot;:&quot;&quot;,&quot;focal_length&quot;:&quot;0&quot;,&quot;iso&quot;:&quot;0&quot;,&quot;shutter_speed&quot;:&quot;0&quot;,&quot;title&quot;:&quot;&quot;,&quot;orientation&quot;:&quot;0&quot;}\" data-image-title=\"WhatsApp Image 2022-06-14 at 10.58.35 AM\" data-image-description=\"\" data-image-caption=\"\" data-large-file=\"https:\/\/eldiariodesanpedro.com.ar\/sitio\/wp-content\/uploads\/2022\/06\/WhatsApp-Image-2022-06-14-at-10.58.35-AM-1024x576.jpeg\" data-src=\"https:\/\/eldiariodesanpedro.com.ar\/sitio\/wp-content\/uploads\/2022\/06\/WhatsApp-Image-2022-06-14-at-10.58.35-AM-1024x576.jpeg\" alt=\"\" class=\"wp-image-108037 lazyload\" data-srcset=\"https:\/\/eldiariodesanpedro.com.ar\/sitio\/wp-content\/uploads\/2022\/06\/WhatsApp-Image-2022-06-14-at-10.58.35-AM-1024x576.jpeg 1024w, https:\/\/eldiariodesanpedro.com.ar\/sitio\/wp-content\/uploads\/2022\/06\/WhatsApp-Image-2022-06-14-at-10.58.35-AM-300x169.jpeg 300w, https:\/\/eldiariodesanpedro.com.ar\/sitio\/wp-content\/uploads\/2022\/06\/WhatsApp-Image-2022-06-14-at-10.58.35-AM-768x432.jpeg 768w, https:\/\/eldiariodesanpedro.com.ar\/sitio\/wp-content\/uploads\/2022\/06\/WhatsApp-Image-2022-06-14-at-10.58.35-AM.jpeg 1120w\" data-sizes=\"(max-width: 1024px) 100vw, 1024px\" src=\"data:image\/svg+xml;base64,PHN2ZyB3aWR0aD0iMSIgaGVpZ2h0PSIxIiB4bWxucz0iaHR0cDovL3d3dy53My5vcmcvMjAwMC9zdmciPjwvc3ZnPg==\" style=\"--smush-placeholder-width: 1024px; --smush-placeholder-aspect-ratio: 1024\/576;\" \/><\/figure>\n\n\n\n<p><a href=\"https:\/\/www.laopinionsemanario.com.ar\/secciones\/informacion-general\/\"><\/a><\/p>\n","protected":false},"excerpt":{"rendered":"<p>Desde el lunes por la noche la zona estaba sin servicio de electricidad. Este martes, Coopser dispuso una cuadrilla para resolver la situaci\u00f3n. Personal de Coopser trabajaba para restituir el servicio de electricidad en el barrio La Tosquera, donde desde el lunes por la noche no hay luz luego de que delincuentes intentaran robar cables [&hellip;]<\/p>\n","protected":false},"author":4,"featured_media":108036,"comment_status":"closed","ping_status":"closed","sticky":false,"template":"","format":"standard","meta":{"om_disable_all_campaigns":false,"_jetpack_memberships_contains_paid_content":false,"footnotes":""},"categories":[2],"tags":[197,33,95,19],"class_list":["post-108035","post","type-post","status-publish","format-standard","has-post-thumbnail","hentry","category-locales","tag-buenos-aires","tag-locales","tag-policiales","tag-san-pedro"],"aioseo_notices":[],"gutentor_comment":0,"jetpack_featured_media_url":"https:\/\/eldiariodesanpedro.com.ar\/sitio\/wp-content\/uploads\/2022\/06\/WhatsApp-Image-2022-06-14-at-10.58.34-AM.jpeg","jetpack_shortlink":"https:\/\/wp.me\/p6RhLt-s6v","jetpack_sharing_enabled":true,"_links":{"self":[{"href":"https:\/\/eldiariodesanpedro.com.ar\/sitio\/wp-json\/wp\/v2\/posts\/108035","targetHints":{"allow":["GET"]}}],"collection":[{"href":"https:\/\/eldiariodesanpedro.com.ar\/sitio\/wp-json\/wp\/v2\/posts"}],"about":[{"href":"https:\/\/eldiariodesanpedro.com.ar\/sitio\/wp-json\/wp\/v2\/types\/post"}],"author":[{"embeddable":true,"href":"https:\/\/eldiariodesanpedro.com.ar\/sitio\/wp-json\/wp\/v2\/users\/4"}],"replies":[{"embeddable":true,"href":"https:\/\/eldiariodesanpedro.com.ar\/sitio\/wp-json\/wp\/v2\/comments?post=108035"}],"version-history":[{"count":1,"href":"https:\/\/eldiariodesanpedro.com.ar\/sitio\/wp-json\/wp\/v2\/posts\/108035\/revisions"}],"predecessor-version":[{"id":108039,"href":"https:\/\/eldiariodesanpedro.com.ar\/sitio\/wp-json\/wp\/v2\/posts\/108035\/revisions\/108039"}],"wp:featuredmedia":[{"embeddable":true,"href":"https:\/\/eldiariodesanpedro.com.ar\/sitio\/wp-json\/wp\/v2\/media\/108036"}],"wp:attachment":[{"href":"https:\/\/eldiariodesanpedro.com.ar\/sitio\/wp-json\/wp\/v2\/media?parent=108035"}],"wp:term":[{"taxonomy":"category","embeddable":true,"href":"https:\/\/eldiariodesanpedro.com.ar\/sitio\/wp-json\/wp\/v2\/categories?post=108035"},{"taxonomy":"post_tag","embeddable":true,"href":"https:\/\/eldiariodesanpedro.com.ar\/sitio\/wp-json\/wp\/v2\/tags?post=108035"}],"curies":[{"name":"wp","href":"https:\/\/api.w.org\/{rel}","templated":true}]}}