{"id":108032,"date":"2022-06-14T12:52:29","date_gmt":"2022-06-14T15:52:29","guid":{"rendered":"https:\/\/eldiariodesanpedro.com.ar\/sitio\/?p=108032"},"modified":"2022-06-14T12:52:29","modified_gmt":"2022-06-14T15:52:29","slug":"se-recupero-un-celular-en-un-allanamiento-que-fue-robado-dentro-del-hospital","status":"publish","type":"post","link":"https:\/\/eldiariodesanpedro.com.ar\/sitio\/se-recupero-un-celular-en-un-allanamiento-que-fue-robado-dentro-del-hospital\/","title":{"rendered":"Se recupero un celular en un allanamiento que fue robado dentro del hospital"},"content":{"rendered":"<!-- VideographyWP Plugin Message: Automatic video embedding prevented by plugin options. -->\n\n<p>La Justicia autoriz\u00f3 el operativo en una vivienda de Alvear 1600 tras la denuncia de una mujer cuando estaba internada. Las im\u00e1genes de las c\u00e1maras de seguridad permitieron esclarecer el hecho. Una mujer de 30 a\u00f1os fue imputada en la causa.<\/p>\n\n\n\n<p>Personal policial recuper\u00f3 un tel\u00e9fono celular que hab\u00eda sido robado en el Hospital a una mujer cuando se encontraba internada.<\/p>\n\n\n\n<p>La investigaci\u00f3n, apoyada en las im\u00e1genes de las c\u00e1maras de videovigilancia del nosocomio, permiti\u00f3 esclarcer el hecho y solicitar a la Justicia un allanamiento.<\/p>\n\n\n\n<p>El procedimiento se cumpli\u00f3 este lunes por la tarde en una vivienda de Alvear 1600, donde la polic\u00eda encontr\u00f3 el tel\u00e9fono celular robado. En el lugar reside una mujer de 30 a\u00f1os que qued\u00f3 imputada en la causa.about:blank<\/p>\n\n\n\n<p>El robo fue denunciado por una joven de 29 a\u00f1os que estaba internada en el Hospital y sufri\u00f3 el hurto sin violencia de su dispositivo m\u00f3vil. Tras analizar las im\u00e1gens de las c\u00e1maras, Fiscal\u00eda pidi\u00f3 el allanamiento y recuper\u00f3 el objeto robado.<\/p>\n\n\n\n<p><a href=\"https:\/\/www.laopinionsemanario.com.ar\/secciones\/policiales\/\"><\/a><\/p>\n","protected":false},"excerpt":{"rendered":"<p>La Justicia autoriz\u00f3 el operativo en una vivienda de Alvear 1600 tras la denuncia de una mujer cuando estaba internada. Las im\u00e1genes de las c\u00e1maras de seguridad permitieron esclarecer el hecho. Una mujer de 30 a\u00f1os fue imputada en la causa. Personal policial recuper\u00f3 un tel\u00e9fono celular que hab\u00eda sido robado en el Hospital a [&hellip;]<\/p>\n","protected":false},"author":4,"featured_media":108033,"comment_status":"closed","ping_status":"closed","sticky":false,"template":"","format":"standard","meta":{"om_disable_all_campaigns":false,"_jetpack_memberships_contains_paid_content":false,"footnotes":""},"categories":[2,103],"tags":[197,33,95,19],"class_list":["post-108032","post","type-post","status-publish","format-standard","has-post-thumbnail","hentry","category-locales","category-policiales-locales","tag-buenos-aires","tag-locales","tag-policiales","tag-san-pedro"],"aioseo_notices":[],"gutentor_comment":0,"jetpack_featured_media_url":"https:\/\/eldiariodesanpedro.com.ar\/sitio\/wp-content\/uploads\/2022\/06\/5ab43a0c-965c-4684-85c0-86f96bd5d913.jpg","jetpack_shortlink":"https:\/\/wp.me\/p6RhLt-s6s","jetpack_sharing_enabled":true,"_links":{"self":[{"href":"https:\/\/eldiariodesanpedro.com.ar\/sitio\/wp-json\/wp\/v2\/posts\/108032","targetHints":{"allow":["GET"]}}],"collection":[{"href":"https:\/\/eldiariodesanpedro.com.ar\/sitio\/wp-json\/wp\/v2\/posts"}],"about":[{"href":"https:\/\/eldiariodesanpedro.com.ar\/sitio\/wp-json\/wp\/v2\/types\/post"}],"author":[{"embeddable":true,"href":"https:\/\/eldiariodesanpedro.com.ar\/sitio\/wp-json\/wp\/v2\/users\/4"}],"replies":[{"embeddable":true,"href":"https:\/\/eldiariodesanpedro.com.ar\/sitio\/wp-json\/wp\/v2\/comments?post=108032"}],"version-history":[{"count":1,"href":"https:\/\/eldiariodesanpedro.com.ar\/sitio\/wp-json\/wp\/v2\/posts\/108032\/revisions"}],"predecessor-version":[{"id":108034,"href":"https:\/\/eldiariodesanpedro.com.ar\/sitio\/wp-json\/wp\/v2\/posts\/108032\/revisions\/108034"}],"wp:featuredmedia":[{"embeddable":true,"href":"https:\/\/eldiariodesanpedro.com.ar\/sitio\/wp-json\/wp\/v2\/media\/108033"}],"wp:attachment":[{"href":"https:\/\/eldiariodesanpedro.com.ar\/sitio\/wp-json\/wp\/v2\/media?parent=108032"}],"wp:term":[{"taxonomy":"category","embeddable":true,"href":"https:\/\/eldiariodesanpedro.com.ar\/sitio\/wp-json\/wp\/v2\/categories?post=108032"},{"taxonomy":"post_tag","embeddable":true,"href":"https:\/\/eldiariodesanpedro.com.ar\/sitio\/wp-json\/wp\/v2\/tags?post=108032"}],"curies":[{"name":"wp","href":"https:\/\/api.w.org\/{rel}","templated":true}]}}