{"id":108028,"date":"2022-06-14T12:43:14","date_gmt":"2022-06-14T15:43:14","guid":{"rendered":"https:\/\/eldiariodesanpedro.com.ar\/sitio\/?p=108028"},"modified":"2022-06-14T12:43:15","modified_gmt":"2022-06-14T15:43:15","slug":"asesoramiento-para-acceder-al-programa-fomentar-empleo-2022","status":"publish","type":"post","link":"https:\/\/eldiariodesanpedro.com.ar\/sitio\/asesoramiento-para-acceder-al-programa-fomentar-empleo-2022\/","title":{"rendered":"Asesoramiento para acceder al programa Fomentar Empleo 2022"},"content":{"rendered":"<!-- VideographyWP Plugin Message: Automatic video embedding prevented by plugin options. -->\n\n<p>La Municipalidad de San Pedro, a trav\u00e9s de la Oficina de Empleo dependidente de la Secretar\u00eda de Desarrollo Encon\u00f3mico informa que se desarrollar\u00e1 un Operativo de Agencia M\u00f3vil el mi\u00e9rcoles 15 de junio desde las 9.30 hs en calle Mitre 800 en el que se asesorar\u00e1 a las personas interesadas en acceder al programa Fomentar Empleo que lleva adelante el Ministerio de Trabajo, Empleo y Seguridad Social de la Naci\u00f3n.<\/p>\n\n\n\n<p>El objetivo de la pol\u00edtica es asistir a quienes poseen dificultades de acceso a empleos formales a trav\u00e9s de acciones que mejoren sus competencias laborales y faciliten su inserci\u00f3n en empleos de calidad.<\/p>\n\n\n\n<p>Los ejes principales del programa son:<\/p>\n\n\n\n<ul class=\"wp-block-list\"><li>Orientaci\u00f3n laboral: informaci\u00f3n y asesoramiento sobre el mundo del trabajo.<\/li><li>Asistencia en la b\u00fasqueda de empleo: informaci\u00f3n y asesoramiento sobre el mercado laboral.<\/li><li>Entrenamiento para el trabajo: pr\u00e1cticas profesionales en ambientes laborales que permiten adquirir o reforzar habilidades y destrezas vinculadas al perfil profesional.<\/li><li>Formaci\u00f3n profesional: cursos de formaci\u00f3n profesional gratuitos ofrecidos por el Ministerio de Trabajo o instituciones educativas avaladas por el Ministerio.<\/li><li>Apoyo a la inserci\u00f3n laboral: acompa\u00f1amiento en la definici\u00f3n de un perfil laboral propio y sugerencias de formaci\u00f3n en funci\u00f3n de la propia historia, saberes y habilidades.<\/li><li>Programa de Inserci\u00f3n Laboral: incentivos econ\u00f3micos a las empresas para que contraten, como por ejemplo reducciones de Contribuciones patronales, lo cual aumenta las posibilidades de inserci\u00f3n en empleos de calidad.<\/li><\/ul>\n\n\n\n<p>A fin de garantizar la igualdad de oportunidades en el acceso al empleo y promover la transformaci\u00f3n de programas sociales en oportunidades de empleo, las personas que se encuentren en alguno de los grupos definidos a continuaci\u00f3n tendr\u00e1n prioridad para el acceso a prestaciones espec\u00edficas:<\/p>\n\n\n\n<ul class=\"wp-block-list\"><li>J\u00f3venes de 18 a 24 a\u00f1os, inclusive.<\/li><li>Mujeres de 25 a 59 a\u00f1os, inclusive.<\/li><li>Varones de 45 a 64 a\u00f1os, inclusive.<\/li><li>Personas de la diversidad sexo gen\u00e9rica.<\/li><li>Titulares del Programa Potenciar Empleo.<\/li><li>Personas con discapacidad que cuenten con Certificado \u00danico de Discapacidad (CUD) vigente y no est\u00e9n incluidas en el Programa Promover la Igualdad de Oportunidades de Empleo.<\/li><li>Otras poblaciones que poseen alto riesgo de exclusi\u00f3n del mercado laboral. Por ejemplo: personas privadas de la libertad, personas en situaci\u00f3n de trata o que sufrieron violencia de g\u00e9nero, comunidades ind\u00edgenas, entre otras.<\/li><\/ul>\n\n\n\n<p>Al finalizar la actividad, se llevar\u00e1 a cabo una recorrida por la zona c\u00e9ntrica de la ciudad en el marco del programa Contacto PyME, un espacio para darles a las PyMES asistencia t\u00e9cnica personalizada y capacitaci\u00f3n para fortalecer y desarrollar sus capacidades emprendedoras y promover herramientas de asistencia y apoyo.<\/p>\n\n\n\n<p>Para ampliar la informaci\u00f3n pueden comunicarse al WhatsApp de la Secretar\u00eda de Desarrollo Econ\u00f3mico al 3329648530 o a trav\u00e9s de las redes sociales oficiales.<\/p>\n\n\n\n<figure class=\"wp-block-image size-full\"><img decoding=\"async\" width=\"752\" height=\"630\" data-attachment-id=\"108030\" data-permalink=\"https:\/\/eldiariodesanpedro.com.ar\/sitio\/asesoramiento-para-acceder-al-programa-fomentar-empleo-2022\/whatsapp-image-2022-06-14-at-11-41-24-am\/\" data-orig-file=\"https:\/\/eldiariodesanpedro.com.ar\/sitio\/wp-content\/uploads\/2022\/06\/WhatsApp-Image-2022-06-14-at-11.41.24-AM.jpeg\" data-orig-size=\"752,630\" data-comments-opened=\"0\" data-image-meta=\"{&quot;aperture&quot;:&quot;0&quot;,&quot;credit&quot;:&quot;&quot;,&quot;camera&quot;:&quot;&quot;,&quot;caption&quot;:&quot;&quot;,&quot;created_timestamp&quot;:&quot;0&quot;,&quot;copyright&quot;:&quot;&quot;,&quot;focal_length&quot;:&quot;0&quot;,&quot;iso&quot;:&quot;0&quot;,&quot;shutter_speed&quot;:&quot;0&quot;,&quot;title&quot;:&quot;&quot;,&quot;orientation&quot;:&quot;0&quot;}\" data-image-title=\"WhatsApp Image 2022-06-14 at 11.41.24 AM\" data-image-description=\"\" data-image-caption=\"\" data-large-file=\"https:\/\/eldiariodesanpedro.com.ar\/sitio\/wp-content\/uploads\/2022\/06\/WhatsApp-Image-2022-06-14-at-11.41.24-AM.jpeg\" data-src=\"https:\/\/eldiariodesanpedro.com.ar\/sitio\/wp-content\/uploads\/2022\/06\/WhatsApp-Image-2022-06-14-at-11.41.24-AM.jpeg\" alt=\"\" class=\"wp-image-108030 lazyload\" data-srcset=\"https:\/\/eldiariodesanpedro.com.ar\/sitio\/wp-content\/uploads\/2022\/06\/WhatsApp-Image-2022-06-14-at-11.41.24-AM.jpeg 752w, https:\/\/eldiariodesanpedro.com.ar\/sitio\/wp-content\/uploads\/2022\/06\/WhatsApp-Image-2022-06-14-at-11.41.24-AM-300x251.jpeg 300w\" data-sizes=\"(max-width: 752px) 100vw, 752px\" src=\"data:image\/svg+xml;base64,PHN2ZyB3aWR0aD0iMSIgaGVpZ2h0PSIxIiB4bWxucz0iaHR0cDovL3d3dy53My5vcmcvMjAwMC9zdmciPjwvc3ZnPg==\" style=\"--smush-placeholder-width: 752px; --smush-placeholder-aspect-ratio: 752\/630;\" \/><\/figure>\n","protected":false},"excerpt":{"rendered":"<p>La Municipalidad de San Pedro, a trav\u00e9s de la Oficina de Empleo dependidente de la Secretar\u00eda de Desarrollo Encon\u00f3mico informa que se desarrollar\u00e1 un Operativo de Agencia M\u00f3vil el mi\u00e9rcoles 15 de junio desde las 9.30 hs en calle Mitre 800 en el que se asesorar\u00e1 a las personas interesadas en acceder al programa Fomentar [&hellip;]<\/p>\n","protected":false},"author":4,"featured_media":108029,"comment_status":"closed","ping_status":"closed","sticky":false,"template":"","format":"standard","meta":{"om_disable_all_campaigns":false,"_jetpack_memberships_contains_paid_content":false,"footnotes":""},"categories":[101,2],"tags":[197,696,33,19],"class_list":["post-108028","post","type-post","status-publish","format-standard","has-post-thumbnail","hentry","category-interes-general-locales","category-locales","tag-buenos-aires","tag-interes-general","tag-locales","tag-san-pedro"],"aioseo_notices":[],"gutentor_comment":0,"jetpack_featured_media_url":"https:\/\/eldiariodesanpedro.com.ar\/sitio\/wp-content\/uploads\/2022\/06\/619cd966efb3b_900.jpg","jetpack_shortlink":"https:\/\/wp.me\/p6RhLt-s6o","jetpack_sharing_enabled":true,"_links":{"self":[{"href":"https:\/\/eldiariodesanpedro.com.ar\/sitio\/wp-json\/wp\/v2\/posts\/108028","targetHints":{"allow":["GET"]}}],"collection":[{"href":"https:\/\/eldiariodesanpedro.com.ar\/sitio\/wp-json\/wp\/v2\/posts"}],"about":[{"href":"https:\/\/eldiariodesanpedro.com.ar\/sitio\/wp-json\/wp\/v2\/types\/post"}],"author":[{"embeddable":true,"href":"https:\/\/eldiariodesanpedro.com.ar\/sitio\/wp-json\/wp\/v2\/users\/4"}],"replies":[{"embeddable":true,"href":"https:\/\/eldiariodesanpedro.com.ar\/sitio\/wp-json\/wp\/v2\/comments?post=108028"}],"version-history":[{"count":1,"href":"https:\/\/eldiariodesanpedro.com.ar\/sitio\/wp-json\/wp\/v2\/posts\/108028\/revisions"}],"predecessor-version":[{"id":108031,"href":"https:\/\/eldiariodesanpedro.com.ar\/sitio\/wp-json\/wp\/v2\/posts\/108028\/revisions\/108031"}],"wp:featuredmedia":[{"embeddable":true,"href":"https:\/\/eldiariodesanpedro.com.ar\/sitio\/wp-json\/wp\/v2\/media\/108029"}],"wp:attachment":[{"href":"https:\/\/eldiariodesanpedro.com.ar\/sitio\/wp-json\/wp\/v2\/media?parent=108028"}],"wp:term":[{"taxonomy":"category","embeddable":true,"href":"https:\/\/eldiariodesanpedro.com.ar\/sitio\/wp-json\/wp\/v2\/categories?post=108028"},{"taxonomy":"post_tag","embeddable":true,"href":"https:\/\/eldiariodesanpedro.com.ar\/sitio\/wp-json\/wp\/v2\/tags?post=108028"}],"curies":[{"name":"wp","href":"https:\/\/api.w.org\/{rel}","templated":true}]}}