{"id":108024,"date":"2022-06-14T12:32:07","date_gmt":"2022-06-14T15:32:07","guid":{"rendered":"https:\/\/eldiariodesanpedro.com.ar\/sitio\/?p=108024"},"modified":"2022-06-14T12:32:08","modified_gmt":"2022-06-14T15:32:08","slug":"relevamiento-comercial-de-la-direccion-de-rentas","status":"publish","type":"post","link":"https:\/\/eldiariodesanpedro.com.ar\/sitio\/relevamiento-comercial-de-la-direccion-de-rentas\/","title":{"rendered":"Relevamiento comercial de la Direcci\u00f3n de Rentas"},"content":{"rendered":"<!-- VideographyWP Plugin Message: Automatic video embedding prevented by plugin options. -->\n\n<p>La Direcci\u00f3n de Rentas de la Municipalidad de San Pedro informa los resultados de la etapa 1 del relevamiento iniciado en el mes de marzo que comprendi\u00f3 el cuadrante de las calles 11 de septiembre, Caseros, Av. Espa\u00f1a y Crucero General Belgrano.<\/p>\n\n\n\n<p>Durante los trabajos realizados por personal del \u00e1rea fueron relevados 1314 comercios, de los cuales 986 (75%) contaban con la habilitaci\u00f3n correspondiente, 69 (5%) se encuentran cursando el proceso de habilitaci\u00f3n, 247 (19%) comercios fueron notificados como no habilitados y el 12 (1%) restante se encuentran exentos por ordenanza.<\/p>\n\n\n\n<p>De los comercios notificados como no habilitados, 53 (21%) iniciaron el tr\u00e1mite de habilitaci\u00f3n correspondiente y 194 (79%) recibi\u00f3 la segunda notificaci\u00f3n para regularizar su habilitaci\u00f3n.<\/p>\n\n\n\n<p>Adem\u00e1s, se notific\u00f3 a los comercios habilitados para que realicen el cumplimento de los deberes formales establecidos por ordenanza y leyes provinciales (REBA).<\/p>\n","protected":false},"excerpt":{"rendered":"<p>La Direcci\u00f3n de Rentas de la Municipalidad de San Pedro informa los resultados de la etapa 1 del relevamiento iniciado en el mes de marzo que comprendi\u00f3 el cuadrante de las calles 11 de septiembre, Caseros, Av. Espa\u00f1a y Crucero General Belgrano. Durante los trabajos realizados por personal del \u00e1rea fueron relevados 1314 comercios, de [&hellip;]<\/p>\n","protected":false},"author":4,"featured_media":106874,"comment_status":"closed","ping_status":"closed","sticky":false,"template":"","format":"standard","meta":{"om_disable_all_campaigns":false,"_jetpack_memberships_contains_paid_content":false,"footnotes":""},"categories":[50,101,2],"tags":[197,696,33,19],"class_list":["post-108024","post","type-post","status-publish","format-standard","has-post-thumbnail","hentry","category-destacadas","category-interes-general-locales","category-locales","tag-buenos-aires","tag-interes-general","tag-locales","tag-san-pedro"],"aioseo_notices":[],"gutentor_comment":0,"jetpack_featured_media_url":"https:\/\/eldiariodesanpedro.com.ar\/sitio\/wp-content\/uploads\/2022\/05\/san-pedro-buenos-aires-3936049418-L.jpg","jetpack_shortlink":"https:\/\/wp.me\/p6RhLt-s6k","jetpack_sharing_enabled":true,"_links":{"self":[{"href":"https:\/\/eldiariodesanpedro.com.ar\/sitio\/wp-json\/wp\/v2\/posts\/108024","targetHints":{"allow":["GET"]}}],"collection":[{"href":"https:\/\/eldiariodesanpedro.com.ar\/sitio\/wp-json\/wp\/v2\/posts"}],"about":[{"href":"https:\/\/eldiariodesanpedro.com.ar\/sitio\/wp-json\/wp\/v2\/types\/post"}],"author":[{"embeddable":true,"href":"https:\/\/eldiariodesanpedro.com.ar\/sitio\/wp-json\/wp\/v2\/users\/4"}],"replies":[{"embeddable":true,"href":"https:\/\/eldiariodesanpedro.com.ar\/sitio\/wp-json\/wp\/v2\/comments?post=108024"}],"version-history":[{"count":1,"href":"https:\/\/eldiariodesanpedro.com.ar\/sitio\/wp-json\/wp\/v2\/posts\/108024\/revisions"}],"predecessor-version":[{"id":108027,"href":"https:\/\/eldiariodesanpedro.com.ar\/sitio\/wp-json\/wp\/v2\/posts\/108024\/revisions\/108027"}],"wp:featuredmedia":[{"embeddable":true,"href":"https:\/\/eldiariodesanpedro.com.ar\/sitio\/wp-json\/wp\/v2\/media\/106874"}],"wp:attachment":[{"href":"https:\/\/eldiariodesanpedro.com.ar\/sitio\/wp-json\/wp\/v2\/media?parent=108024"}],"wp:term":[{"taxonomy":"category","embeddable":true,"href":"https:\/\/eldiariodesanpedro.com.ar\/sitio\/wp-json\/wp\/v2\/categories?post=108024"},{"taxonomy":"post_tag","embeddable":true,"href":"https:\/\/eldiariodesanpedro.com.ar\/sitio\/wp-json\/wp\/v2\/tags?post=108024"}],"curies":[{"name":"wp","href":"https:\/\/api.w.org\/{rel}","templated":true}]}}