{"id":108022,"date":"2022-06-14T11:48:46","date_gmt":"2022-06-14T14:48:46","guid":{"rendered":"https:\/\/eldiariodesanpedro.com.ar\/sitio\/?p=108022"},"modified":"2022-06-14T11:48:47","modified_gmt":"2022-06-14T14:48:47","slug":"anses-quienes-cobran-hoy-14-de-junio-jubilaciones-auh-suaf-aue","status":"publish","type":"post","link":"https:\/\/eldiariodesanpedro.com.ar\/sitio\/anses-quienes-cobran-hoy-14-de-junio-jubilaciones-auh-suaf-aue\/","title":{"rendered":"ANSES: qui\u00e9nes cobran hoy, 14 de junio, jubilaciones, AUH, SUAF, AUE"},"content":{"rendered":"<!-- VideographyWP Plugin Message: Automatic video embedding prevented by plugin options. -->\n\n<p>Contin\u00faa el calendario de pagos de Anses correspondiente al mes de junio. Mir\u00e1 qui\u00e9nes cobran este martes 14 de junio.<\/p>\n\n\n\n<p>La<strong>\u00a0Administraci\u00f3n Nacional de la Seguridad Social (ANSES)<\/strong>\u00a0contin\u00faa su\u00a0calendario\u00a0de\u00a0pagos\u00a0correspondientes al mes de\u00a0<strong>junio de 2022<\/strong>. En el mismo, constan las fechas de cobro de jubilaciones, pensiones, Asignaci\u00f3n Universal por Hijo (AUH), Asignaci\u00f3n Universal por Embarazo, Asignaciones Familiares, Pensiones No Contributivas y Programa Desempleo 1, 2 y 3, entre otros beneficios del organismo previsional.<\/p>\n\n\n\n<h2 class=\"wp-block-heading\">\u00bfQui\u00e9nes cobran ANSES este martes 14 de junio?<\/h2>\n\n\n\n<p>Este d\u00eda h\u00e1bil de junio cobran los beneficiarios y las beneficiarias de<strong>\u00a0jubilaciones y pensiones que sus haberes no superen los $42.178; Asignaci\u00f3n Familiar por Hijo y Asignaci\u00f3n Universal por Hijo; Asignaci\u00f3n por Embarazo y el Progresar.\u00a0<\/strong>Se trata del pago del haber correspondiente al mes en curso.<\/p>\n\n\n\n<h2 class=\"wp-block-heading\">Calendario de cobro de Jubilaciones y pensiones: Haberes que no superen los $42.178<\/h2>\n\n\n\n<ul class=\"wp-block-list\"><li><strong>DNI terminado en 4: 14 de junio.<\/strong><\/li><li>DNI terminado en 5: 15 de junio.<\/li><li>DNI terminado en 6: 16 de junio.<\/li><li>DNI terminado en 7: 16 de junio.<\/li><li>DNI terminado en 8: 21 de junio.<\/li><li>DNI terminado en 9: 22 de junio.<\/li><\/ul>\n\n\n\n<h2 class=\"wp-block-heading\">Calendario de cobro de Asignaci\u00f3n Familiar por Hijo y Asignaci\u00f3n Universal por Hijo<\/h2>\n\n\n\n<ul class=\"wp-block-list\"><li><strong>DNI terminado en 4: 14 de junio.<\/strong><\/li><li>DNI terminado en 5: 15 de junio.<\/li><li>DNI terminado en 6: 16 de junio.<\/li><li>DNI terminado en 7: 21 de junio.<\/li><li>DNI terminado en 8: 22 de junio.<\/li><li>DNI terminado en 9: 23 de junio.<\/li><\/ul>\n\n\n\n<h2 class=\"wp-block-heading\">Calendario de cobro de Progresar<\/h2>\n\n\n\n<ul class=\"wp-block-list\"><li><strong>DNI terminado en 4 y 5: martes 14 de junio.<\/strong><\/li><li>DNI terminado en 6 y 7: mi\u00e9rcoles 15 de junio.<\/li><li>DNI terminado en 8 y 9: jueves 16 de junio.<\/li><\/ul>\n\n\n\n<h2 class=\"wp-block-heading\">Calendario de Asignaci\u00f3n por Embarazo<\/h2>\n\n\n\n<ul class=\"wp-block-list\"><li><strong>DNI terminado en 2: 14 de junio.<\/strong><\/li><li>DNI terminado en 3: 15 de junio.<\/li><li>DNI terminado en 4: 16 de junio.<\/li><li>DNI terminado en 5: 16 de junio.<\/li><li>DNI terminado en 6: 21 de junio.<\/li><li>DNI terminado en 7: 22 de junio.<\/li><li>DNI terminado en 8: 23 de junio.<\/li><li>DNI terminado en 9: 24 de junio.<\/li><\/ul>\n\n\n\n<p>La primera quincena de las Asignaciones de Pago \u00danico en sus tres canales: matrimonio, adopci\u00f3n y nacimiento finalizaron el pasado domingo 12 de junio, y su segunda quincena desde el mi\u00e9rcoles 22 de junio al martes 12 de julio.<\/p>\n\n\n\n<p>La Administraci\u00f3n Nacional de la Seguridad Social (Anses) record\u00f3 que,<strong>&nbsp;si bien no tienen que solicitar turno para cobrar este beneficio, deben acercarse a la entidad bancaria \u00fanicamente en la fecha asignada.&nbsp;<\/strong>El resto de las prestaciones comenzar\u00e1 su calendario de pagos en los pr\u00f3ximos d\u00edas.<\/p>\n\n\n\n<p><a href=\"https:\/\/media.infocielo.com\/p\/30ab6a2245f504a85d5f228b788264d0\/adjuntos\/299\/imagenes\/001\/335\/0001335539\/887x0\/smart\/anses-cjpg.jpg\"><\/a><\/p>\n","protected":false},"excerpt":{"rendered":"<p>Contin\u00faa el calendario de pagos de Anses correspondiente al mes de junio. Mir\u00e1 qui\u00e9nes cobran este martes 14 de junio. La\u00a0Administraci\u00f3n Nacional de la Seguridad Social (ANSES)\u00a0contin\u00faa su\u00a0calendario\u00a0de\u00a0pagos\u00a0correspondientes al mes de\u00a0junio de 2022. En el mismo, constan las fechas de cobro de jubilaciones, pensiones, Asignaci\u00f3n Universal por Hijo (AUH), Asignaci\u00f3n Universal por Embarazo, Asignaciones Familiares, [&hellip;]<\/p>\n","protected":false},"author":4,"featured_media":100119,"comment_status":"closed","ping_status":"closed","sticky":false,"template":"","format":"standard","meta":{"om_disable_all_campaigns":false,"_jetpack_memberships_contains_paid_content":false,"footnotes":""},"categories":[50,101,2],"tags":[197,696,33,19],"class_list":["post-108022","post","type-post","status-publish","format-standard","has-post-thumbnail","hentry","category-destacadas","category-interes-general-locales","category-locales","tag-buenos-aires","tag-interes-general","tag-locales","tag-san-pedro"],"aioseo_notices":[],"gutentor_comment":0,"jetpack_featured_media_url":"https:\/\/eldiariodesanpedro.com.ar\/sitio\/wp-content\/uploads\/2021\/10\/ansesjpgjpg.jpg","jetpack_shortlink":"https:\/\/wp.me\/p6RhLt-s6i","jetpack_sharing_enabled":true,"_links":{"self":[{"href":"https:\/\/eldiariodesanpedro.com.ar\/sitio\/wp-json\/wp\/v2\/posts\/108022","targetHints":{"allow":["GET"]}}],"collection":[{"href":"https:\/\/eldiariodesanpedro.com.ar\/sitio\/wp-json\/wp\/v2\/posts"}],"about":[{"href":"https:\/\/eldiariodesanpedro.com.ar\/sitio\/wp-json\/wp\/v2\/types\/post"}],"author":[{"embeddable":true,"href":"https:\/\/eldiariodesanpedro.com.ar\/sitio\/wp-json\/wp\/v2\/users\/4"}],"replies":[{"embeddable":true,"href":"https:\/\/eldiariodesanpedro.com.ar\/sitio\/wp-json\/wp\/v2\/comments?post=108022"}],"version-history":[{"count":1,"href":"https:\/\/eldiariodesanpedro.com.ar\/sitio\/wp-json\/wp\/v2\/posts\/108022\/revisions"}],"predecessor-version":[{"id":108023,"href":"https:\/\/eldiariodesanpedro.com.ar\/sitio\/wp-json\/wp\/v2\/posts\/108022\/revisions\/108023"}],"wp:featuredmedia":[{"embeddable":true,"href":"https:\/\/eldiariodesanpedro.com.ar\/sitio\/wp-json\/wp\/v2\/media\/100119"}],"wp:attachment":[{"href":"https:\/\/eldiariodesanpedro.com.ar\/sitio\/wp-json\/wp\/v2\/media?parent=108022"}],"wp:term":[{"taxonomy":"category","embeddable":true,"href":"https:\/\/eldiariodesanpedro.com.ar\/sitio\/wp-json\/wp\/v2\/categories?post=108022"},{"taxonomy":"post_tag","embeddable":true,"href":"https:\/\/eldiariodesanpedro.com.ar\/sitio\/wp-json\/wp\/v2\/tags?post=108022"}],"curies":[{"name":"wp","href":"https:\/\/api.w.org\/{rel}","templated":true}]}}