{"id":108010,"date":"2022-06-13T21:27:48","date_gmt":"2022-06-14T00:27:48","guid":{"rendered":"https:\/\/eldiariodesanpedro.com.ar\/sitio\/?p=108010"},"modified":"2022-06-13T21:27:48","modified_gmt":"2022-06-14T00:27:48","slug":"continuan-las-tareas-en-la-obra-del-centro-de-infancia-junto-al-cic","status":"publish","type":"post","link":"https:\/\/eldiariodesanpedro.com.ar\/sitio\/continuan-las-tareas-en-la-obra-del-centro-de-infancia-junto-al-cic\/","title":{"rendered":"Contin\u00faan las tareas en la obra del Centro de Infancia junto al CIC"},"content":{"rendered":"<!-- VideographyWP Plugin Message: Automatic video embedding prevented by plugin options. -->\n\n<p>La Secretar\u00eda de Obras, Planeamiento y Catastro de la Municipalidad de San Pedro informa que contin\u00faan en marcha los trabajos en la obra del Centro de Infancia (CDI) que se construye como un anexo del CIC.<\/p>\n\n\n\n<p>La obra, que est\u00e1 dentro de la etapa 1 de los CDI y tendr\u00e1 una superficie cubierta de 300 m\u00b2 y contar\u00e1 con tres patios, salas de recreaci\u00f3n para ni\u00f1os y ni\u00f1as de 2, 3 y 4 a\u00f1os, una sala de lactancia, sanitarios que contemplan la accesibilidad plena, y dependencias de usos m\u00faltiples que podr\u00e1n ser utilizadas para brindar una atenci\u00f3n integral, asistencia nutricional, estimulaci\u00f3n temprana y psicomotricidad.<\/p>\n\n\n\n<p>El proyecto elaborado por la Secretar\u00eda de Desarrollo Humano fue encuadrado en el Programa de Infraestructura para Centros de Desarrollo Infantil que impulsan el Ministerio de Obras P\u00fablicas (MOP), en conjunto con el Ministerio de Desarrollo Social (MDS) tiene un presupuesto 43 millones de pesos.<\/p>\n\n\n\n<figure class=\"wp-block-image size-large\"><img decoding=\"async\" width=\"1024\" height=\"462\" data-attachment-id=\"108011\" data-permalink=\"https:\/\/eldiariodesanpedro.com.ar\/sitio\/continuan-las-tareas-en-la-obra-del-centro-de-infancia-junto-al-cic\/whatsapp-image-2022-06-13-at-4-45-27-pm-1\/\" data-orig-file=\"https:\/\/eldiariodesanpedro.com.ar\/sitio\/wp-content\/uploads\/2022\/06\/WhatsApp-Image-2022-06-13-at-4.45.27-PM-1.jpeg\" data-orig-size=\"1200,541\" data-comments-opened=\"0\" data-image-meta=\"{&quot;aperture&quot;:&quot;0&quot;,&quot;credit&quot;:&quot;&quot;,&quot;camera&quot;:&quot;&quot;,&quot;caption&quot;:&quot;&quot;,&quot;created_timestamp&quot;:&quot;0&quot;,&quot;copyright&quot;:&quot;&quot;,&quot;focal_length&quot;:&quot;0&quot;,&quot;iso&quot;:&quot;0&quot;,&quot;shutter_speed&quot;:&quot;0&quot;,&quot;title&quot;:&quot;&quot;,&quot;orientation&quot;:&quot;0&quot;}\" data-image-title=\"WhatsApp Image 2022-06-13 at 4.45.27 PM (1)\" data-image-description=\"\" data-image-caption=\"\" data-large-file=\"https:\/\/eldiariodesanpedro.com.ar\/sitio\/wp-content\/uploads\/2022\/06\/WhatsApp-Image-2022-06-13-at-4.45.27-PM-1-1024x462.jpeg\" data-src=\"https:\/\/eldiariodesanpedro.com.ar\/sitio\/wp-content\/uploads\/2022\/06\/WhatsApp-Image-2022-06-13-at-4.45.27-PM-1-1024x462.jpeg\" alt=\"\" class=\"wp-image-108011 lazyload\" data-srcset=\"https:\/\/eldiariodesanpedro.com.ar\/sitio\/wp-content\/uploads\/2022\/06\/WhatsApp-Image-2022-06-13-at-4.45.27-PM-1-1024x462.jpeg 1024w, https:\/\/eldiariodesanpedro.com.ar\/sitio\/wp-content\/uploads\/2022\/06\/WhatsApp-Image-2022-06-13-at-4.45.27-PM-1-300x135.jpeg 300w, https:\/\/eldiariodesanpedro.com.ar\/sitio\/wp-content\/uploads\/2022\/06\/WhatsApp-Image-2022-06-13-at-4.45.27-PM-1-768x346.jpeg 768w, https:\/\/eldiariodesanpedro.com.ar\/sitio\/wp-content\/uploads\/2022\/06\/WhatsApp-Image-2022-06-13-at-4.45.27-PM-1.jpeg 1200w\" data-sizes=\"(max-width: 1024px) 100vw, 1024px\" src=\"data:image\/svg+xml;base64,PHN2ZyB3aWR0aD0iMSIgaGVpZ2h0PSIxIiB4bWxucz0iaHR0cDovL3d3dy53My5vcmcvMjAwMC9zdmciPjwvc3ZnPg==\" style=\"--smush-placeholder-width: 1024px; --smush-placeholder-aspect-ratio: 1024\/462;\" \/><\/figure>\n\n\n\n<figure class=\"wp-block-image size-large\"><img decoding=\"async\" width=\"1024\" height=\"462\" data-attachment-id=\"108013\" data-permalink=\"https:\/\/eldiariodesanpedro.com.ar\/sitio\/continuan-las-tareas-en-la-obra-del-centro-de-infancia-junto-al-cic\/whatsapp-image-2022-06-13-at-4-45-28-pm\/\" data-orig-file=\"https:\/\/eldiariodesanpedro.com.ar\/sitio\/wp-content\/uploads\/2022\/06\/WhatsApp-Image-2022-06-13-at-4.45.28-PM.jpeg\" data-orig-size=\"1200,541\" data-comments-opened=\"0\" data-image-meta=\"{&quot;aperture&quot;:&quot;0&quot;,&quot;credit&quot;:&quot;&quot;,&quot;camera&quot;:&quot;&quot;,&quot;caption&quot;:&quot;&quot;,&quot;created_timestamp&quot;:&quot;0&quot;,&quot;copyright&quot;:&quot;&quot;,&quot;focal_length&quot;:&quot;0&quot;,&quot;iso&quot;:&quot;0&quot;,&quot;shutter_speed&quot;:&quot;0&quot;,&quot;title&quot;:&quot;&quot;,&quot;orientation&quot;:&quot;0&quot;}\" data-image-title=\"WhatsApp Image 2022-06-13 at 4.45.28 PM\" data-image-description=\"\" data-image-caption=\"\" data-large-file=\"https:\/\/eldiariodesanpedro.com.ar\/sitio\/wp-content\/uploads\/2022\/06\/WhatsApp-Image-2022-06-13-at-4.45.28-PM-1024x462.jpeg\" data-src=\"https:\/\/eldiariodesanpedro.com.ar\/sitio\/wp-content\/uploads\/2022\/06\/WhatsApp-Image-2022-06-13-at-4.45.28-PM-1024x462.jpeg\" alt=\"\" class=\"wp-image-108013 lazyload\" data-srcset=\"https:\/\/eldiariodesanpedro.com.ar\/sitio\/wp-content\/uploads\/2022\/06\/WhatsApp-Image-2022-06-13-at-4.45.28-PM-1024x462.jpeg 1024w, https:\/\/eldiariodesanpedro.com.ar\/sitio\/wp-content\/uploads\/2022\/06\/WhatsApp-Image-2022-06-13-at-4.45.28-PM-300x135.jpeg 300w, https:\/\/eldiariodesanpedro.com.ar\/sitio\/wp-content\/uploads\/2022\/06\/WhatsApp-Image-2022-06-13-at-4.45.28-PM-768x346.jpeg 768w, https:\/\/eldiariodesanpedro.com.ar\/sitio\/wp-content\/uploads\/2022\/06\/WhatsApp-Image-2022-06-13-at-4.45.28-PM.jpeg 1200w\" data-sizes=\"(max-width: 1024px) 100vw, 1024px\" src=\"data:image\/svg+xml;base64,PHN2ZyB3aWR0aD0iMSIgaGVpZ2h0PSIxIiB4bWxucz0iaHR0cDovL3d3dy53My5vcmcvMjAwMC9zdmciPjwvc3ZnPg==\" style=\"--smush-placeholder-width: 1024px; --smush-placeholder-aspect-ratio: 1024\/462;\" \/><\/figure>\n\n\n\n<figure class=\"wp-block-image size-large\"><img decoding=\"async\" width=\"1024\" height=\"462\" data-attachment-id=\"108014\" data-permalink=\"https:\/\/eldiariodesanpedro.com.ar\/sitio\/continuan-las-tareas-en-la-obra-del-centro-de-infancia-junto-al-cic\/whatsapp-image-2022-06-13-at-4-45-28-pm-1\/\" data-orig-file=\"https:\/\/eldiariodesanpedro.com.ar\/sitio\/wp-content\/uploads\/2022\/06\/WhatsApp-Image-2022-06-13-at-4.45.28-PM-1.jpeg\" data-orig-size=\"1200,541\" data-comments-opened=\"0\" data-image-meta=\"{&quot;aperture&quot;:&quot;0&quot;,&quot;credit&quot;:&quot;&quot;,&quot;camera&quot;:&quot;&quot;,&quot;caption&quot;:&quot;&quot;,&quot;created_timestamp&quot;:&quot;0&quot;,&quot;copyright&quot;:&quot;&quot;,&quot;focal_length&quot;:&quot;0&quot;,&quot;iso&quot;:&quot;0&quot;,&quot;shutter_speed&quot;:&quot;0&quot;,&quot;title&quot;:&quot;&quot;,&quot;orientation&quot;:&quot;0&quot;}\" data-image-title=\"WhatsApp Image 2022-06-13 at 4.45.28 PM (1)\" data-image-description=\"\" data-image-caption=\"\" data-large-file=\"https:\/\/eldiariodesanpedro.com.ar\/sitio\/wp-content\/uploads\/2022\/06\/WhatsApp-Image-2022-06-13-at-4.45.28-PM-1-1024x462.jpeg\" data-src=\"https:\/\/eldiariodesanpedro.com.ar\/sitio\/wp-content\/uploads\/2022\/06\/WhatsApp-Image-2022-06-13-at-4.45.28-PM-1-1024x462.jpeg\" alt=\"\" class=\"wp-image-108014 lazyload\" data-srcset=\"https:\/\/eldiariodesanpedro.com.ar\/sitio\/wp-content\/uploads\/2022\/06\/WhatsApp-Image-2022-06-13-at-4.45.28-PM-1-1024x462.jpeg 1024w, https:\/\/eldiariodesanpedro.com.ar\/sitio\/wp-content\/uploads\/2022\/06\/WhatsApp-Image-2022-06-13-at-4.45.28-PM-1-300x135.jpeg 300w, https:\/\/eldiariodesanpedro.com.ar\/sitio\/wp-content\/uploads\/2022\/06\/WhatsApp-Image-2022-06-13-at-4.45.28-PM-1-768x346.jpeg 768w, https:\/\/eldiariodesanpedro.com.ar\/sitio\/wp-content\/uploads\/2022\/06\/WhatsApp-Image-2022-06-13-at-4.45.28-PM-1.jpeg 1200w\" data-sizes=\"(max-width: 1024px) 100vw, 1024px\" src=\"data:image\/svg+xml;base64,PHN2ZyB3aWR0aD0iMSIgaGVpZ2h0PSIxIiB4bWxucz0iaHR0cDovL3d3dy53My5vcmcvMjAwMC9zdmciPjwvc3ZnPg==\" style=\"--smush-placeholder-width: 1024px; --smush-placeholder-aspect-ratio: 1024\/462;\" \/><\/figure>\n","protected":false},"excerpt":{"rendered":"<p>La Secretar\u00eda de Obras, Planeamiento y Catastro de la Municipalidad de San Pedro informa que contin\u00faan en marcha los trabajos en la obra del Centro de Infancia (CDI) que se construye como un anexo del CIC. La obra, que est\u00e1 dentro de la etapa 1 de los CDI y tendr\u00e1 una superficie cubierta de 300 [&hellip;]<\/p>\n","protected":false},"author":4,"featured_media":108012,"comment_status":"closed","ping_status":"closed","sticky":false,"template":"","format":"standard","meta":{"om_disable_all_campaigns":false,"_jetpack_memberships_contains_paid_content":false,"footnotes":""},"categories":[50,101,2],"tags":[197,696,33,19],"class_list":["post-108010","post","type-post","status-publish","format-standard","has-post-thumbnail","hentry","category-destacadas","category-interes-general-locales","category-locales","tag-buenos-aires","tag-interes-general","tag-locales","tag-san-pedro"],"aioseo_notices":[],"gutentor_comment":0,"jetpack_featured_media_url":"https:\/\/eldiariodesanpedro.com.ar\/sitio\/wp-content\/uploads\/2022\/06\/WhatsApp-Image-2022-06-13-at-4.45.27-PM.jpeg","jetpack_shortlink":"https:\/\/wp.me\/p6RhLt-s66","jetpack_sharing_enabled":true,"_links":{"self":[{"href":"https:\/\/eldiariodesanpedro.com.ar\/sitio\/wp-json\/wp\/v2\/posts\/108010","targetHints":{"allow":["GET"]}}],"collection":[{"href":"https:\/\/eldiariodesanpedro.com.ar\/sitio\/wp-json\/wp\/v2\/posts"}],"about":[{"href":"https:\/\/eldiariodesanpedro.com.ar\/sitio\/wp-json\/wp\/v2\/types\/post"}],"author":[{"embeddable":true,"href":"https:\/\/eldiariodesanpedro.com.ar\/sitio\/wp-json\/wp\/v2\/users\/4"}],"replies":[{"embeddable":true,"href":"https:\/\/eldiariodesanpedro.com.ar\/sitio\/wp-json\/wp\/v2\/comments?post=108010"}],"version-history":[{"count":1,"href":"https:\/\/eldiariodesanpedro.com.ar\/sitio\/wp-json\/wp\/v2\/posts\/108010\/revisions"}],"predecessor-version":[{"id":108015,"href":"https:\/\/eldiariodesanpedro.com.ar\/sitio\/wp-json\/wp\/v2\/posts\/108010\/revisions\/108015"}],"wp:featuredmedia":[{"embeddable":true,"href":"https:\/\/eldiariodesanpedro.com.ar\/sitio\/wp-json\/wp\/v2\/media\/108012"}],"wp:attachment":[{"href":"https:\/\/eldiariodesanpedro.com.ar\/sitio\/wp-json\/wp\/v2\/media?parent=108010"}],"wp:term":[{"taxonomy":"category","embeddable":true,"href":"https:\/\/eldiariodesanpedro.com.ar\/sitio\/wp-json\/wp\/v2\/categories?post=108010"},{"taxonomy":"post_tag","embeddable":true,"href":"https:\/\/eldiariodesanpedro.com.ar\/sitio\/wp-json\/wp\/v2\/tags?post=108010"}],"curies":[{"name":"wp","href":"https:\/\/api.w.org\/{rel}","templated":true}]}}