{"id":108004,"date":"2022-06-13T20:58:43","date_gmt":"2022-06-13T23:58:43","guid":{"rendered":"https:\/\/eldiariodesanpedro.com.ar\/sitio\/?p=108004"},"modified":"2022-06-13T20:58:44","modified_gmt":"2022-06-13T23:58:44","slug":"el-intendente-ramon-salazar-recibio-al-presidente-de-trenes-argentinos-quien-confirmo-la-reapertura-de-la-estacion-de-gobernador-castro","status":"publish","type":"post","link":"https:\/\/eldiariodesanpedro.com.ar\/sitio\/el-intendente-ramon-salazar-recibio-al-presidente-de-trenes-argentinos-quien-confirmo-la-reapertura-de-la-estacion-de-gobernador-castro\/","title":{"rendered":"El Intendente Ram\u00f3n Salazar recibi\u00f3 al Presidente de Trenes Argentinos quien confirm\u00f3 la reapertura de la estaci\u00f3n de Gobernador Castro"},"content":{"rendered":"<!-- VideographyWP Plugin Message: Automatic video embedding prevented by plugin options. -->\n\n<p>El Intendente Ram\u00f3n Salazar recibi\u00f3 al Presidente de Trenes Argentinos quien confirm\u00f3 la reapertura de la estaci\u00f3n de Gobernador Castro<\/p>\n\n\n\n<p>Esta tarde, en la estaci\u00f3n de ferrocarril el Intendente Dr. Ram\u00f3n Salazar recibi\u00f3 al Lic. Mart\u00edn Marinucci, presidente de Trenes Argentinos Operaciones y de Trenes Argentinos Infraestructura, quien visit\u00f3 la ciudad en el marco del Plan de Modernizaci\u00f3n del Transporte Ferroviario que lleva adelante el Ministerio de Transporte que conduce Alexis Guerrera.<\/p>\n\n\n\n<p>El ex Intendente y miembro del Directorio de Trenes Argentinos Cargas Cecilio Salazar, el gerente de la L\u00ednea Mitre Iv\u00e1n Kildoff, el delegado Municipal de Gobernador Castro \u00c1ngel \u00c1lvarez e integrantes de los equipos de los funcionarios participaron de esta recepci\u00f3n en la que se repasaron diferentes temas muy importantes para el Partido de San Pedro.<\/p>\n\n\n\n<p>Entre los temas charlados se destaca el compromiso asumido por los funcionarios para reacondicionar y poner en funcionamiento la estaci\u00f3n de Gobernador Castro para que, en un plazo de 75 a 90 d\u00edas, el recorrido que conecta las estaciones de Retiro y Rosario tenga su parada en la localidad. Adem\u00e1s, se incrementar\u00e1n las frecuencias y se reducir\u00e1n los tiempos de viaje una vez terminados los trabajos de recuperaci\u00f3n de dos formaciones.<\/p>\n\n\n\n<p>Luego de recorrer la estaci\u00f3n junto a los trabajadores de Trenes Argentinos, el Intendente Ram\u00f3n Salazar agradeci\u00f3 la visita y se mostr\u00f3 muy contento por el compromiso asumido por los funcionarios para recuperar la estaci\u00f3n y continuar mejorando un servicio que se utiliza mucho, remarcando adem\u00e1s el apoyo del Gobierno Nacional y Provincial que acompa\u00f1a los proyectos que se presentan.<\/p>\n\n\n\n<p>Mart\u00edn Marinucci se refiri\u00f3 al avance realizado este \u00faltimo tiempo con la empresa espa\u00f1ola Talgo para llevar a cabo los trabajos de recuperaci\u00f3n de las dos formaciones que se encontraban paradas hace 6 a\u00f1os y de esta manera poder tener m\u00e1s trenes circulando por estas v\u00edas.<\/p>\n\n\n\n<p>Por su parte, el ex Intendente Cecilio Salazar se mostr\u00f3 feliz por las gestiones que se vienen llevando a cabo y agradeci\u00f3 adem\u00e1s al Presidente de la C\u00e1mara de Diputados Sergio Massa por el acompa\u00f1amiento tras las gestiones realizadas en las \u00faltimas reuniones.<\/p>\n\n\n\n<p>\u201cLa presencia de Mart\u00edn, Iv\u00e1n y todos los funcionarios que lo acompa\u00f1an se debe a que hay decisi\u00f3n pol\u00edtica y viniendo de Sergio no me sorprende\u201d Manifest\u00f3 sobre el Presidente de la Camara de Diputados, a quien tambi\u00e9n agradeci\u00f3 por la obra que se llevar\u00e1 a cabo en el Puerto de San Pedro, la cual tiene su inicio aprobado por los Organismos del Estado de la Provincia de Buenos Aires.<\/p>\n\n\n\n<figure class=\"wp-block-image size-full\"><img decoding=\"async\" width=\"960\" height=\"630\" data-attachment-id=\"108007\" data-permalink=\"https:\/\/eldiariodesanpedro.com.ar\/sitio\/el-intendente-ramon-salazar-recibio-al-presidente-de-trenes-argentinos-quien-confirmo-la-reapertura-de-la-estacion-de-gobernador-castro\/whatsapp-image-2022-06-10-at-9-36-04-pm\/\" data-orig-file=\"https:\/\/eldiariodesanpedro.com.ar\/sitio\/wp-content\/uploads\/2022\/06\/WhatsApp-Image-2022-06-10-at-9.36.04-PM.jpeg\" data-orig-size=\"960,630\" data-comments-opened=\"0\" data-image-meta=\"{&quot;aperture&quot;:&quot;0&quot;,&quot;credit&quot;:&quot;&quot;,&quot;camera&quot;:&quot;&quot;,&quot;caption&quot;:&quot;&quot;,&quot;created_timestamp&quot;:&quot;0&quot;,&quot;copyright&quot;:&quot;&quot;,&quot;focal_length&quot;:&quot;0&quot;,&quot;iso&quot;:&quot;0&quot;,&quot;shutter_speed&quot;:&quot;0&quot;,&quot;title&quot;:&quot;&quot;,&quot;orientation&quot;:&quot;0&quot;}\" data-image-title=\"WhatsApp Image 2022-06-10 at 9.36.04 PM\" data-image-description=\"\" data-image-caption=\"\" data-large-file=\"https:\/\/eldiariodesanpedro.com.ar\/sitio\/wp-content\/uploads\/2022\/06\/WhatsApp-Image-2022-06-10-at-9.36.04-PM.jpeg\" data-src=\"https:\/\/eldiariodesanpedro.com.ar\/sitio\/wp-content\/uploads\/2022\/06\/WhatsApp-Image-2022-06-10-at-9.36.04-PM.jpeg\" alt=\"\" class=\"wp-image-108007 lazyload\" data-srcset=\"https:\/\/eldiariodesanpedro.com.ar\/sitio\/wp-content\/uploads\/2022\/06\/WhatsApp-Image-2022-06-10-at-9.36.04-PM.jpeg 960w, https:\/\/eldiariodesanpedro.com.ar\/sitio\/wp-content\/uploads\/2022\/06\/WhatsApp-Image-2022-06-10-at-9.36.04-PM-300x197.jpeg 300w, https:\/\/eldiariodesanpedro.com.ar\/sitio\/wp-content\/uploads\/2022\/06\/WhatsApp-Image-2022-06-10-at-9.36.04-PM-768x504.jpeg 768w\" data-sizes=\"(max-width: 960px) 100vw, 960px\" src=\"data:image\/svg+xml;base64,PHN2ZyB3aWR0aD0iMSIgaGVpZ2h0PSIxIiB4bWxucz0iaHR0cDovL3d3dy53My5vcmcvMjAwMC9zdmciPjwvc3ZnPg==\" style=\"--smush-placeholder-width: 960px; --smush-placeholder-aspect-ratio: 960\/630;\" \/><\/figure>\n\n\n\n<figure class=\"wp-block-image size-full\"><img decoding=\"async\" width=\"967\" height=\"630\" data-attachment-id=\"108006\" data-permalink=\"https:\/\/eldiariodesanpedro.com.ar\/sitio\/el-intendente-ramon-salazar-recibio-al-presidente-de-trenes-argentinos-quien-confirmo-la-reapertura-de-la-estacion-de-gobernador-castro\/whatsapp-image-2022-06-10-at-9-36-03-pm\/\" data-orig-file=\"https:\/\/eldiariodesanpedro.com.ar\/sitio\/wp-content\/uploads\/2022\/06\/WhatsApp-Image-2022-06-10-at-9.36.03-PM.jpeg\" data-orig-size=\"967,630\" data-comments-opened=\"0\" data-image-meta=\"{&quot;aperture&quot;:&quot;0&quot;,&quot;credit&quot;:&quot;&quot;,&quot;camera&quot;:&quot;&quot;,&quot;caption&quot;:&quot;&quot;,&quot;created_timestamp&quot;:&quot;0&quot;,&quot;copyright&quot;:&quot;&quot;,&quot;focal_length&quot;:&quot;0&quot;,&quot;iso&quot;:&quot;0&quot;,&quot;shutter_speed&quot;:&quot;0&quot;,&quot;title&quot;:&quot;&quot;,&quot;orientation&quot;:&quot;0&quot;}\" data-image-title=\"WhatsApp Image 2022-06-10 at 9.36.03 PM\" data-image-description=\"\" data-image-caption=\"\" data-large-file=\"https:\/\/eldiariodesanpedro.com.ar\/sitio\/wp-content\/uploads\/2022\/06\/WhatsApp-Image-2022-06-10-at-9.36.03-PM.jpeg\" data-src=\"https:\/\/eldiariodesanpedro.com.ar\/sitio\/wp-content\/uploads\/2022\/06\/WhatsApp-Image-2022-06-10-at-9.36.03-PM.jpeg\" alt=\"\" class=\"wp-image-108006 lazyload\" data-srcset=\"https:\/\/eldiariodesanpedro.com.ar\/sitio\/wp-content\/uploads\/2022\/06\/WhatsApp-Image-2022-06-10-at-9.36.03-PM.jpeg 967w, https:\/\/eldiariodesanpedro.com.ar\/sitio\/wp-content\/uploads\/2022\/06\/WhatsApp-Image-2022-06-10-at-9.36.03-PM-300x195.jpeg 300w, https:\/\/eldiariodesanpedro.com.ar\/sitio\/wp-content\/uploads\/2022\/06\/WhatsApp-Image-2022-06-10-at-9.36.03-PM-768x500.jpeg 768w\" data-sizes=\"(max-width: 967px) 100vw, 967px\" src=\"data:image\/svg+xml;base64,PHN2ZyB3aWR0aD0iMSIgaGVpZ2h0PSIxIiB4bWxucz0iaHR0cDovL3d3dy53My5vcmcvMjAwMC9zdmciPjwvc3ZnPg==\" style=\"--smush-placeholder-width: 967px; --smush-placeholder-aspect-ratio: 967\/630;\" \/><\/figure>\n\n\n\n<figure class=\"wp-block-image size-full\"><img decoding=\"async\" width=\"960\" height=\"630\" data-attachment-id=\"108007\" data-permalink=\"https:\/\/eldiariodesanpedro.com.ar\/sitio\/el-intendente-ramon-salazar-recibio-al-presidente-de-trenes-argentinos-quien-confirmo-la-reapertura-de-la-estacion-de-gobernador-castro\/whatsapp-image-2022-06-10-at-9-36-04-pm\/\" data-orig-file=\"https:\/\/eldiariodesanpedro.com.ar\/sitio\/wp-content\/uploads\/2022\/06\/WhatsApp-Image-2022-06-10-at-9.36.04-PM.jpeg\" data-orig-size=\"960,630\" data-comments-opened=\"0\" data-image-meta=\"{&quot;aperture&quot;:&quot;0&quot;,&quot;credit&quot;:&quot;&quot;,&quot;camera&quot;:&quot;&quot;,&quot;caption&quot;:&quot;&quot;,&quot;created_timestamp&quot;:&quot;0&quot;,&quot;copyright&quot;:&quot;&quot;,&quot;focal_length&quot;:&quot;0&quot;,&quot;iso&quot;:&quot;0&quot;,&quot;shutter_speed&quot;:&quot;0&quot;,&quot;title&quot;:&quot;&quot;,&quot;orientation&quot;:&quot;0&quot;}\" data-image-title=\"WhatsApp Image 2022-06-10 at 9.36.04 PM\" data-image-description=\"\" data-image-caption=\"\" data-large-file=\"https:\/\/eldiariodesanpedro.com.ar\/sitio\/wp-content\/uploads\/2022\/06\/WhatsApp-Image-2022-06-10-at-9.36.04-PM.jpeg\" data-src=\"https:\/\/eldiariodesanpedro.com.ar\/sitio\/wp-content\/uploads\/2022\/06\/WhatsApp-Image-2022-06-10-at-9.36.04-PM.jpeg\" alt=\"\" class=\"wp-image-108007 lazyload\" data-srcset=\"https:\/\/eldiariodesanpedro.com.ar\/sitio\/wp-content\/uploads\/2022\/06\/WhatsApp-Image-2022-06-10-at-9.36.04-PM.jpeg 960w, https:\/\/eldiariodesanpedro.com.ar\/sitio\/wp-content\/uploads\/2022\/06\/WhatsApp-Image-2022-06-10-at-9.36.04-PM-300x197.jpeg 300w, https:\/\/eldiariodesanpedro.com.ar\/sitio\/wp-content\/uploads\/2022\/06\/WhatsApp-Image-2022-06-10-at-9.36.04-PM-768x504.jpeg 768w\" data-sizes=\"(max-width: 960px) 100vw, 960px\" src=\"data:image\/svg+xml;base64,PHN2ZyB3aWR0aD0iMSIgaGVpZ2h0PSIxIiB4bWxucz0iaHR0cDovL3d3dy53My5vcmcvMjAwMC9zdmciPjwvc3ZnPg==\" style=\"--smush-placeholder-width: 960px; --smush-placeholder-aspect-ratio: 960\/630;\" \/><\/figure>\n\n\n\n<figure class=\"wp-block-image size-full\"><img decoding=\"async\" width=\"945\" height=\"630\" data-attachment-id=\"108005\" data-permalink=\"https:\/\/eldiariodesanpedro.com.ar\/sitio\/el-intendente-ramon-salazar-recibio-al-presidente-de-trenes-argentinos-quien-confirmo-la-reapertura-de-la-estacion-de-gobernador-castro\/whatsapp-image-2022-06-10-at-9-36-02-pm\/\" data-orig-file=\"https:\/\/eldiariodesanpedro.com.ar\/sitio\/wp-content\/uploads\/2022\/06\/WhatsApp-Image-2022-06-10-at-9.36.02-PM.jpeg\" data-orig-size=\"945,630\" data-comments-opened=\"0\" data-image-meta=\"{&quot;aperture&quot;:&quot;0&quot;,&quot;credit&quot;:&quot;&quot;,&quot;camera&quot;:&quot;&quot;,&quot;caption&quot;:&quot;&quot;,&quot;created_timestamp&quot;:&quot;0&quot;,&quot;copyright&quot;:&quot;&quot;,&quot;focal_length&quot;:&quot;0&quot;,&quot;iso&quot;:&quot;0&quot;,&quot;shutter_speed&quot;:&quot;0&quot;,&quot;title&quot;:&quot;&quot;,&quot;orientation&quot;:&quot;0&quot;}\" data-image-title=\"WhatsApp Image 2022-06-10 at 9.36.02 PM\" data-image-description=\"\" data-image-caption=\"\" data-large-file=\"https:\/\/eldiariodesanpedro.com.ar\/sitio\/wp-content\/uploads\/2022\/06\/WhatsApp-Image-2022-06-10-at-9.36.02-PM.jpeg\" data-src=\"https:\/\/eldiariodesanpedro.com.ar\/sitio\/wp-content\/uploads\/2022\/06\/WhatsApp-Image-2022-06-10-at-9.36.02-PM.jpeg\" alt=\"\" class=\"wp-image-108005 lazyload\" data-srcset=\"https:\/\/eldiariodesanpedro.com.ar\/sitio\/wp-content\/uploads\/2022\/06\/WhatsApp-Image-2022-06-10-at-9.36.02-PM.jpeg 945w, https:\/\/eldiariodesanpedro.com.ar\/sitio\/wp-content\/uploads\/2022\/06\/WhatsApp-Image-2022-06-10-at-9.36.02-PM-300x200.jpeg 300w, https:\/\/eldiariodesanpedro.com.ar\/sitio\/wp-content\/uploads\/2022\/06\/WhatsApp-Image-2022-06-10-at-9.36.02-PM-768x512.jpeg 768w\" data-sizes=\"(max-width: 945px) 100vw, 945px\" src=\"data:image\/svg+xml;base64,PHN2ZyB3aWR0aD0iMSIgaGVpZ2h0PSIxIiB4bWxucz0iaHR0cDovL3d3dy53My5vcmcvMjAwMC9zdmciPjwvc3ZnPg==\" style=\"--smush-placeholder-width: 945px; --smush-placeholder-aspect-ratio: 945\/630;\" \/><\/figure>\n","protected":false},"excerpt":{"rendered":"<p>El Intendente Ram\u00f3n Salazar recibi\u00f3 al Presidente de Trenes Argentinos quien confirm\u00f3 la reapertura de la estaci\u00f3n de Gobernador Castro Esta tarde, en la estaci\u00f3n de ferrocarril el Intendente Dr. Ram\u00f3n Salazar recibi\u00f3 al Lic. Mart\u00edn Marinucci, presidente de Trenes Argentinos Operaciones y de Trenes Argentinos Infraestructura, quien visit\u00f3 la ciudad en el marco del [&hellip;]<\/p>\n","protected":false},"author":4,"featured_media":108008,"comment_status":"closed","ping_status":"closed","sticky":false,"template":"","format":"standard","meta":{"om_disable_all_campaigns":false,"_jetpack_memberships_contains_paid_content":false,"footnotes":""},"categories":[101,2],"tags":[197,696,33,19],"class_list":["post-108004","post","type-post","status-publish","format-standard","has-post-thumbnail","hentry","category-interes-general-locales","category-locales","tag-buenos-aires","tag-interes-general","tag-locales","tag-san-pedro"],"aioseo_notices":[],"gutentor_comment":0,"jetpack_featured_media_url":"https:\/\/eldiariodesanpedro.com.ar\/sitio\/wp-content\/uploads\/2022\/06\/WhatsApp-Image-2022-06-10-at-9.36.05-PM.jpeg","jetpack_shortlink":"https:\/\/wp.me\/p6RhLt-s60","jetpack_sharing_enabled":true,"_links":{"self":[{"href":"https:\/\/eldiariodesanpedro.com.ar\/sitio\/wp-json\/wp\/v2\/posts\/108004","targetHints":{"allow":["GET"]}}],"collection":[{"href":"https:\/\/eldiariodesanpedro.com.ar\/sitio\/wp-json\/wp\/v2\/posts"}],"about":[{"href":"https:\/\/eldiariodesanpedro.com.ar\/sitio\/wp-json\/wp\/v2\/types\/post"}],"author":[{"embeddable":true,"href":"https:\/\/eldiariodesanpedro.com.ar\/sitio\/wp-json\/wp\/v2\/users\/4"}],"replies":[{"embeddable":true,"href":"https:\/\/eldiariodesanpedro.com.ar\/sitio\/wp-json\/wp\/v2\/comments?post=108004"}],"version-history":[{"count":1,"href":"https:\/\/eldiariodesanpedro.com.ar\/sitio\/wp-json\/wp\/v2\/posts\/108004\/revisions"}],"predecessor-version":[{"id":108009,"href":"https:\/\/eldiariodesanpedro.com.ar\/sitio\/wp-json\/wp\/v2\/posts\/108004\/revisions\/108009"}],"wp:featuredmedia":[{"embeddable":true,"href":"https:\/\/eldiariodesanpedro.com.ar\/sitio\/wp-json\/wp\/v2\/media\/108008"}],"wp:attachment":[{"href":"https:\/\/eldiariodesanpedro.com.ar\/sitio\/wp-json\/wp\/v2\/media?parent=108004"}],"wp:term":[{"taxonomy":"category","embeddable":true,"href":"https:\/\/eldiariodesanpedro.com.ar\/sitio\/wp-json\/wp\/v2\/categories?post=108004"},{"taxonomy":"post_tag","embeddable":true,"href":"https:\/\/eldiariodesanpedro.com.ar\/sitio\/wp-json\/wp\/v2\/tags?post=108004"}],"curies":[{"name":"wp","href":"https:\/\/api.w.org\/{rel}","templated":true}]}}