{"id":107989,"date":"2022-06-13T19:51:13","date_gmt":"2022-06-13T22:51:13","guid":{"rendered":"https:\/\/eldiariodesanpedro.com.ar\/sitio\/?p=107989"},"modified":"2022-06-13T19:51:14","modified_gmt":"2022-06-13T22:51:14","slug":"transeuntes-y-vecinos-retuvieron-a-un-delincuente-que-momentos-antes-habia-robado-un-celular-a-una-estudiante","status":"publish","type":"post","link":"https:\/\/eldiariodesanpedro.com.ar\/sitio\/transeuntes-y-vecinos-retuvieron-a-un-delincuente-que-momentos-antes-habia-robado-un-celular-a-una-estudiante\/","title":{"rendered":"Transe\u00fantes y vecinos retuvieron a un delincuente que momentos antes hab\u00eda robado un celular a una estudiante"},"content":{"rendered":"<!-- VideographyWP Plugin Message: Automatic video embedding prevented by plugin options. -->\n\n<p>S\u00ed bien del hecho no trascendieron demasiados detalles se supo que la v\u00edctima era una alumna de la escuela normal y el ladr\u00f3n un reconocido joven con frondosos antecedentes que recibi\u00f3 una feroz golpiza por parte de los vecinos.<\/p>\n\n\n\n<p>Hartos de los constantes hechos delictivos en la zona y buscando hacer justicia por mano propia, varias personas salieron en defensa de una mujer que fue sorprendida por un delincuente en plena v\u00eda p\u00fablica.<\/p>\n\n\n\n<p>Un grupo de vecinos logr\u00f3 detener a un joven que momentos antes hab\u00eda robado a la v\u00edctima. El incidente se produjo en la noche del viernes cuando el ladr\u00f3n hab\u00eda arrebatado un celular a una joven que cursa en horario nocturno en la Escuela Normal.<\/p>\n\n\n\n<p>El sujeto tras sustraer el tel\u00e9fono huy\u00f3 de a pie pero otras personas que advirtieron lo que hab\u00eda sucedido fueron tras \u00e9l.<\/p>\n\n\n\n<p>El joven, de reconocida trayectoria delictual en nuestra localidad, fue alcanzado en inmediaciones de las calles 11 de Septiembre y Lavalle en donde las personas que le dieron alcance, m\u00e1s otras que pasaban por el lugar ocasionalmente, se sumaron al ver lo que hab\u00eda sucedido y le propinaron una feroz golpiza provoc\u00e1ndole contusiones en distintas partes del cuerpo adem\u00e1s de recuperar el celular que le hab\u00eda robado a la alumna.<\/p>\n\n\n\n<p>Posteriormente el arribo del personal policial hizo que el joven pueda ser aprehendido y trasladado a la Comisar\u00eda para ser puesto a disposici\u00f3n de la justicia y recibir las curaciones correspondientes en el hospital luego de haber sufrido la golpiza.<\/p>\n","protected":false},"excerpt":{"rendered":"<p>S\u00ed bien del hecho no trascendieron demasiados detalles se supo que la v\u00edctima era una alumna de la escuela normal y el ladr\u00f3n un reconocido joven con frondosos antecedentes que recibi\u00f3 una feroz golpiza por parte de los vecinos. Hartos de los constantes hechos delictivos en la zona y buscando hacer justicia por mano propia, [&hellip;]<\/p>\n","protected":false},"author":4,"featured_media":107987,"comment_status":"closed","ping_status":"closed","sticky":false,"template":"","format":"standard","meta":{"om_disable_all_campaigns":false,"_jetpack_memberships_contains_paid_content":false,"footnotes":""},"categories":[2,103],"tags":[197,33,95,19],"class_list":["post-107989","post","type-post","status-publish","format-standard","has-post-thumbnail","hentry","category-locales","category-policiales-locales","tag-buenos-aires","tag-locales","tag-policiales","tag-san-pedro"],"aioseo_notices":[],"gutentor_comment":0,"jetpack_featured_media_url":"https:\/\/eldiariodesanpedro.com.ar\/sitio\/wp-content\/uploads\/2022\/06\/Delincuente-agredido.jpg","jetpack_shortlink":"https:\/\/wp.me\/p6RhLt-s5L","jetpack_sharing_enabled":true,"_links":{"self":[{"href":"https:\/\/eldiariodesanpedro.com.ar\/sitio\/wp-json\/wp\/v2\/posts\/107989","targetHints":{"allow":["GET"]}}],"collection":[{"href":"https:\/\/eldiariodesanpedro.com.ar\/sitio\/wp-json\/wp\/v2\/posts"}],"about":[{"href":"https:\/\/eldiariodesanpedro.com.ar\/sitio\/wp-json\/wp\/v2\/types\/post"}],"author":[{"embeddable":true,"href":"https:\/\/eldiariodesanpedro.com.ar\/sitio\/wp-json\/wp\/v2\/users\/4"}],"replies":[{"embeddable":true,"href":"https:\/\/eldiariodesanpedro.com.ar\/sitio\/wp-json\/wp\/v2\/comments?post=107989"}],"version-history":[{"count":1,"href":"https:\/\/eldiariodesanpedro.com.ar\/sitio\/wp-json\/wp\/v2\/posts\/107989\/revisions"}],"predecessor-version":[{"id":107991,"href":"https:\/\/eldiariodesanpedro.com.ar\/sitio\/wp-json\/wp\/v2\/posts\/107989\/revisions\/107991"}],"wp:featuredmedia":[{"embeddable":true,"href":"https:\/\/eldiariodesanpedro.com.ar\/sitio\/wp-json\/wp\/v2\/media\/107987"}],"wp:attachment":[{"href":"https:\/\/eldiariodesanpedro.com.ar\/sitio\/wp-json\/wp\/v2\/media?parent=107989"}],"wp:term":[{"taxonomy":"category","embeddable":true,"href":"https:\/\/eldiariodesanpedro.com.ar\/sitio\/wp-json\/wp\/v2\/categories?post=107989"},{"taxonomy":"post_tag","embeddable":true,"href":"https:\/\/eldiariodesanpedro.com.ar\/sitio\/wp-json\/wp\/v2\/tags?post=107989"}],"curies":[{"name":"wp","href":"https:\/\/api.w.org\/{rel}","templated":true}]}}