{"id":107981,"date":"2022-06-13T19:40:46","date_gmt":"2022-06-13T22:40:46","guid":{"rendered":"https:\/\/eldiariodesanpedro.com.ar\/sitio\/?p=107981"},"modified":"2022-06-13T19:40:47","modified_gmt":"2022-06-13T22:40:47","slug":"cooperativa-independencia-este-es-el-terreno-que-la-municipalidad-advirtio-que-no-sean-comprados%ef%bf%bc%ef%bf%bc","status":"publish","type":"post","link":"https:\/\/eldiariodesanpedro.com.ar\/sitio\/cooperativa-independencia-este-es-el-terreno-que-la-municipalidad-advirtio-que-no-sean-comprados%ef%bf%bc%ef%bf%bc\/","title":{"rendered":"Cooperativa Independencia: este es el terreno que la municipalidad advirti\u00f3 que no sean comprados\ufffc\ufffc"},"content":{"rendered":"<!-- VideographyWP Plugin Message: Automatic video embedding prevented by plugin options. -->\n\n<p>El m\u00f3vil de Sin Galera recorri\u00f3 el predio ubicado en Mateo Sbert y General Pueyrred\u00f3n. Las dimensiones no son suficientes para los 54 lotes que publicitaban, si se respetan las medidas que establece la normativa. En el lugar hab\u00eda mojones para marcar las parcelas de 6 metros por 25 que vend\u00edan pero que no se podr\u00edan escriturar.<\/p>\n\n\n\n<p>\u201cGran oportunidad de llegar a tu terreno, a 5 minutos del centro de San Pedro. S\u00f3lo con DNI y una entrega de 200.000 pesos ya pod\u00e9s empezar a construir y lo financi\u00e1s en cuotas de 25 mil pesos. Lotes de 6\u00d725\u201d, dice una de las publicidades que todav\u00eda pueden verse en redes sociales para el denominado \u201cbarrio cooperativa Independencia\u201d, sobre el que\u00a0la Municipalidad lanz\u00f3 una advertencia por \u201cintento de estafa\u201d.<\/p>\n\n\n\n<p>El s\u00e1bado, el m\u00f3vil de Sin Galera recorri\u00f3 el predio, ubicado en Mateo Sbert y General Pueyrred\u00f3n, propiedad de una persona de apellido Gomila, seg\u00fan un asesor de ventas de nombre V\u00edctor que\u00a0atendi\u00f3 a dos mujeres interesadas en comprar un terreno\u00a0y que se reunieron con \u00e9l en una oficina del Paseo de los Naranjos.<\/p>\n\n\n\n<p>En el lugar, situado frente a la cancha de Independencia y al lado de la de f\u00fatbol infantil del mismo club, no entran 54 lotes, que es la cantidad que anuncian en las publicidades en redes sociales, si se mide seg\u00fan las dimensiones obligatorias que manda la normativa vigente, que prev\u00e9 un m\u00ednimo de 10 metros de frente.<\/p>\n\n\n\n<p>En el predio hay mojones que delimitan los lotes que pretend\u00edan vender y sobre los que nadie podr\u00eda escriturar, raz\u00f3n por la que el Gobierno municipal, a trav\u00e9s de la Secretar\u00eda de Obras y Catastro que conduce Javier Silva, advirti\u00f3 la situaci\u00f3n p\u00fablicamente y pidi\u00f3 \u201cno realizar ning\u00fan pago, reserva u operaci\u00f3n\u00a0que implique la entrega de datos personales y econ\u00f3micos\u201d.<\/p>\n\n\n\n<p>Al menos dos asesores de ventas a los que consult\u00f3&nbsp;<strong>La Opini\u00f3n&nbsp;<\/strong>se\u00f1alaron a una inmobiliaria cuyo titular asegur\u00f3 que no tiene nada que ver con el tema y que si bien en alg\u00fan momento tuvo ese terreno entre su cartera de clientes ya no lo ten\u00eda. A los vendedores les sorprendi\u00f3 la respuesta.<\/p>\n\n\n\n<p>Seg\u00fan pudo saber este medio, hay al menos una persona que habr\u00eda entregado 200 mil pesos como primer desembolso para empezar a construir y pagar las cuotas subsiguientes a quien le aseguraron que recuperar\u00eda el dinero tras la difusi\u00f3n de lo que Silva consider\u00f3 \u201cun enga\u00f1o\u201d.<\/p>\n\n\n\n<figure class=\"wp-block-image size-large\"><img decoding=\"async\" width=\"1024\" height=\"577\" data-attachment-id=\"107983\" data-permalink=\"https:\/\/eldiariodesanpedro.com.ar\/sitio\/cooperativa-independencia-este-es-el-terreno-que-la-municipalidad-advirtio-que-no-sean-comprados%ef%bf%bc%ef%bf%bc\/033e5e01-7148-427a-a83d-3fc46d05fead\/\" data-orig-file=\"https:\/\/eldiariodesanpedro.com.ar\/sitio\/wp-content\/uploads\/2022\/06\/033e5e01-7148-427a-a83d-3fc46d05fead.jpg\" data-orig-size=\"1119,630\" data-comments-opened=\"0\" data-image-meta=\"{&quot;aperture&quot;:&quot;0&quot;,&quot;credit&quot;:&quot;&quot;,&quot;camera&quot;:&quot;&quot;,&quot;caption&quot;:&quot;&quot;,&quot;created_timestamp&quot;:&quot;0&quot;,&quot;copyright&quot;:&quot;&quot;,&quot;focal_length&quot;:&quot;0&quot;,&quot;iso&quot;:&quot;0&quot;,&quot;shutter_speed&quot;:&quot;0&quot;,&quot;title&quot;:&quot;&quot;,&quot;orientation&quot;:&quot;0&quot;}\" data-image-title=\"033e5e01-7148-427a-a83d-3fc46d05fead\" data-image-description=\"\" data-image-caption=\"\" data-large-file=\"https:\/\/eldiariodesanpedro.com.ar\/sitio\/wp-content\/uploads\/2022\/06\/033e5e01-7148-427a-a83d-3fc46d05fead-1024x577.jpg\" data-src=\"https:\/\/eldiariodesanpedro.com.ar\/sitio\/wp-content\/uploads\/2022\/06\/033e5e01-7148-427a-a83d-3fc46d05fead-1024x577.jpg\" alt=\"\" class=\"wp-image-107983 lazyload\" data-srcset=\"https:\/\/eldiariodesanpedro.com.ar\/sitio\/wp-content\/uploads\/2022\/06\/033e5e01-7148-427a-a83d-3fc46d05fead-1024x577.jpg 1024w, https:\/\/eldiariodesanpedro.com.ar\/sitio\/wp-content\/uploads\/2022\/06\/033e5e01-7148-427a-a83d-3fc46d05fead-300x169.jpg 300w, https:\/\/eldiariodesanpedro.com.ar\/sitio\/wp-content\/uploads\/2022\/06\/033e5e01-7148-427a-a83d-3fc46d05fead-768x432.jpg 768w, https:\/\/eldiariodesanpedro.com.ar\/sitio\/wp-content\/uploads\/2022\/06\/033e5e01-7148-427a-a83d-3fc46d05fead.jpg 1119w\" data-sizes=\"(max-width: 1024px) 100vw, 1024px\" src=\"data:image\/svg+xml;base64,PHN2ZyB3aWR0aD0iMSIgaGVpZ2h0PSIxIiB4bWxucz0iaHR0cDovL3d3dy53My5vcmcvMjAwMC9zdmciPjwvc3ZnPg==\" style=\"--smush-placeholder-width: 1024px; --smush-placeholder-aspect-ratio: 1024\/577;\" \/><\/figure>\n\n\n\n<figure class=\"wp-block-image size-large\"><img decoding=\"async\" width=\"1024\" height=\"497\" data-attachment-id=\"107982\" data-permalink=\"https:\/\/eldiariodesanpedro.com.ar\/sitio\/cooperativa-independencia-este-es-el-terreno-que-la-municipalidad-advirtio-que-no-sean-comprados%ef%bf%bc%ef%bf%bc\/whatsapp-image-2022-06-10-at-11-51-30-am\/\" data-orig-file=\"https:\/\/eldiariodesanpedro.com.ar\/sitio\/wp-content\/uploads\/2022\/06\/WhatsApp-Image-2022-06-10-at-11.51.30-AM.jpeg\" data-orig-size=\"1200,583\" data-comments-opened=\"0\" data-image-meta=\"{&quot;aperture&quot;:&quot;0&quot;,&quot;credit&quot;:&quot;&quot;,&quot;camera&quot;:&quot;&quot;,&quot;caption&quot;:&quot;&quot;,&quot;created_timestamp&quot;:&quot;0&quot;,&quot;copyright&quot;:&quot;&quot;,&quot;focal_length&quot;:&quot;0&quot;,&quot;iso&quot;:&quot;0&quot;,&quot;shutter_speed&quot;:&quot;0&quot;,&quot;title&quot;:&quot;&quot;,&quot;orientation&quot;:&quot;0&quot;}\" data-image-title=\"WhatsApp Image 2022-06-10 at 11.51.30 AM\" data-image-description=\"\" data-image-caption=\"\" data-large-file=\"https:\/\/eldiariodesanpedro.com.ar\/sitio\/wp-content\/uploads\/2022\/06\/WhatsApp-Image-2022-06-10-at-11.51.30-AM-1024x497.jpeg\" data-src=\"https:\/\/eldiariodesanpedro.com.ar\/sitio\/wp-content\/uploads\/2022\/06\/WhatsApp-Image-2022-06-10-at-11.51.30-AM-1024x497.jpeg\" alt=\"\" class=\"wp-image-107982 lazyload\" data-srcset=\"https:\/\/eldiariodesanpedro.com.ar\/sitio\/wp-content\/uploads\/2022\/06\/WhatsApp-Image-2022-06-10-at-11.51.30-AM-1024x497.jpeg 1024w, https:\/\/eldiariodesanpedro.com.ar\/sitio\/wp-content\/uploads\/2022\/06\/WhatsApp-Image-2022-06-10-at-11.51.30-AM-300x146.jpeg 300w, https:\/\/eldiariodesanpedro.com.ar\/sitio\/wp-content\/uploads\/2022\/06\/WhatsApp-Image-2022-06-10-at-11.51.30-AM-768x373.jpeg 768w, https:\/\/eldiariodesanpedro.com.ar\/sitio\/wp-content\/uploads\/2022\/06\/WhatsApp-Image-2022-06-10-at-11.51.30-AM.jpeg 1200w\" data-sizes=\"(max-width: 1024px) 100vw, 1024px\" src=\"data:image\/svg+xml;base64,PHN2ZyB3aWR0aD0iMSIgaGVpZ2h0PSIxIiB4bWxucz0iaHR0cDovL3d3dy53My5vcmcvMjAwMC9zdmciPjwvc3ZnPg==\" style=\"--smush-placeholder-width: 1024px; --smush-placeholder-aspect-ratio: 1024\/497;\" \/><\/figure>\n\n\n\n<p><a href=\"https:\/\/www.laopinionsemanario.com.ar\/secciones\/informacion-general\/\"><\/a><\/p>\n","protected":false},"excerpt":{"rendered":"<p>El m\u00f3vil de Sin Galera recorri\u00f3 el predio ubicado en Mateo Sbert y General Pueyrred\u00f3n. Las dimensiones no son suficientes para los 54 lotes que publicitaban, si se respetan las medidas que establece la normativa. En el lugar hab\u00eda mojones para marcar las parcelas de 6 metros por 25 que vend\u00edan pero que no se [&hellip;]<\/p>\n","protected":false},"author":4,"featured_media":107982,"comment_status":"closed","ping_status":"closed","sticky":false,"template":"","format":"standard","meta":{"om_disable_all_campaigns":false,"_jetpack_memberships_contains_paid_content":false,"footnotes":""},"categories":[50,101,2],"tags":[197,696,33,19],"class_list":["post-107981","post","type-post","status-publish","format-standard","has-post-thumbnail","hentry","category-destacadas","category-interes-general-locales","category-locales","tag-buenos-aires","tag-interes-general","tag-locales","tag-san-pedro"],"aioseo_notices":[],"gutentor_comment":0,"jetpack_featured_media_url":"https:\/\/eldiariodesanpedro.com.ar\/sitio\/wp-content\/uploads\/2022\/06\/WhatsApp-Image-2022-06-10-at-11.51.30-AM.jpeg","jetpack_shortlink":"https:\/\/wp.me\/p6RhLt-s5D","jetpack_sharing_enabled":true,"_links":{"self":[{"href":"https:\/\/eldiariodesanpedro.com.ar\/sitio\/wp-json\/wp\/v2\/posts\/107981","targetHints":{"allow":["GET"]}}],"collection":[{"href":"https:\/\/eldiariodesanpedro.com.ar\/sitio\/wp-json\/wp\/v2\/posts"}],"about":[{"href":"https:\/\/eldiariodesanpedro.com.ar\/sitio\/wp-json\/wp\/v2\/types\/post"}],"author":[{"embeddable":true,"href":"https:\/\/eldiariodesanpedro.com.ar\/sitio\/wp-json\/wp\/v2\/users\/4"}],"replies":[{"embeddable":true,"href":"https:\/\/eldiariodesanpedro.com.ar\/sitio\/wp-json\/wp\/v2\/comments?post=107981"}],"version-history":[{"count":1,"href":"https:\/\/eldiariodesanpedro.com.ar\/sitio\/wp-json\/wp\/v2\/posts\/107981\/revisions"}],"predecessor-version":[{"id":107985,"href":"https:\/\/eldiariodesanpedro.com.ar\/sitio\/wp-json\/wp\/v2\/posts\/107981\/revisions\/107985"}],"wp:featuredmedia":[{"embeddable":true,"href":"https:\/\/eldiariodesanpedro.com.ar\/sitio\/wp-json\/wp\/v2\/media\/107982"}],"wp:attachment":[{"href":"https:\/\/eldiariodesanpedro.com.ar\/sitio\/wp-json\/wp\/v2\/media?parent=107981"}],"wp:term":[{"taxonomy":"category","embeddable":true,"href":"https:\/\/eldiariodesanpedro.com.ar\/sitio\/wp-json\/wp\/v2\/categories?post=107981"},{"taxonomy":"post_tag","embeddable":true,"href":"https:\/\/eldiariodesanpedro.com.ar\/sitio\/wp-json\/wp\/v2\/tags?post=107981"}],"curies":[{"name":"wp","href":"https:\/\/api.w.org\/{rel}","templated":true}]}}