{"id":107974,"date":"2022-06-13T19:29:00","date_gmt":"2022-06-13T22:29:00","guid":{"rendered":"https:\/\/eldiariodesanpedro.com.ar\/sitio\/?p=107974"},"modified":"2022-06-13T19:29:01","modified_gmt":"2022-06-13T22:29:01","slug":"un-automovil-choco-contra-una-motociclista-y-se-fue-del-lugar-argumentando-que-enseguida-volvia-que-iba-a-buscar-su-hijo-a-la-escuela","status":"publish","type":"post","link":"https:\/\/eldiariodesanpedro.com.ar\/sitio\/un-automovil-choco-contra-una-motociclista-y-se-fue-del-lugar-argumentando-que-enseguida-volvia-que-iba-a-buscar-su-hijo-a-la-escuela\/","title":{"rendered":"Un autom\u00f3vil choco contra una motociclista y se fue del lugar argumentando que enseguida volv\u00eda que iba a buscar su hijo a la escuela"},"content":{"rendered":"<!-- VideographyWP Plugin Message: Automatic video embedding prevented by plugin options. -->\n\n<p>Una autom\u00f3vil y una moto colisionaron en la esquina de 3 de Febrero y Chivilcoy. Una ambulancia del servicio de emergencias Same 107 traslad\u00f3 al motociclista al Hospital. El conductor del auto se fue porque dijo que ten\u00eda que retirar a su hijo del colegio y no volvi\u00f3.<\/p>\n\n\n\n<p>Un accidente de tr\u00e1nsito se produjo alrededor de las 12.00 del mediod\u00eda de este lunes en la esquina de 3 de Febrero y Chivilcoy, protagonizado por un hombre que circulaba en autom\u00f3vil y otro que hac\u00eda lo propio en motocicleta.<\/p>\n\n\n\n<p>El conductor del choque se fue del lugar porque \u201cten\u00eda que ir a buscar al hijo a la escuela\u201d, refirieron vecinos de la zona a&nbsp;<strong>La Opini\u00f3n&nbsp;<\/strong>tras la colisi\u00f3n.<\/p>\n\n\n\n<p>Por su parte, el motociclista fue asistido por una ambulancia del Servicio de Emergencias Same 107 que lo traslad\u00f3 a la Guardia del Hospital Emilio Ruffa para la revisaci\u00f3n m\u00e9dica correspondiente.<\/p>\n\n\n\n<p>Polic\u00eda intervino en el caso junto a personal de Inspecci\u00f3n y aguardaron el regreso del automovilista, que nunca regres\u00f3 al lugar del choque.<\/p>\n\n\n\n<figure class=\"wp-block-image size-large\"><img decoding=\"async\" width=\"1024\" height=\"576\" data-attachment-id=\"107977\" data-permalink=\"https:\/\/eldiariodesanpedro.com.ar\/sitio\/un-automovil-choco-contra-una-motociclista-y-se-fue-del-lugar-argumentando-que-enseguida-volvia-que-iba-a-buscar-su-hijo-a-la-escuela\/whatsapp-image-2022-06-13-at-7-23-01-pm\/\" data-orig-file=\"https:\/\/eldiariodesanpedro.com.ar\/sitio\/wp-content\/uploads\/2022\/06\/WhatsApp-Image-2022-06-13-at-7.23.01-PM.jpeg\" data-orig-size=\"1120,630\" data-comments-opened=\"0\" data-image-meta=\"{&quot;aperture&quot;:&quot;0&quot;,&quot;credit&quot;:&quot;&quot;,&quot;camera&quot;:&quot;&quot;,&quot;caption&quot;:&quot;&quot;,&quot;created_timestamp&quot;:&quot;0&quot;,&quot;copyright&quot;:&quot;&quot;,&quot;focal_length&quot;:&quot;0&quot;,&quot;iso&quot;:&quot;0&quot;,&quot;shutter_speed&quot;:&quot;0&quot;,&quot;title&quot;:&quot;&quot;,&quot;orientation&quot;:&quot;0&quot;}\" data-image-title=\"WhatsApp Image 2022-06-13 at 7.23.01 PM\" data-image-description=\"\" data-image-caption=\"\" data-large-file=\"https:\/\/eldiariodesanpedro.com.ar\/sitio\/wp-content\/uploads\/2022\/06\/WhatsApp-Image-2022-06-13-at-7.23.01-PM-1024x576.jpeg\" data-src=\"https:\/\/eldiariodesanpedro.com.ar\/sitio\/wp-content\/uploads\/2022\/06\/WhatsApp-Image-2022-06-13-at-7.23.01-PM-1024x576.jpeg\" alt=\"\" class=\"wp-image-107977 lazyload\" data-srcset=\"https:\/\/eldiariodesanpedro.com.ar\/sitio\/wp-content\/uploads\/2022\/06\/WhatsApp-Image-2022-06-13-at-7.23.01-PM-1024x576.jpeg 1024w, https:\/\/eldiariodesanpedro.com.ar\/sitio\/wp-content\/uploads\/2022\/06\/WhatsApp-Image-2022-06-13-at-7.23.01-PM-300x169.jpeg 300w, https:\/\/eldiariodesanpedro.com.ar\/sitio\/wp-content\/uploads\/2022\/06\/WhatsApp-Image-2022-06-13-at-7.23.01-PM-768x432.jpeg 768w, https:\/\/eldiariodesanpedro.com.ar\/sitio\/wp-content\/uploads\/2022\/06\/WhatsApp-Image-2022-06-13-at-7.23.01-PM.jpeg 1120w\" data-sizes=\"(max-width: 1024px) 100vw, 1024px\" src=\"data:image\/svg+xml;base64,PHN2ZyB3aWR0aD0iMSIgaGVpZ2h0PSIxIiB4bWxucz0iaHR0cDovL3d3dy53My5vcmcvMjAwMC9zdmciPjwvc3ZnPg==\" style=\"--smush-placeholder-width: 1024px; --smush-placeholder-aspect-ratio: 1024\/576;\" \/><\/figure>\n\n\n\n<figure class=\"wp-block-image size-large\"><img decoding=\"async\" width=\"1024\" height=\"576\" data-attachment-id=\"107975\" data-permalink=\"https:\/\/eldiariodesanpedro.com.ar\/sitio\/un-automovil-choco-contra-una-motociclista-y-se-fue-del-lugar-argumentando-que-enseguida-volvia-que-iba-a-buscar-su-hijo-a-la-escuela\/whatsapp-image-2022-06-13-at-7-22-59-pm\/\" data-orig-file=\"https:\/\/eldiariodesanpedro.com.ar\/sitio\/wp-content\/uploads\/2022\/06\/WhatsApp-Image-2022-06-13-at-7.22.59-PM.jpeg\" data-orig-size=\"1120,630\" data-comments-opened=\"0\" data-image-meta=\"{&quot;aperture&quot;:&quot;0&quot;,&quot;credit&quot;:&quot;&quot;,&quot;camera&quot;:&quot;&quot;,&quot;caption&quot;:&quot;&quot;,&quot;created_timestamp&quot;:&quot;0&quot;,&quot;copyright&quot;:&quot;&quot;,&quot;focal_length&quot;:&quot;0&quot;,&quot;iso&quot;:&quot;0&quot;,&quot;shutter_speed&quot;:&quot;0&quot;,&quot;title&quot;:&quot;&quot;,&quot;orientation&quot;:&quot;0&quot;}\" data-image-title=\"WhatsApp Image 2022-06-13 at 7.22.59 PM\" data-image-description=\"\" data-image-caption=\"\" data-large-file=\"https:\/\/eldiariodesanpedro.com.ar\/sitio\/wp-content\/uploads\/2022\/06\/WhatsApp-Image-2022-06-13-at-7.22.59-PM-1024x576.jpeg\" data-src=\"https:\/\/eldiariodesanpedro.com.ar\/sitio\/wp-content\/uploads\/2022\/06\/WhatsApp-Image-2022-06-13-at-7.22.59-PM-1024x576.jpeg\" alt=\"\" class=\"wp-image-107975 lazyload\" data-srcset=\"https:\/\/eldiariodesanpedro.com.ar\/sitio\/wp-content\/uploads\/2022\/06\/WhatsApp-Image-2022-06-13-at-7.22.59-PM-1024x576.jpeg 1024w, https:\/\/eldiariodesanpedro.com.ar\/sitio\/wp-content\/uploads\/2022\/06\/WhatsApp-Image-2022-06-13-at-7.22.59-PM-300x169.jpeg 300w, https:\/\/eldiariodesanpedro.com.ar\/sitio\/wp-content\/uploads\/2022\/06\/WhatsApp-Image-2022-06-13-at-7.22.59-PM-768x432.jpeg 768w, https:\/\/eldiariodesanpedro.com.ar\/sitio\/wp-content\/uploads\/2022\/06\/WhatsApp-Image-2022-06-13-at-7.22.59-PM.jpeg 1120w\" data-sizes=\"(max-width: 1024px) 100vw, 1024px\" src=\"data:image\/svg+xml;base64,PHN2ZyB3aWR0aD0iMSIgaGVpZ2h0PSIxIiB4bWxucz0iaHR0cDovL3d3dy53My5vcmcvMjAwMC9zdmciPjwvc3ZnPg==\" style=\"--smush-placeholder-width: 1024px; --smush-placeholder-aspect-ratio: 1024\/576;\" \/><\/figure>\n\n\n\n<p><a href=\"https:\/\/www.laopinionsemanario.com.ar\/secciones\/informacion-general\/\"><\/a><\/p>\n","protected":false},"excerpt":{"rendered":"<p>Una autom\u00f3vil y una moto colisionaron en la esquina de 3 de Febrero y Chivilcoy. Una ambulancia del servicio de emergencias Same 107 traslad\u00f3 al motociclista al Hospital. El conductor del auto se fue porque dijo que ten\u00eda que retirar a su hijo del colegio y no volvi\u00f3. Un accidente de tr\u00e1nsito se produjo alrededor [&hellip;]<\/p>\n","protected":false},"author":4,"featured_media":107976,"comment_status":"closed","ping_status":"closed","sticky":false,"template":"","format":"standard","meta":{"om_disable_all_campaigns":false,"_jetpack_memberships_contains_paid_content":false,"footnotes":""},"categories":[50,2,103],"tags":[197,33,95,19],"class_list":["post-107974","post","type-post","status-publish","format-standard","has-post-thumbnail","hentry","category-destacadas","category-locales","category-policiales-locales","tag-buenos-aires","tag-locales","tag-policiales","tag-san-pedro"],"aioseo_notices":[],"gutentor_comment":0,"jetpack_featured_media_url":"https:\/\/eldiariodesanpedro.com.ar\/sitio\/wp-content\/uploads\/2022\/06\/WhatsApp-Image-2022-06-13-at-7.23.00-PM.jpeg","jetpack_shortlink":"https:\/\/wp.me\/p6RhLt-s5w","jetpack_sharing_enabled":true,"_links":{"self":[{"href":"https:\/\/eldiariodesanpedro.com.ar\/sitio\/wp-json\/wp\/v2\/posts\/107974","targetHints":{"allow":["GET"]}}],"collection":[{"href":"https:\/\/eldiariodesanpedro.com.ar\/sitio\/wp-json\/wp\/v2\/posts"}],"about":[{"href":"https:\/\/eldiariodesanpedro.com.ar\/sitio\/wp-json\/wp\/v2\/types\/post"}],"author":[{"embeddable":true,"href":"https:\/\/eldiariodesanpedro.com.ar\/sitio\/wp-json\/wp\/v2\/users\/4"}],"replies":[{"embeddable":true,"href":"https:\/\/eldiariodesanpedro.com.ar\/sitio\/wp-json\/wp\/v2\/comments?post=107974"}],"version-history":[{"count":1,"href":"https:\/\/eldiariodesanpedro.com.ar\/sitio\/wp-json\/wp\/v2\/posts\/107974\/revisions"}],"predecessor-version":[{"id":107978,"href":"https:\/\/eldiariodesanpedro.com.ar\/sitio\/wp-json\/wp\/v2\/posts\/107974\/revisions\/107978"}],"wp:featuredmedia":[{"embeddable":true,"href":"https:\/\/eldiariodesanpedro.com.ar\/sitio\/wp-json\/wp\/v2\/media\/107976"}],"wp:attachment":[{"href":"https:\/\/eldiariodesanpedro.com.ar\/sitio\/wp-json\/wp\/v2\/media?parent=107974"}],"wp:term":[{"taxonomy":"category","embeddable":true,"href":"https:\/\/eldiariodesanpedro.com.ar\/sitio\/wp-json\/wp\/v2\/categories?post=107974"},{"taxonomy":"post_tag","embeddable":true,"href":"https:\/\/eldiariodesanpedro.com.ar\/sitio\/wp-json\/wp\/v2\/tags?post=107974"}],"curies":[{"name":"wp","href":"https:\/\/api.w.org\/{rel}","templated":true}]}}