{"id":107972,"date":"2022-06-13T19:12:08","date_gmt":"2022-06-13T22:12:08","guid":{"rendered":"https:\/\/eldiariodesanpedro.com.ar\/sitio\/?p=107972"},"modified":"2022-06-13T19:12:09","modified_gmt":"2022-06-13T22:12:09","slug":"trasladaron-al-penal-de-san-nicolas-a-los-tres-detenidos-acusados-de-piratearia-del-asfalto","status":"publish","type":"post","link":"https:\/\/eldiariodesanpedro.com.ar\/sitio\/trasladaron-al-penal-de-san-nicolas-a-los-tres-detenidos-acusados-de-piratearia-del-asfalto\/","title":{"rendered":"Trasladaron al penal de San Nicolas a los tres detenidos acusados de piratear\u00eda del asfalto"},"content":{"rendered":"<!-- VideographyWP Plugin Message: Automatic video embedding prevented by plugin options. -->\n\n<p>Se trata de los delincuentes qu\u00e9 el pasado 12 de mayo evadieron un control policial en la ruta 9 y luego en plena fuga chocaron contra un \u00e1rbol en la 191. En los pr\u00f3ximos d\u00edas el fiscal Marcelo Manso solicitar\u00e1 la prisi\u00f3n preventiva de los tres imputados.<\/p>\n\n\n\n<p>Sobre el cierre de la semana qued\u00f3 establecido el traslado a una Unidad Penal de tres peligrosos delincuentes oriundos de Avellaneda que hace unas semanas atr\u00e1s hab\u00edan protagonizado un grave episodio delictivo en nuestra ciudad.<\/p>\n\n\n\n<p>Juan Manuel Blanco, Nicol\u00e1s Santabaya y N\u00e9stor Santabaya son los tres ocupantes del veh\u00edculo Chevrolet Onix que el pasado 12 de mayo protagonizaron una cinematogr\u00e1fica persecuci\u00f3n por la ruta 9 y 191.<\/p>\n\n\n\n<p>Ahora por disposici\u00f3n judicial los tres sospechosos fueron alojados en la Unidad Penal N\u00b0 3 de San Nicol\u00e1s y su futuro judicial es demasiado complicado debido a las caracter\u00edsticas del episodio en el que se ven involucrados adem\u00e1s de los antecedentes con qu\u00e9 cuentan.about:blank<\/p>\n\n\n\n<p>Quiz\u00e1s el traslado de los tres acusados a una celda de Servicio Penitenciario Bonaerense es un anticipo de lo que podr\u00eda suceder en pocos d\u00edas cuando el fiscal Marcelo Manso haga formal la presentaci\u00f3n de prisi\u00f3n preventiva de los tres imputados y el juzgado deba expedirse.<\/p>\n\n\n\n<p>Como se recuerda los delincuentes integrar\u00edan una banda de piratas del asfalto que ten\u00eda como intenci\u00f3n perpetrar un hecho en la ciudad de San Nicol\u00e1s. La ma\u00f1ana del hecho viajaban sobre el camino nacional cuando de repente se encontraron con un operativo de rutina de la Polic\u00eda Vial y donde al ser interceptados les exigieron ser requisados pero los delincuentes se resistieron y de inmediato emprendieron la huida atravesando varios kil\u00f3metros por el camino nacional hasta la intersecci\u00f3n con la Ruta 191.<\/p>\n\n\n\n<p>En ese tramo del camino &nbsp;el auto fren\u00f3 y del mismo bajaron dos sujetos que fueron capturados tras una corta persecuci\u00f3n, mientras que el rodado sigui\u00f3 su marcha por el camino provincial en sentido a San Pedro.<\/p>\n\n\n\n<p>Lo hizo a alta velocidad y poniendo en riesgo a todas las personas que circulaban por el lugar pero el veh\u00edculo termin\u00f3 impactando levemente contra una camioneta que circulaba por la mano contraria y al salirse del camino termin\u00f3 impactando violentamente contra un \u00e1rbol que se encontraba sobre en lateral.<\/p>\n\n\n\n<p>El conductor del auto sufri\u00f3 graves lesiones y debi\u00f3 ser trasladado a una cl\u00ednica de la ciudad de San Nicol\u00e1s mientras que los otros dos sujetos fueron capturados por el personal policial que ven\u00eda detr\u00e1s del otro veh\u00edculo que escapaba del operativo.<\/p>\n\n\n\n<p>En el autom\u00f3vil se incaut\u00f3 una billetera con documentaci\u00f3n de veh\u00edculos distintos tipos y modelos, seis tel\u00e9fonos celulares, un arma de fuego que ten\u00eda pedido de secuestro desde noviembre de 2002 por un hecho de robo, una picana el\u00e9ctrica, chapas patentes falsificadas, gas pimienta, cinta de embalar, tres handy, binoculares, un GPS, un inhibidor satelital, un cuchillo, una baliza de color azul similar a la utilizada por la polic\u00eda, 40 gramos de picadura de marihuana y unos 100 gramos de coca\u00edna.<\/p>\n\n\n\n<p><a href=\"https:\/\/www.laopinionsemanario.com.ar\/secciones\/policiales\/\"><\/a><\/p>\n","protected":false},"excerpt":{"rendered":"<p>Se trata de los delincuentes qu\u00e9 el pasado 12 de mayo evadieron un control policial en la ruta 9 y luego en plena fuga chocaron contra un \u00e1rbol en la 191. En los pr\u00f3ximos d\u00edas el fiscal Marcelo Manso solicitar\u00e1 la prisi\u00f3n preventiva de los tres imputados. Sobre el cierre de la semana qued\u00f3 establecido [&hellip;]<\/p>\n","protected":false},"author":4,"featured_media":106887,"comment_status":"closed","ping_status":"closed","sticky":false,"template":"","format":"standard","meta":{"om_disable_all_campaigns":false,"_jetpack_memberships_contains_paid_content":false,"footnotes":""},"categories":[50,2,103],"tags":[197,33,95,19],"class_list":["post-107972","post","type-post","status-publish","format-standard","has-post-thumbnail","hentry","category-destacadas","category-locales","category-policiales-locales","tag-buenos-aires","tag-locales","tag-policiales","tag-san-pedro"],"aioseo_notices":[],"gutentor_comment":0,"jetpack_featured_media_url":"https:\/\/eldiariodesanpedro.com.ar\/sitio\/wp-content\/uploads\/2022\/05\/279597351_324568213108384_5791717944445431243_n.jpg","jetpack_shortlink":"https:\/\/wp.me\/p6RhLt-s5u","jetpack_sharing_enabled":true,"_links":{"self":[{"href":"https:\/\/eldiariodesanpedro.com.ar\/sitio\/wp-json\/wp\/v2\/posts\/107972","targetHints":{"allow":["GET"]}}],"collection":[{"href":"https:\/\/eldiariodesanpedro.com.ar\/sitio\/wp-json\/wp\/v2\/posts"}],"about":[{"href":"https:\/\/eldiariodesanpedro.com.ar\/sitio\/wp-json\/wp\/v2\/types\/post"}],"author":[{"embeddable":true,"href":"https:\/\/eldiariodesanpedro.com.ar\/sitio\/wp-json\/wp\/v2\/users\/4"}],"replies":[{"embeddable":true,"href":"https:\/\/eldiariodesanpedro.com.ar\/sitio\/wp-json\/wp\/v2\/comments?post=107972"}],"version-history":[{"count":1,"href":"https:\/\/eldiariodesanpedro.com.ar\/sitio\/wp-json\/wp\/v2\/posts\/107972\/revisions"}],"predecessor-version":[{"id":107973,"href":"https:\/\/eldiariodesanpedro.com.ar\/sitio\/wp-json\/wp\/v2\/posts\/107972\/revisions\/107973"}],"wp:featuredmedia":[{"embeddable":true,"href":"https:\/\/eldiariodesanpedro.com.ar\/sitio\/wp-json\/wp\/v2\/media\/106887"}],"wp:attachment":[{"href":"https:\/\/eldiariodesanpedro.com.ar\/sitio\/wp-json\/wp\/v2\/media?parent=107972"}],"wp:term":[{"taxonomy":"category","embeddable":true,"href":"https:\/\/eldiariodesanpedro.com.ar\/sitio\/wp-json\/wp\/v2\/categories?post=107972"},{"taxonomy":"post_tag","embeddable":true,"href":"https:\/\/eldiariodesanpedro.com.ar\/sitio\/wp-json\/wp\/v2\/tags?post=107972"}],"curies":[{"name":"wp","href":"https:\/\/api.w.org\/{rel}","templated":true}]}}