{"id":107968,"date":"2022-06-13T19:06:16","date_gmt":"2022-06-13T22:06:16","guid":{"rendered":"https:\/\/eldiariodesanpedro.com.ar\/sitio\/?p=107968"},"modified":"2022-06-13T19:06:17","modified_gmt":"2022-06-13T22:06:17","slug":"este-fin-de-semana-se-realizaron-varios-operativos-donde-se-secuestraron-automoviles-y-motocicletas","status":"publish","type":"post","link":"https:\/\/eldiariodesanpedro.com.ar\/sitio\/este-fin-de-semana-se-realizaron-varios-operativos-donde-se-secuestraron-automoviles-y-motocicletas\/","title":{"rendered":"Este fin de semana se realizaron varios operativos donde se secuestraron autom\u00f3viles y motocicletas"},"content":{"rendered":"<!-- VideographyWP Plugin Message: Automatic video embedding prevented by plugin options. -->\n\n<p>En esta oportunidad la interceptaci\u00f3n de veh\u00edculos se efectu\u00f3 en distintos lugares y se pudieron infraccionar a varios conductores. No se detectaron casos de alcoholemia.<\/p>\n\n\n\n<p>Como viene sucediendo en los \u00faltimos fines de semanas durante la madrugada del s\u00e1bado se dispusieron diversos controles de tr\u00e1nsito en el radio urbano de la ciudad.<\/p>\n\n\n\n<p>En este caso los operativos estuvieron a cargo del personal de la Direcci\u00f3n de Tr\u00e1nsito y Nocturnidad y la Comisar\u00eda San Pedro. &nbsp;<\/p>\n\n\n\n<p>Uno de las interceptaciones estuvo ubicada en la intersecci\u00f3n de las calles 9 de Julio y Jos\u00e9 Hern\u00e1ndez, mientras que el otro se traz\u00f3 en Mitre y Las Heras, en pleno centro de la ciudad.<\/p>\n\n\n\n<p>El resultado del operativo arroj\u00f3 resultados positivos ya que se logr\u00f3 secuestrar seis autom\u00f3viles y una moto. En todos los casos se labraron actuaciones por carecer de documentaci\u00f3n.<\/p>\n\n\n\n<p>En total se identificaron a 22 personas y se inspeccionaron 15 rodados.<\/p>\n\n\n\n<p>Mientras tanto, a diferencia de otros operativos, no hubo sanciones por casos de alcoholemia.<\/p>\n\n\n\n<figure class=\"wp-block-image size-full\"><img decoding=\"async\" width=\"600\" height=\"401\" data-attachment-id=\"107969\" data-permalink=\"https:\/\/eldiariodesanpedro.com.ar\/sitio\/este-fin-de-semana-se-realizaron-varios-operativos-donde-se-secuestraron-automoviles-y-motocicletas\/operativo-2\/\" data-orig-file=\"https:\/\/eldiariodesanpedro.com.ar\/sitio\/wp-content\/uploads\/2022\/06\/Operativo.jpg\" data-orig-size=\"600,401\" data-comments-opened=\"0\" data-image-meta=\"{&quot;aperture&quot;:&quot;0&quot;,&quot;credit&quot;:&quot;&quot;,&quot;camera&quot;:&quot;&quot;,&quot;caption&quot;:&quot;&quot;,&quot;created_timestamp&quot;:&quot;0&quot;,&quot;copyright&quot;:&quot;&quot;,&quot;focal_length&quot;:&quot;0&quot;,&quot;iso&quot;:&quot;0&quot;,&quot;shutter_speed&quot;:&quot;0&quot;,&quot;title&quot;:&quot;&quot;,&quot;orientation&quot;:&quot;0&quot;}\" data-image-title=\"Operativo\" data-image-description=\"\" data-image-caption=\"\" data-large-file=\"https:\/\/eldiariodesanpedro.com.ar\/sitio\/wp-content\/uploads\/2022\/06\/Operativo.jpg\" data-src=\"https:\/\/eldiariodesanpedro.com.ar\/sitio\/wp-content\/uploads\/2022\/06\/Operativo.jpg\" alt=\"\" class=\"wp-image-107969 lazyload\" data-srcset=\"https:\/\/eldiariodesanpedro.com.ar\/sitio\/wp-content\/uploads\/2022\/06\/Operativo.jpg 600w, https:\/\/eldiariodesanpedro.com.ar\/sitio\/wp-content\/uploads\/2022\/06\/Operativo-300x201.jpg 300w\" data-sizes=\"(max-width: 600px) 100vw, 600px\" src=\"data:image\/svg+xml;base64,PHN2ZyB3aWR0aD0iMSIgaGVpZ2h0PSIxIiB4bWxucz0iaHR0cDovL3d3dy53My5vcmcvMjAwMC9zdmciPjwvc3ZnPg==\" style=\"--smush-placeholder-width: 600px; --smush-placeholder-aspect-ratio: 600\/401;\" \/><\/figure>\n\n\n\n<p><a href=\"https:\/\/www.laopinionsemanario.com.ar\/secciones\/informacion-general\/\"><\/a><\/p>\n","protected":false},"excerpt":{"rendered":"<p>En esta oportunidad la interceptaci\u00f3n de veh\u00edculos se efectu\u00f3 en distintos lugares y se pudieron infraccionar a varios conductores. No se detectaron casos de alcoholemia. Como viene sucediendo en los \u00faltimos fines de semanas durante la madrugada del s\u00e1bado se dispusieron diversos controles de tr\u00e1nsito en el radio urbano de la ciudad. En este caso [&hellip;]<\/p>\n","protected":false},"author":4,"featured_media":107970,"comment_status":"closed","ping_status":"closed","sticky":false,"template":"","format":"standard","meta":{"om_disable_all_campaigns":false,"_jetpack_memberships_contains_paid_content":false,"footnotes":""},"categories":[50,2,103],"tags":[197,33,95,19],"class_list":["post-107968","post","type-post","status-publish","format-standard","has-post-thumbnail","hentry","category-destacadas","category-locales","category-policiales-locales","tag-buenos-aires","tag-locales","tag-policiales","tag-san-pedro"],"aioseo_notices":[],"gutentor_comment":0,"jetpack_featured_media_url":"https:\/\/eldiariodesanpedro.com.ar\/sitio\/wp-content\/uploads\/2022\/06\/WhatsApp-Image-2022-06-12-at-11.04.28-AM.jpeg","jetpack_shortlink":"https:\/\/wp.me\/p6RhLt-s5q","jetpack_sharing_enabled":true,"_links":{"self":[{"href":"https:\/\/eldiariodesanpedro.com.ar\/sitio\/wp-json\/wp\/v2\/posts\/107968","targetHints":{"allow":["GET"]}}],"collection":[{"href":"https:\/\/eldiariodesanpedro.com.ar\/sitio\/wp-json\/wp\/v2\/posts"}],"about":[{"href":"https:\/\/eldiariodesanpedro.com.ar\/sitio\/wp-json\/wp\/v2\/types\/post"}],"author":[{"embeddable":true,"href":"https:\/\/eldiariodesanpedro.com.ar\/sitio\/wp-json\/wp\/v2\/users\/4"}],"replies":[{"embeddable":true,"href":"https:\/\/eldiariodesanpedro.com.ar\/sitio\/wp-json\/wp\/v2\/comments?post=107968"}],"version-history":[{"count":1,"href":"https:\/\/eldiariodesanpedro.com.ar\/sitio\/wp-json\/wp\/v2\/posts\/107968\/revisions"}],"predecessor-version":[{"id":107971,"href":"https:\/\/eldiariodesanpedro.com.ar\/sitio\/wp-json\/wp\/v2\/posts\/107968\/revisions\/107971"}],"wp:featuredmedia":[{"embeddable":true,"href":"https:\/\/eldiariodesanpedro.com.ar\/sitio\/wp-json\/wp\/v2\/media\/107970"}],"wp:attachment":[{"href":"https:\/\/eldiariodesanpedro.com.ar\/sitio\/wp-json\/wp\/v2\/media?parent=107968"}],"wp:term":[{"taxonomy":"category","embeddable":true,"href":"https:\/\/eldiariodesanpedro.com.ar\/sitio\/wp-json\/wp\/v2\/categories?post=107968"},{"taxonomy":"post_tag","embeddable":true,"href":"https:\/\/eldiariodesanpedro.com.ar\/sitio\/wp-json\/wp\/v2\/tags?post=107968"}],"curies":[{"name":"wp","href":"https:\/\/api.w.org\/{rel}","templated":true}]}}