{"id":107960,"date":"2022-06-13T11:26:50","date_gmt":"2022-06-13T14:26:50","guid":{"rendered":"https:\/\/eldiariodesanpedro.com.ar\/sitio\/?p=107960"},"modified":"2022-06-13T11:26:51","modified_gmt":"2022-06-13T14:26:51","slug":"el-intendente-salazar-declarara-ciudadano-ilustre-a-lalo-mir","status":"publish","type":"post","link":"https:\/\/eldiariodesanpedro.com.ar\/sitio\/el-intendente-salazar-declarara-ciudadano-ilustre-a-lalo-mir\/","title":{"rendered":"El Intendente Salazar declarar\u00e1 Ciudadano Ilustre a Lalo Mir"},"content":{"rendered":"<!-- VideographyWP Plugin Message: Automatic video embedding prevented by plugin options. -->\n\n<p>Lo comunic\u00f3 durante el relanzamiento de FM Lechiguanas en Sala Cuarta Pared. El jefe comunal hizo el importante anuncio que reconocer\u00e1 al querido locutor y conductor sampedrino.<\/p>\n\n\n\n<p>En medio del relanzamiento de la FM Lechiguanas, la radio que es propiedad de Lalo Mir, el Intendente Municipal Ram\u00f3n Salazar hizo un importante anuncio que le sum\u00f3 a\u00fan m\u00e1s inter\u00e9s a todo lo que estaba sucediendo en la velada desarrollada en la Sala Cuarta Pared.<\/p>\n\n\n\n<p>All\u00ed el jefe comunal hizo entrega del expediente que declara a la radio como entidad sin fines de lucro pero aprovechando dicha entrega anunci\u00f3 que en el mes de agosto se lo declarar\u00e1 a Lalo Mir como ciudadano ilustre de San Pedro: \u201cEn base a su trayectoria, a todo lo que ha hecho por la comunidad de San Pedro, el hecho de que est\u00e9 en los medios nacionales que nos nombre siempre, eso suma much\u00edsimo para nuestra ciudad. Creo que nosotros tenemos que apreciar todo lo que tenemos en San Pedro y tenemos que sentirnos orgullosos de nuestra ciudad y \u00e9l contribuye a todo esto, por eso el municipio ha decidido declarar a Lalo como Ciudadano Ilustre de San Pedro\u201d.<\/p>\n\n\n\n<p>El anuncio es sin dudas un merecido reconocimiento al querido locutor y periodista que m\u00e1s all\u00e1 de toda su trayectoria nunca se olvid\u00f3 de su querido San Pedro natal.<\/p>\n\n\n\n<p>Pr\u00f3ximamente las autoridades anunciar\u00e1n el d\u00eda y la hora en que se realizar\u00e1 el acto en el que se oficializar\u00e1 la designaci\u00f3n.&nbsp;<\/p>\n","protected":false},"excerpt":{"rendered":"<p>Lo comunic\u00f3 durante el relanzamiento de FM Lechiguanas en Sala Cuarta Pared. El jefe comunal hizo el importante anuncio que reconocer\u00e1 al querido locutor y conductor sampedrino. En medio del relanzamiento de la FM Lechiguanas, la radio que es propiedad de Lalo Mir, el Intendente Municipal Ram\u00f3n Salazar hizo un importante anuncio que le sum\u00f3 [&hellip;]<\/p>\n","protected":false},"author":4,"featured_media":107961,"comment_status":"closed","ping_status":"closed","sticky":false,"template":"","format":"standard","meta":{"om_disable_all_campaigns":false,"_jetpack_memberships_contains_paid_content":false,"footnotes":""},"categories":[101,2],"tags":[197,696,33,19],"class_list":["post-107960","post","type-post","status-publish","format-standard","has-post-thumbnail","hentry","category-interes-general-locales","category-locales","tag-buenos-aires","tag-interes-general","tag-locales","tag-san-pedro"],"aioseo_notices":[],"gutentor_comment":0,"jetpack_featured_media_url":"https:\/\/eldiariodesanpedro.com.ar\/sitio\/wp-content\/uploads\/2022\/06\/0000020969-resized-1920x1080-1.jpg","jetpack_shortlink":"https:\/\/wp.me\/p6RhLt-s5i","jetpack_sharing_enabled":true,"_links":{"self":[{"href":"https:\/\/eldiariodesanpedro.com.ar\/sitio\/wp-json\/wp\/v2\/posts\/107960","targetHints":{"allow":["GET"]}}],"collection":[{"href":"https:\/\/eldiariodesanpedro.com.ar\/sitio\/wp-json\/wp\/v2\/posts"}],"about":[{"href":"https:\/\/eldiariodesanpedro.com.ar\/sitio\/wp-json\/wp\/v2\/types\/post"}],"author":[{"embeddable":true,"href":"https:\/\/eldiariodesanpedro.com.ar\/sitio\/wp-json\/wp\/v2\/users\/4"}],"replies":[{"embeddable":true,"href":"https:\/\/eldiariodesanpedro.com.ar\/sitio\/wp-json\/wp\/v2\/comments?post=107960"}],"version-history":[{"count":1,"href":"https:\/\/eldiariodesanpedro.com.ar\/sitio\/wp-json\/wp\/v2\/posts\/107960\/revisions"}],"predecessor-version":[{"id":107962,"href":"https:\/\/eldiariodesanpedro.com.ar\/sitio\/wp-json\/wp\/v2\/posts\/107960\/revisions\/107962"}],"wp:featuredmedia":[{"embeddable":true,"href":"https:\/\/eldiariodesanpedro.com.ar\/sitio\/wp-json\/wp\/v2\/media\/107961"}],"wp:attachment":[{"href":"https:\/\/eldiariodesanpedro.com.ar\/sitio\/wp-json\/wp\/v2\/media?parent=107960"}],"wp:term":[{"taxonomy":"category","embeddable":true,"href":"https:\/\/eldiariodesanpedro.com.ar\/sitio\/wp-json\/wp\/v2\/categories?post=107960"},{"taxonomy":"post_tag","embeddable":true,"href":"https:\/\/eldiariodesanpedro.com.ar\/sitio\/wp-json\/wp\/v2\/tags?post=107960"}],"curies":[{"name":"wp","href":"https:\/\/api.w.org\/{rel}","templated":true}]}}