{"id":107957,"date":"2022-06-13T11:17:08","date_gmt":"2022-06-13T14:17:08","guid":{"rendered":"https:\/\/eldiariodesanpedro.com.ar\/sitio\/?p=107957"},"modified":"2022-06-13T11:17:09","modified_gmt":"2022-06-13T14:17:09","slug":"trasladaron-al-motociclista-que-choco-contra-un-cartel","status":"publish","type":"post","link":"https:\/\/eldiariodesanpedro.com.ar\/sitio\/trasladaron-al-motociclista-que-choco-contra-un-cartel\/","title":{"rendered":"Trasladaron al motociclista que choc\u00f3 contra un cartel"},"content":{"rendered":"<!-- VideographyWP Plugin Message: Automatic video embedding prevented by plugin options. -->\n\n<p>El joven de 28 a\u00f1os que sufri\u00f3 graves lesiones faciales fue llevado a un nosocomio de mayor complejidad.<\/p>\n\n\n\n<p>El motociclista de 28 a\u00f1os que sufri\u00f3 un grave accidente de tr\u00e1nsito el fin de semana fue trasladado a un centro de alta complejidad para continuar con su recuperaci\u00f3n.<\/p>\n\n\n\n<p>Nery Braga viajaba en una moto Yamaha 125 y sufri\u00f3 lesiones en su rostro.<\/p>\n\n\n\n<p>El accidente se origin\u00f3 en la madrugada del s\u00e1bado en la esquina de General Pueyrred\u00f3n y Belgrano, y la moto choc\u00f3 contra el cartel met\u00e1lico de una inmobiliaria que se encuentra sobre la vereda.<\/p>\n\n\n\n<p><\/p>\n","protected":false},"excerpt":{"rendered":"<p>El joven de 28 a\u00f1os que sufri\u00f3 graves lesiones faciales fue llevado a un nosocomio de mayor complejidad. El motociclista de 28 a\u00f1os que sufri\u00f3 un grave accidente de tr\u00e1nsito el fin de semana fue trasladado a un centro de alta complejidad para continuar con su recuperaci\u00f3n. Nery Braga viajaba en una moto Yamaha 125 [&hellip;]<\/p>\n","protected":false},"author":4,"featured_media":107958,"comment_status":"closed","ping_status":"closed","sticky":false,"template":"","format":"standard","meta":{"om_disable_all_campaigns":false,"_jetpack_memberships_contains_paid_content":false,"footnotes":""},"categories":[50,2,103],"tags":[197,33,95,19],"class_list":["post-107957","post","type-post","status-publish","format-standard","has-post-thumbnail","hentry","category-destacadas","category-locales","category-policiales-locales","tag-buenos-aires","tag-locales","tag-policiales","tag-san-pedro"],"aioseo_notices":[],"gutentor_comment":0,"jetpack_featured_media_url":"https:\/\/eldiariodesanpedro.com.ar\/sitio\/wp-content\/uploads\/2022\/06\/0000020972-resized-1920x1080-1.jpg","jetpack_shortlink":"https:\/\/wp.me\/p6RhLt-s5f","jetpack_sharing_enabled":true,"_links":{"self":[{"href":"https:\/\/eldiariodesanpedro.com.ar\/sitio\/wp-json\/wp\/v2\/posts\/107957","targetHints":{"allow":["GET"]}}],"collection":[{"href":"https:\/\/eldiariodesanpedro.com.ar\/sitio\/wp-json\/wp\/v2\/posts"}],"about":[{"href":"https:\/\/eldiariodesanpedro.com.ar\/sitio\/wp-json\/wp\/v2\/types\/post"}],"author":[{"embeddable":true,"href":"https:\/\/eldiariodesanpedro.com.ar\/sitio\/wp-json\/wp\/v2\/users\/4"}],"replies":[{"embeddable":true,"href":"https:\/\/eldiariodesanpedro.com.ar\/sitio\/wp-json\/wp\/v2\/comments?post=107957"}],"version-history":[{"count":1,"href":"https:\/\/eldiariodesanpedro.com.ar\/sitio\/wp-json\/wp\/v2\/posts\/107957\/revisions"}],"predecessor-version":[{"id":107959,"href":"https:\/\/eldiariodesanpedro.com.ar\/sitio\/wp-json\/wp\/v2\/posts\/107957\/revisions\/107959"}],"wp:featuredmedia":[{"embeddable":true,"href":"https:\/\/eldiariodesanpedro.com.ar\/sitio\/wp-json\/wp\/v2\/media\/107958"}],"wp:attachment":[{"href":"https:\/\/eldiariodesanpedro.com.ar\/sitio\/wp-json\/wp\/v2\/media?parent=107957"}],"wp:term":[{"taxonomy":"category","embeddable":true,"href":"https:\/\/eldiariodesanpedro.com.ar\/sitio\/wp-json\/wp\/v2\/categories?post=107957"},{"taxonomy":"post_tag","embeddable":true,"href":"https:\/\/eldiariodesanpedro.com.ar\/sitio\/wp-json\/wp\/v2\/tags?post=107957"}],"curies":[{"name":"wp","href":"https:\/\/api.w.org\/{rel}","templated":true}]}}