{"id":107944,"date":"2022-06-13T10:09:21","date_gmt":"2022-06-13T13:09:21","guid":{"rendered":"https:\/\/eldiariodesanpedro.com.ar\/sitio\/?p=107944"},"modified":"2022-06-13T10:09:22","modified_gmt":"2022-06-13T13:09:22","slug":"el-centro-de-comercio-renovo-su-comision-directiva","status":"publish","type":"post","link":"https:\/\/eldiariodesanpedro.com.ar\/sitio\/el-centro-de-comercio-renovo-su-comision-directiva\/","title":{"rendered":"El Centro de Comercio renov\u00f3 su comisi\u00f3n directiva"},"content":{"rendered":"<!-- VideographyWP Plugin Message: Automatic video embedding prevented by plugin options. -->\n\n<p>En el Auditorio H\u00e9ctor Padula, el Centro de Comercio, Industria y Turismo de San Pedro renov\u00f3 este 9 de junio su Comisi\u00f3n Directiva a trav\u00e9s de la Asamblea General Ordinaria, oportunamente convocada.<\/p>\n\n\n\n<p>Tras una introducci\u00f3n a cargo del Sr. Presidente Ra\u00fal Cheyllada, cuyo mandato contin\u00faa un a\u00f1o m\u00e1s, se presentaron la Memoria con las acciones y gestiones realizadas desde la instituci\u00f3n durante el \u00faltimo ejercicio, y el Balance. Ambos puntos del orden del d\u00eda fueron aprobados por unanimidad.<\/p>\n\n\n\n<p>Cheyllada comparti\u00f3 un an\u00e1lisis sobre el contexto en el que el CCIT contin\u00faa generando acciones para ampliar la cantidad de socios, la valorizaci\u00f3n del rol que cumple la instituci\u00f3n y los nuevos servicios que se brindan.<\/p>\n\n\n\n<p>La situaci\u00f3n econ\u00f3mica de la entidad es equilibrada, no obstante, sigue constituyendo un desaf\u00edo para el futuro la generaci\u00f3n de nuevos ingresos y una puesta en valor m\u00e1s destacada de todo lo que representa la instituci\u00f3n y sus hist\u00f3ricas instalaciones en las que, dentro de lo posible, se realizan frecuentemente tareas de mantenimiento y refacciones.<\/p>\n\n\n\n<p>Tambi\u00e9n se destac\u00f3 la modernizaci\u00f3n de algunos sistemas operativos que permiten brindar mejores servicios a los socios y a quienes concurren a las oficinas de atenci\u00f3n al p\u00fablico.<\/p>\n\n\n\n<p>Durante los \u00faltimos a\u00f1os la instituci\u00f3n ha estado presente en espacios de an\u00e1lisis sobre la situaci\u00f3n general y el contexto de proyecci\u00f3n hacia el futuro, con una participaci\u00f3n muy importante. Adem\u00e1s se ha consolidado su \u00e1rea de capacitaci\u00f3n y formaci\u00f3n de proyectos ofreciendo a los emprendedores regionales cursos y talleres que constituyen un aporte muy valioso en los tiempos que corren. Para esto se ha contado con destacados profesionales y el respaldo de instituciones y universidades de primer nivel.<\/p>\n\n\n\n<p>La lista presentada para la renovaci\u00f3n fue encabezada por Rafael Gomila, que renueva por dos a\u00f1os su cargo como vicepresidente. En la misma n\u00f3mina \u00abLista Blanca\u00bb participan Mar\u00eda Victoria Villalba como Prosecretaria, Sandro Dar\u00edo Dotti como Protesorero, Hugo Avalos como vocal titular 2\u00ba, Sebasti\u00e1n Arocena como vocal titular 4\u00ba, Victor Gomila como vocal suplente 1\u00ba, Santiago Fari\u00f1a como vocal suplente 2\u00ba, Dante Ferrara como vocal suplente 3\u00ba, Yamila Rolfo como vocal suplente 4\u00ba, Jorge Micaelli, Roque D\u00edaz y An\u00edbal Righetti como revisores de cuentas.<\/p>\n\n\n\n<p>A partir de esta asamblea la Comisi\u00f3n Directiva con mandato 2022-2023 ha quedado conformada as\u00ed:<\/p>\n\n\n\n<p><strong>Presidente: Ra\u00fal Cheyllada<\/strong><br>Vicepresidente: Rafael Gomila <br>Secretario: Gonzalo Castagnola <br>Prosecretaria: Mar\u00eda Victoria Villalba <br>Tesorero: Roberto Seregni <br>Protesorero: Sandro Dotti <br>Vocal titular 1\u00ba: H\u00e9ctor Allegrone <br>Vocal titular 2\u00ba: Hugo Avalos <br>Vocal titular 3\u00ba: Mar\u00eda Estela Ronte <br>Vocal titular 4\u00b0: Sebasti\u00e1n Arocena <br>Vocal Suplente 1\u00ba: V\u00edctor Gomila <br>Vocal Suplente 2\u00ba: Santiago Fari\u00f1a <br>Vocal Suplente 3\u00ba: Dante Ferrara<\/p>\n\n\n\n<p>Vocal Suplente 4\u00ba: Yamila Rolfo<\/p>\n\n\n\n<p>Revisores de Cuentas: Jorge Micaelli, Roque D\u00edaz y An\u00edbal Righetti.<\/p>\n","protected":false},"excerpt":{"rendered":"<p>En el Auditorio H\u00e9ctor Padula, el Centro de Comercio, Industria y Turismo de San Pedro renov\u00f3 este 9 de junio su Comisi\u00f3n Directiva a trav\u00e9s de la Asamblea General Ordinaria, oportunamente convocada. Tras una introducci\u00f3n a cargo del Sr. Presidente Ra\u00fal Cheyllada, cuyo mandato contin\u00faa un a\u00f1o m\u00e1s, se presentaron la Memoria con las acciones [&hellip;]<\/p>\n","protected":false},"author":4,"featured_media":82411,"comment_status":"closed","ping_status":"closed","sticky":false,"template":"","format":"standard","meta":{"om_disable_all_campaigns":false,"_jetpack_memberships_contains_paid_content":false,"footnotes":""},"categories":[101,2],"tags":[197,696,33,19],"class_list":["post-107944","post","type-post","status-publish","format-standard","has-post-thumbnail","hentry","category-interes-general-locales","category-locales","tag-buenos-aires","tag-interes-general","tag-locales","tag-san-pedro"],"aioseo_notices":[],"gutentor_comment":0,"jetpack_featured_media_url":"https:\/\/eldiariodesanpedro.com.ar\/sitio\/wp-content\/uploads\/2020\/10\/centro-de-comercio-e-industria_3_1-1.jpg","jetpack_shortlink":"https:\/\/wp.me\/p6RhLt-s52","jetpack_sharing_enabled":true,"_links":{"self":[{"href":"https:\/\/eldiariodesanpedro.com.ar\/sitio\/wp-json\/wp\/v2\/posts\/107944","targetHints":{"allow":["GET"]}}],"collection":[{"href":"https:\/\/eldiariodesanpedro.com.ar\/sitio\/wp-json\/wp\/v2\/posts"}],"about":[{"href":"https:\/\/eldiariodesanpedro.com.ar\/sitio\/wp-json\/wp\/v2\/types\/post"}],"author":[{"embeddable":true,"href":"https:\/\/eldiariodesanpedro.com.ar\/sitio\/wp-json\/wp\/v2\/users\/4"}],"replies":[{"embeddable":true,"href":"https:\/\/eldiariodesanpedro.com.ar\/sitio\/wp-json\/wp\/v2\/comments?post=107944"}],"version-history":[{"count":1,"href":"https:\/\/eldiariodesanpedro.com.ar\/sitio\/wp-json\/wp\/v2\/posts\/107944\/revisions"}],"predecessor-version":[{"id":107945,"href":"https:\/\/eldiariodesanpedro.com.ar\/sitio\/wp-json\/wp\/v2\/posts\/107944\/revisions\/107945"}],"wp:featuredmedia":[{"embeddable":true,"href":"https:\/\/eldiariodesanpedro.com.ar\/sitio\/wp-json\/wp\/v2\/media\/82411"}],"wp:attachment":[{"href":"https:\/\/eldiariodesanpedro.com.ar\/sitio\/wp-json\/wp\/v2\/media?parent=107944"}],"wp:term":[{"taxonomy":"category","embeddable":true,"href":"https:\/\/eldiariodesanpedro.com.ar\/sitio\/wp-json\/wp\/v2\/categories?post=107944"},{"taxonomy":"post_tag","embeddable":true,"href":"https:\/\/eldiariodesanpedro.com.ar\/sitio\/wp-json\/wp\/v2\/tags?post=107944"}],"curies":[{"name":"wp","href":"https:\/\/api.w.org\/{rel}","templated":true}]}}