{"id":107936,"date":"2022-06-10T21:38:41","date_gmt":"2022-06-11T00:38:41","guid":{"rendered":"https:\/\/eldiariodesanpedro.com.ar\/sitio\/?p=107936"},"modified":"2022-06-29T17:17:13","modified_gmt":"2022-06-29T20:17:13","slug":"asamblea-general-ordinaria-asociacion-civil-emprender-desde-el-barrio-por-la-familia-y-el-trabajo-2","status":"publish","type":"post","link":"https:\/\/eldiariodesanpedro.com.ar\/sitio\/asamblea-general-ordinaria-asociacion-civil-emprender-desde-el-barrio-por-la-familia-y-el-trabajo-2\/","title":{"rendered":"Asamblea General Ordinaria Asociaci\u00f3n Civil Emprender desde el Barrio por la Familia y el Trabajo"},"content":{"rendered":"<!-- VideographyWP Plugin Message: Automatic video embedding prevented by plugin options. -->\n\n<p>Los integrantes de la Comisi\u00f3n Directiva de la Asociaci\u00f3n Civil Emprender desde el Barrio por la Familia y el Trabajo convocan para el d\u00eda 1\u00ba de Julio de 2022 a las 17:00 horas, en primera convocatoria, en RIOBAMBA 160, San Pedro, Buenos Aires a considerar el siguiente<\/p>\n\n\n\n<p>Orden del d\u00eda:<br>1\u00b0) Designaci\u00f3n de 2 asamble\u00edstas para firmar conjuntamente con el presidente y secretario el acta de Asamblea Ordinaria.<br>2\u00b0) Cambio de Sede Social.<br>3\u00b0) Consideraci\u00f3n de la Memoria, Balance General, por los Ejercicios Econ\u00f3micos N\u00b0 14 (del 1\/04\/2019 al 31\/03\/2020), N\u00b0 15 (del 1\/04\/2020 al 31\/03\/2021) y N\u00b0 16 (del 01\/04\/2021 al 31\/03\/2022)<br>4\u00b0) Elecci\u00f3n total de autoridades para el pr\u00f3ximo periodo.<br>Podr\u00e1n acceder a la documentaci\u00f3n pre-asamblearia todos los socios que se encuentren al d\u00eda en la sede social.<\/p>\n\n\n\n<p>Segunda Convocatoria<br>Transcurrida media hora de la fijada para el inicio de la Asamblea y no habiendo reunido el qu\u00f3rum exigido, la Asamblea sesionar\u00e1 cualquiera fuere el n\u00famero de socios presentes.<\/p>\n\n\n\n<p>Mirta Nelida Basualdo \u2013 Secretaria<br>Ra\u00fal Enrique Diaz \u2013 Presidente.<\/p>\n\n\n\n<p>(Publicaci\u00f3n V\u00e1lida para el d\u00eda 10 de junio de 2022)<\/p>\n","protected":false},"excerpt":{"rendered":"<p>Los integrantes de la Comisi\u00f3n Directiva de la Asociaci\u00f3n Civil Emprender desde el Barrio por la Familia y el Trabajo convocan para el d\u00eda 1\u00ba de Julio de 2022 a las 17:00 horas, en primera convocatoria, en RIOBAMBA 160, San Pedro, Buenos Aires a considerar el siguiente Orden del d\u00eda:1\u00b0) Designaci\u00f3n de 2 asamble\u00edstas para [&hellip;]<\/p>\n","protected":false},"author":4,"featured_media":107937,"comment_status":"closed","ping_status":"closed","sticky":false,"template":"","format":"standard","meta":{"om_disable_all_campaigns":false,"_jetpack_memberships_contains_paid_content":false,"footnotes":""},"categories":[678,676],"tags":[197,696,33,19],"class_list":["post-107936","post","type-post","status-publish","format-standard","has-post-thumbnail","hentry","category-convocatorias","category-edictos","tag-buenos-aires","tag-interes-general","tag-locales","tag-san-pedro"],"aioseo_notices":[],"gutentor_comment":0,"jetpack_featured_media_url":"https:\/\/eldiariodesanpedro.com.ar\/sitio\/wp-content\/uploads\/2022\/06\/Emprender-junio-2022.jpg","jetpack_shortlink":"https:\/\/wp.me\/p6RhLt-s4U","jetpack_sharing_enabled":true,"_links":{"self":[{"href":"https:\/\/eldiariodesanpedro.com.ar\/sitio\/wp-json\/wp\/v2\/posts\/107936","targetHints":{"allow":["GET"]}}],"collection":[{"href":"https:\/\/eldiariodesanpedro.com.ar\/sitio\/wp-json\/wp\/v2\/posts"}],"about":[{"href":"https:\/\/eldiariodesanpedro.com.ar\/sitio\/wp-json\/wp\/v2\/types\/post"}],"author":[{"embeddable":true,"href":"https:\/\/eldiariodesanpedro.com.ar\/sitio\/wp-json\/wp\/v2\/users\/4"}],"replies":[{"embeddable":true,"href":"https:\/\/eldiariodesanpedro.com.ar\/sitio\/wp-json\/wp\/v2\/comments?post=107936"}],"version-history":[{"count":3,"href":"https:\/\/eldiariodesanpedro.com.ar\/sitio\/wp-json\/wp\/v2\/posts\/107936\/revisions"}],"predecessor-version":[{"id":108467,"href":"https:\/\/eldiariodesanpedro.com.ar\/sitio\/wp-json\/wp\/v2\/posts\/107936\/revisions\/108467"}],"wp:featuredmedia":[{"embeddable":true,"href":"https:\/\/eldiariodesanpedro.com.ar\/sitio\/wp-json\/wp\/v2\/media\/107937"}],"wp:attachment":[{"href":"https:\/\/eldiariodesanpedro.com.ar\/sitio\/wp-json\/wp\/v2\/media?parent=107936"}],"wp:term":[{"taxonomy":"category","embeddable":true,"href":"https:\/\/eldiariodesanpedro.com.ar\/sitio\/wp-json\/wp\/v2\/categories?post=107936"},{"taxonomy":"post_tag","embeddable":true,"href":"https:\/\/eldiariodesanpedro.com.ar\/sitio\/wp-json\/wp\/v2\/tags?post=107936"}],"curies":[{"name":"wp","href":"https:\/\/api.w.org\/{rel}","templated":true}]}}