{"id":107924,"date":"2022-06-09T17:56:19","date_gmt":"2022-06-09T20:56:19","guid":{"rendered":"https:\/\/eldiariodesanpedro.com.ar\/sitio\/?p=107924"},"modified":"2022-06-09T17:56:20","modified_gmt":"2022-06-09T20:56:20","slug":"reconocido-delincuente-fue-apunalado-en-el-gluteo-en-la-zona-del-barrio-san-miguel","status":"publish","type":"post","link":"https:\/\/eldiariodesanpedro.com.ar\/sitio\/reconocido-delincuente-fue-apunalado-en-el-gluteo-en-la-zona-del-barrio-san-miguel\/","title":{"rendered":"Reconocido delincuente fue apu\u00f1alado en el gl\u00fateo en la zona del barrio San Miguel"},"content":{"rendered":"<!-- VideographyWP Plugin Message: Automatic video embedding prevented by plugin options. -->\n\n<p>Fue atacado en la zona del barrio San Miguel. El agresor lo marc\u00f3 en el gl\u00fateo y huy\u00f3. Una ambulancia lo traslad\u00f3 al Hospital, donde lo asistieron.<\/p>\n\n\n\n<p>Un joven de conocida trayectoria delictiva, con m\u00faltiples ingresos a la Comisar\u00eda desde que era menor de edad, fue atacado por otro con un arma blanca este jueves en horas de la siesta.<\/p>\n\n\n\n<p>El muchacho fue apu\u00f1alado en la zona de los gl\u00fateos por una persona cuya identidad dijo desconocer y fue trasladado por una ambulancia del Servicio de Emergencias Same 107.<\/p>\n\n\n\n<p>El episodio ocurri\u00f3 en calle Alvarado, entre Cruz Roja y Hermanos Indios, en inmediaciones del barrio San Miguel, conocido tambi\u00e9n como \u201clas 150 Viviendas\u201d.<\/p>\n\n\n\n<p>El joven, sindicado como el presunto autor de una serie de robos y da\u00f1os a autom\u00f3viles en la zona pr\u00f3xima al Hospital privado Sadiv resgistrados en las \u00faltimas semanas, permanece estable en el nosocomio, donde lo asistieron.<\/p>\n\n\n\n<p>Quienes conocen la jerga delictiva aseguran que al ataque con un arma blanca en la zona de los gl\u00fateos est\u00e1 relacionada con \u201cmarcar\u201d a la persona agredida.<\/p>\n\n\n\n<p><a href=\"https:\/\/www.laopinionsemanario.com.ar\/secciones\/policiales\/\"><\/a><\/p>\n","protected":false},"excerpt":{"rendered":"<p>Fue atacado en la zona del barrio San Miguel. El agresor lo marc\u00f3 en el gl\u00fateo y huy\u00f3. Una ambulancia lo traslad\u00f3 al Hospital, donde lo asistieron. Un joven de conocida trayectoria delictiva, con m\u00faltiples ingresos a la Comisar\u00eda desde que era menor de edad, fue atacado por otro con un arma blanca este jueves [&hellip;]<\/p>\n","protected":false},"author":4,"featured_media":69278,"comment_status":"closed","ping_status":"closed","sticky":false,"template":"","format":"standard","meta":{"om_disable_all_campaigns":false,"_jetpack_memberships_contains_paid_content":false,"footnotes":""},"categories":[50,101,2],"tags":[197,696,33,19],"class_list":["post-107924","post","type-post","status-publish","format-standard","has-post-thumbnail","hentry","category-destacadas","category-interes-general-locales","category-locales","tag-buenos-aires","tag-interes-general","tag-locales","tag-san-pedro"],"aioseo_notices":[],"gutentor_comment":0,"jetpack_featured_media_url":"https:\/\/eldiariodesanpedro.com.ar\/sitio\/wp-content\/uploads\/2020\/02\/hospital_guardia_1.jpg","jetpack_shortlink":"https:\/\/wp.me\/p6RhLt-s4I","jetpack_sharing_enabled":true,"_links":{"self":[{"href":"https:\/\/eldiariodesanpedro.com.ar\/sitio\/wp-json\/wp\/v2\/posts\/107924","targetHints":{"allow":["GET"]}}],"collection":[{"href":"https:\/\/eldiariodesanpedro.com.ar\/sitio\/wp-json\/wp\/v2\/posts"}],"about":[{"href":"https:\/\/eldiariodesanpedro.com.ar\/sitio\/wp-json\/wp\/v2\/types\/post"}],"author":[{"embeddable":true,"href":"https:\/\/eldiariodesanpedro.com.ar\/sitio\/wp-json\/wp\/v2\/users\/4"}],"replies":[{"embeddable":true,"href":"https:\/\/eldiariodesanpedro.com.ar\/sitio\/wp-json\/wp\/v2\/comments?post=107924"}],"version-history":[{"count":1,"href":"https:\/\/eldiariodesanpedro.com.ar\/sitio\/wp-json\/wp\/v2\/posts\/107924\/revisions"}],"predecessor-version":[{"id":107925,"href":"https:\/\/eldiariodesanpedro.com.ar\/sitio\/wp-json\/wp\/v2\/posts\/107924\/revisions\/107925"}],"wp:featuredmedia":[{"embeddable":true,"href":"https:\/\/eldiariodesanpedro.com.ar\/sitio\/wp-json\/wp\/v2\/media\/69278"}],"wp:attachment":[{"href":"https:\/\/eldiariodesanpedro.com.ar\/sitio\/wp-json\/wp\/v2\/media?parent=107924"}],"wp:term":[{"taxonomy":"category","embeddable":true,"href":"https:\/\/eldiariodesanpedro.com.ar\/sitio\/wp-json\/wp\/v2\/categories?post=107924"},{"taxonomy":"post_tag","embeddable":true,"href":"https:\/\/eldiariodesanpedro.com.ar\/sitio\/wp-json\/wp\/v2\/tags?post=107924"}],"curies":[{"name":"wp","href":"https:\/\/api.w.org\/{rel}","templated":true}]}}