{"id":107918,"date":"2022-06-09T17:48:27","date_gmt":"2022-06-09T20:48:27","guid":{"rendered":"https:\/\/eldiariodesanpedro.com.ar\/sitio\/?p=107918"},"modified":"2022-06-09T17:50:36","modified_gmt":"2022-06-09T20:50:36","slug":"una-motociclista-accidentada-al-ser-impactada-por-otras-dos-motos-que-circulaban-en-la-misma-direccion","status":"publish","type":"post","link":"https:\/\/eldiariodesanpedro.com.ar\/sitio\/una-motociclista-accidentada-al-ser-impactada-por-otras-dos-motos-que-circulaban-en-la-misma-direccion\/","title":{"rendered":"Una motociclista accidentada al ser impactada por otras dos motos que circulaban en la misma direcci\u00f3n"},"content":{"rendered":"<!-- VideographyWP Plugin Message: Automatic video embedding prevented by plugin options. -->\n\n<p>La joven circulaba por Combate de Obligado cuando a la altura de Bozzano otras dos motocicletas la encerraron. Testigos se\u00f1alaron que tras el accidente, las personas que iban en los otros veh\u00edculos se retiraron. Una ambulancia traslad\u00f3 al Hospital a la chica, con lesiones en el rostro.<\/p>\n\n\n\n<p>Una ambulancia del Servicio de Emergencias Same 107 traslad\u00f3 al Hospital a una joven que circulaba en moto y cay\u00f3 al pavimento tras ser encerrada por otros dos veh\u00edculos similares.<\/p>\n\n\n\n<p>El extra\u00f1o accidente se produjo en calle Combate de Obligado casi Bozzano, cuando la chica fue encerrada por otras dos motos en las que iban dos j\u00f3venes, uno en cada rodado.<\/p>\n\n\n\n<p>Vecinos de la zona que vieron la situaci\u00f3n informaron a La Opini\u00f3n que observaron cuando las dos motos encierran a la chica y caen los tres al pavimento.<\/p>\n\n\n\n<p>Los j\u00f3venes que iban en las otras motocicletas se levantaron y se fueron, mientras que la joven sufri\u00f3 diversas lesiones en el rostro y fue trasladada a la Guardia para su asistencia m\u00e9dica.<\/p>\n\n\n\n<p>La motocicleta de la chica se la llevaron allegados a ella, indicaron desde la zona. Los vecinos que vieron el episodio sospechan que la joven podr\u00eda haber sido encerrada con fines de robo.<\/p>\n\n\n\n<figure class=\"wp-block-image size-large\"><img decoding=\"async\" width=\"1024\" height=\"497\" data-attachment-id=\"107922\" data-permalink=\"https:\/\/eldiariodesanpedro.com.ar\/sitio\/una-motociclista-accidentada-al-ser-impactada-por-otras-dos-motos-que-circulaban-en-la-misma-direccion\/09f1103b-45b8-40dc-9421-34aa35295df7\/\" data-orig-file=\"https:\/\/eldiariodesanpedro.com.ar\/sitio\/wp-content\/uploads\/2022\/06\/09f1103b-45b8-40dc-9421-34aa35295df7.jpg\" data-orig-size=\"1200,583\" data-comments-opened=\"0\" data-image-meta=\"{&quot;aperture&quot;:&quot;0&quot;,&quot;credit&quot;:&quot;&quot;,&quot;camera&quot;:&quot;&quot;,&quot;caption&quot;:&quot;&quot;,&quot;created_timestamp&quot;:&quot;0&quot;,&quot;copyright&quot;:&quot;&quot;,&quot;focal_length&quot;:&quot;0&quot;,&quot;iso&quot;:&quot;0&quot;,&quot;shutter_speed&quot;:&quot;0&quot;,&quot;title&quot;:&quot;&quot;,&quot;orientation&quot;:&quot;0&quot;}\" data-image-title=\"09f1103b-45b8-40dc-9421-34aa35295df7\" data-image-description=\"\" data-image-caption=\"\" data-large-file=\"https:\/\/eldiariodesanpedro.com.ar\/sitio\/wp-content\/uploads\/2022\/06\/09f1103b-45b8-40dc-9421-34aa35295df7-1024x497.jpg\" data-src=\"https:\/\/eldiariodesanpedro.com.ar\/sitio\/wp-content\/uploads\/2022\/06\/09f1103b-45b8-40dc-9421-34aa35295df7-1024x497.jpg\" alt=\"\" class=\"wp-image-107922 lazyload\" data-srcset=\"https:\/\/eldiariodesanpedro.com.ar\/sitio\/wp-content\/uploads\/2022\/06\/09f1103b-45b8-40dc-9421-34aa35295df7-1024x497.jpg 1024w, https:\/\/eldiariodesanpedro.com.ar\/sitio\/wp-content\/uploads\/2022\/06\/09f1103b-45b8-40dc-9421-34aa35295df7-300x146.jpg 300w, https:\/\/eldiariodesanpedro.com.ar\/sitio\/wp-content\/uploads\/2022\/06\/09f1103b-45b8-40dc-9421-34aa35295df7-768x373.jpg 768w, https:\/\/eldiariodesanpedro.com.ar\/sitio\/wp-content\/uploads\/2022\/06\/09f1103b-45b8-40dc-9421-34aa35295df7.jpg 1200w\" data-sizes=\"(max-width: 1024px) 100vw, 1024px\" src=\"data:image\/svg+xml;base64,PHN2ZyB3aWR0aD0iMSIgaGVpZ2h0PSIxIiB4bWxucz0iaHR0cDovL3d3dy53My5vcmcvMjAwMC9zdmciPjwvc3ZnPg==\" style=\"--smush-placeholder-width: 1024px; --smush-placeholder-aspect-ratio: 1024\/497;\" \/><\/figure>\n\n\n\n<p><a href=\"https:\/\/www.laopinionsemanario.com.ar\/secciones\/informacion-general\/\"><\/a><\/p>\n","protected":false},"excerpt":{"rendered":"<p>La joven circulaba por Combate de Obligado cuando a la altura de Bozzano otras dos motocicletas la encerraron. Testigos se\u00f1alaron que tras el accidente, las personas que iban en los otros veh\u00edculos se retiraron. Una ambulancia traslad\u00f3 al Hospital a la chica, con lesiones en el rostro. Una ambulancia del Servicio de Emergencias Same 107 [&hellip;]<\/p>\n","protected":false},"author":4,"featured_media":107919,"comment_status":"closed","ping_status":"closed","sticky":false,"template":"","format":"standard","meta":{"om_disable_all_campaigns":false,"_jetpack_memberships_contains_paid_content":false,"footnotes":""},"categories":[50,2,103],"tags":[197,33,95,19],"class_list":["post-107918","post","type-post","status-publish","format-standard","has-post-thumbnail","hentry","category-destacadas","category-locales","category-policiales-locales","tag-buenos-aires","tag-locales","tag-policiales","tag-san-pedro"],"aioseo_notices":[],"gutentor_comment":0,"jetpack_featured_media_url":"https:\/\/eldiariodesanpedro.com.ar\/sitio\/wp-content\/uploads\/2022\/06\/medida-3.jpg","jetpack_shortlink":"https:\/\/wp.me\/p6RhLt-s4C","jetpack_sharing_enabled":true,"_links":{"self":[{"href":"https:\/\/eldiariodesanpedro.com.ar\/sitio\/wp-json\/wp\/v2\/posts\/107918","targetHints":{"allow":["GET"]}}],"collection":[{"href":"https:\/\/eldiariodesanpedro.com.ar\/sitio\/wp-json\/wp\/v2\/posts"}],"about":[{"href":"https:\/\/eldiariodesanpedro.com.ar\/sitio\/wp-json\/wp\/v2\/types\/post"}],"author":[{"embeddable":true,"href":"https:\/\/eldiariodesanpedro.com.ar\/sitio\/wp-json\/wp\/v2\/users\/4"}],"replies":[{"embeddable":true,"href":"https:\/\/eldiariodesanpedro.com.ar\/sitio\/wp-json\/wp\/v2\/comments?post=107918"}],"version-history":[{"count":2,"href":"https:\/\/eldiariodesanpedro.com.ar\/sitio\/wp-json\/wp\/v2\/posts\/107918\/revisions"}],"predecessor-version":[{"id":107923,"href":"https:\/\/eldiariodesanpedro.com.ar\/sitio\/wp-json\/wp\/v2\/posts\/107918\/revisions\/107923"}],"wp:featuredmedia":[{"embeddable":true,"href":"https:\/\/eldiariodesanpedro.com.ar\/sitio\/wp-json\/wp\/v2\/media\/107919"}],"wp:attachment":[{"href":"https:\/\/eldiariodesanpedro.com.ar\/sitio\/wp-json\/wp\/v2\/media?parent=107918"}],"wp:term":[{"taxonomy":"category","embeddable":true,"href":"https:\/\/eldiariodesanpedro.com.ar\/sitio\/wp-json\/wp\/v2\/categories?post=107918"},{"taxonomy":"post_tag","embeddable":true,"href":"https:\/\/eldiariodesanpedro.com.ar\/sitio\/wp-json\/wp\/v2\/tags?post=107918"}],"curies":[{"name":"wp","href":"https:\/\/api.w.org\/{rel}","templated":true}]}}