{"id":107913,"date":"2022-06-09T11:33:20","date_gmt":"2022-06-09T14:33:20","guid":{"rendered":"https:\/\/eldiariodesanpedro.com.ar\/sitio\/?p=107913"},"modified":"2022-06-09T11:33:21","modified_gmt":"2022-06-09T14:33:21","slug":"en-rafaela-el-pichi-iglesias-inscribia-su-nombre-como-ganador-del-tc","status":"publish","type":"post","link":"https:\/\/eldiariodesanpedro.com.ar\/sitio\/en-rafaela-el-pichi-iglesias-inscribia-su-nombre-como-ganador-del-tc\/","title":{"rendered":"En Rafaela el \u201cPichi\u201d Iglesias inscrib\u00eda su nombre como ganador del TC"},"content":{"rendered":"<!-- VideographyWP Plugin Message: Automatic video embedding prevented by plugin options. -->\n\n<p>Hace 28 a\u00f1os el piloto sampedrino se sub\u00eda a lo m\u00e1s alto del podio del Turismo Carretera al imponerse en la final corrida en Rafaela. Ese d\u00eda \u00abPichi\u00bb comparti\u00f3 podio con Satriano y Urretavizcaya.<\/p>\n\n\n\n<p>Fue un 5 de Junio, pero de 1994, el TC se presentaba en el ovalo de Rafaela, no fue grande la convocatoria de publico, 45 autos se hac\u00edan presente a la hora de clasificar, se corrieron tres series, la primera la ganaba Emilio Satriano, que tambi\u00e9n hab\u00eda dominado la clasificaci\u00f3n, en esta serie lo segu\u00edan al de Chivilcoy, Fernando \u201cPichi\u201d Iglesias y el que retornaba a la actividad, ahora con Dodge Oscar Aventin; la 2da. serie era para Walter Hern\u00e1ndez, lo segu\u00eda al Chevrolet de Roberto Urretavizcaya, tercero era el \u201cTano\u201d Vicente Pernia con otro Ford al igual que el ganador; la 3ra. Serie era para el Dodge Guillermo del Barrio, lo segu\u00edan los Ford de Juan C. Nespria y el de Olavaria el \u201cChueco\u201d Romero.<\/p>\n\n\n\n<p>La final parec\u00eda que era para Satriano, lo segu\u00edan \u201cPichi\u201d Iglesias, Hern\u00e1ndez y Urreta, pasada unas vueltas es Iglesias el que toma la punta de la competencia en la vuelta 12da. garrido rompe el motor en la entrada a la chicana y adem\u00e1s del aceite derramado, una densa humareda que provoca toque y encontronazos que hacen a la detenci\u00f3n de la carrera, vuelta a largar las autoridades deciden como lo marca el reglamento realizar la clasificaci\u00f3n final por suma de tiempos, las once primeras hasta la detenci\u00f3n con bandera roja y las restantes siete, para totalizar 18 vueltas de las 21 pactadas inicialmente, por mas que Satriano logro superar al \u201cPichi\u201d despu\u00e9s de tres o cuatro vueltas de relanzada la competencia, la astucia del de San Pedro al chuparse al de Chivilcoy y no le permiti\u00f3 la escapada, sabedor que por suma de tiempos era el ganador, la bandera a cuadros la vio en pista primero el \u201cObispo\u201d Emilio Satriano, el ganador era el \u201cPichi\u201d Iglesias, completaba el podio \u201cTito\u201d Urretavizcaya para ponerle un mo\u00f1o a la triolog\u00eda ganadora, este fue el clasificador&nbsp;&nbsp;&nbsp;&nbsp;&nbsp;&nbsp;&nbsp;<\/p>\n\n\n\n<p>Pos. Piloto &#8211; Marca &#8211; Tiempo\/Dif.&nbsp;<br>1\u00ba Fernado Iglesias &#8211; Chevrolet 27m52s349<br>2\u00ba Emilio Satriano &#8211; Chevrolet a 1s 321\/000<br>3\u00ba Roberto Urretavizcaya &#8211; Chevrolet a 3s 602\/000<br>4\u00ba Walter Hernandez &#8211; Ford&nbsp;<br>5\u00ba Guillermo Del Barrio &#8211; Dodge&nbsp;<br>6\u00ba Vicente Pernia &#8211; Ford&nbsp;<br>7\u00ba Fabian Acu\u00f1a &#8211; Ford&nbsp;<br>8\u00ba Eduardo Ramos &#8211; Ford&nbsp;<br>9\u00ba Jose Romero &#8211; Ford&nbsp;<br>10\u00ba Hector Pacchialat \u2013 Dodge<\/p>\n\n\n\n<p>El promedio del ganador fue de 184km 52 metros x hora.<br>El record de vueltas para Raul Sinelli con 1m 31s 498\/000 a 186km 900 metros x hora, logrado en la 2da. Vta.<\/p>\n\n\n\n<p>REVISTA CORSA<\/p>\n","protected":false},"excerpt":{"rendered":"<p>Hace 28 a\u00f1os el piloto sampedrino se sub\u00eda a lo m\u00e1s alto del podio del Turismo Carretera al imponerse en la final corrida en Rafaela. Ese d\u00eda \u00abPichi\u00bb comparti\u00f3 podio con Satriano y Urretavizcaya. Fue un 5 de Junio, pero de 1994, el TC se presentaba en el ovalo de Rafaela, no fue grande la [&hellip;]<\/p>\n","protected":false},"author":4,"featured_media":107914,"comment_status":"closed","ping_status":"closed","sticky":false,"template":"","format":"standard","meta":{"om_disable_all_campaigns":false,"_jetpack_memberships_contains_paid_content":false,"footnotes":""},"categories":[101,2],"tags":[197,696,33,19],"class_list":["post-107913","post","type-post","status-publish","format-standard","has-post-thumbnail","hentry","category-interes-general-locales","category-locales","tag-buenos-aires","tag-interes-general","tag-locales","tag-san-pedro"],"aioseo_notices":[],"gutentor_comment":0,"jetpack_featured_media_url":"https:\/\/eldiariodesanpedro.com.ar\/sitio\/wp-content\/uploads\/2022\/06\/0000020959-resized-1920x1080-1.jpg","jetpack_shortlink":"https:\/\/wp.me\/p6RhLt-s4x","jetpack_sharing_enabled":true,"_links":{"self":[{"href":"https:\/\/eldiariodesanpedro.com.ar\/sitio\/wp-json\/wp\/v2\/posts\/107913","targetHints":{"allow":["GET"]}}],"collection":[{"href":"https:\/\/eldiariodesanpedro.com.ar\/sitio\/wp-json\/wp\/v2\/posts"}],"about":[{"href":"https:\/\/eldiariodesanpedro.com.ar\/sitio\/wp-json\/wp\/v2\/types\/post"}],"author":[{"embeddable":true,"href":"https:\/\/eldiariodesanpedro.com.ar\/sitio\/wp-json\/wp\/v2\/users\/4"}],"replies":[{"embeddable":true,"href":"https:\/\/eldiariodesanpedro.com.ar\/sitio\/wp-json\/wp\/v2\/comments?post=107913"}],"version-history":[{"count":1,"href":"https:\/\/eldiariodesanpedro.com.ar\/sitio\/wp-json\/wp\/v2\/posts\/107913\/revisions"}],"predecessor-version":[{"id":107915,"href":"https:\/\/eldiariodesanpedro.com.ar\/sitio\/wp-json\/wp\/v2\/posts\/107913\/revisions\/107915"}],"wp:featuredmedia":[{"embeddable":true,"href":"https:\/\/eldiariodesanpedro.com.ar\/sitio\/wp-json\/wp\/v2\/media\/107914"}],"wp:attachment":[{"href":"https:\/\/eldiariodesanpedro.com.ar\/sitio\/wp-json\/wp\/v2\/media?parent=107913"}],"wp:term":[{"taxonomy":"category","embeddable":true,"href":"https:\/\/eldiariodesanpedro.com.ar\/sitio\/wp-json\/wp\/v2\/categories?post=107913"},{"taxonomy":"post_tag","embeddable":true,"href":"https:\/\/eldiariodesanpedro.com.ar\/sitio\/wp-json\/wp\/v2\/tags?post=107913"}],"curies":[{"name":"wp","href":"https:\/\/api.w.org\/{rel}","templated":true}]}}