{"id":107910,"date":"2022-06-09T11:23:30","date_gmt":"2022-06-09T14:23:30","guid":{"rendered":"https:\/\/eldiariodesanpedro.com.ar\/sitio\/?p=107910"},"modified":"2022-06-09T11:23:30","modified_gmt":"2022-06-09T14:23:30","slug":"el-intendente-ramon-salazar-agasajo-a-la-prensa-local-en-su-dia","status":"publish","type":"post","link":"https:\/\/eldiariodesanpedro.com.ar\/sitio\/el-intendente-ramon-salazar-agasajo-a-la-prensa-local-en-su-dia\/","title":{"rendered":"El intendente Ram\u00f3n Salazar agasaj\u00f3 a la prensa local en su d\u00eda"},"content":{"rendered":"<!-- VideographyWP Plugin Message: Automatic video embedding prevented by plugin options. -->\n\n<p>Como ya es tradici\u00f3n el jefe comunal y parte de su gabinete reuni\u00f3 a los periodistas de la ciudad para celebrar su d\u00eda. Fue por medio de una cena desarrollada el martes por la noche.<\/p>\n\n\n\n<p>En el d\u00eda del periodista el Intendente Municipal Ram\u00f3n Salazar agasaj\u00f3 a la prensa sampedrina con una cena que se llev\u00f3 a cabo en el sal\u00f3n Dilvato.<\/p>\n\n\n\n<p>Representantes de distintos medios sampedrinos participaron de la reuni\u00f3n de la que adem\u00e1s del intendente estuvieron presentes el Secretario de Gobierno Alfredo Carrasco y los integrantes del \u00e1rea de prensa de la municipalidad de San Pedro. Salazar agradeci\u00f3 la presencia de todos y una vez m\u00e1s destac\u00f3 la labor que los medios de comunicaci\u00f3n desarrollan ante la comunidad.<\/p>\n\n\n\n<p>Agradecemos al mandatario local la atenci\u00f3n prestada a nuestros periodistas y el reconocimiento a la labor diaria que realizamos.<a href=\"http:\/\/canalwebsanpedro.com.ar\/jornada-de-recepcion-y-concientizacion-13-mil-envases-recuperados\/\"><\/a><\/p>\n","protected":false},"excerpt":{"rendered":"<p>Como ya es tradici\u00f3n el jefe comunal y parte de su gabinete reuni\u00f3 a los periodistas de la ciudad para celebrar su d\u00eda. Fue por medio de una cena desarrollada el martes por la noche. En el d\u00eda del periodista el Intendente Municipal Ram\u00f3n Salazar agasaj\u00f3 a la prensa sampedrina con una cena que se [&hellip;]<\/p>\n","protected":false},"author":4,"featured_media":107911,"comment_status":"closed","ping_status":"closed","sticky":false,"template":"","format":"standard","meta":{"om_disable_all_campaigns":false,"_jetpack_memberships_contains_paid_content":false,"footnotes":""},"categories":[101,2],"tags":[197,696,33,19],"class_list":["post-107910","post","type-post","status-publish","format-standard","has-post-thumbnail","hentry","category-interes-general-locales","category-locales","tag-buenos-aires","tag-interes-general","tag-locales","tag-san-pedro"],"aioseo_notices":[],"gutentor_comment":0,"jetpack_featured_media_url":"https:\/\/eldiariodesanpedro.com.ar\/sitio\/wp-content\/uploads\/2022\/06\/0000020960-resized-1920x1080-1.jpg","jetpack_shortlink":"https:\/\/wp.me\/p6RhLt-s4u","jetpack_sharing_enabled":true,"_links":{"self":[{"href":"https:\/\/eldiariodesanpedro.com.ar\/sitio\/wp-json\/wp\/v2\/posts\/107910","targetHints":{"allow":["GET"]}}],"collection":[{"href":"https:\/\/eldiariodesanpedro.com.ar\/sitio\/wp-json\/wp\/v2\/posts"}],"about":[{"href":"https:\/\/eldiariodesanpedro.com.ar\/sitio\/wp-json\/wp\/v2\/types\/post"}],"author":[{"embeddable":true,"href":"https:\/\/eldiariodesanpedro.com.ar\/sitio\/wp-json\/wp\/v2\/users\/4"}],"replies":[{"embeddable":true,"href":"https:\/\/eldiariodesanpedro.com.ar\/sitio\/wp-json\/wp\/v2\/comments?post=107910"}],"version-history":[{"count":1,"href":"https:\/\/eldiariodesanpedro.com.ar\/sitio\/wp-json\/wp\/v2\/posts\/107910\/revisions"}],"predecessor-version":[{"id":107912,"href":"https:\/\/eldiariodesanpedro.com.ar\/sitio\/wp-json\/wp\/v2\/posts\/107910\/revisions\/107912"}],"wp:featuredmedia":[{"embeddable":true,"href":"https:\/\/eldiariodesanpedro.com.ar\/sitio\/wp-json\/wp\/v2\/media\/107911"}],"wp:attachment":[{"href":"https:\/\/eldiariodesanpedro.com.ar\/sitio\/wp-json\/wp\/v2\/media?parent=107910"}],"wp:term":[{"taxonomy":"category","embeddable":true,"href":"https:\/\/eldiariodesanpedro.com.ar\/sitio\/wp-json\/wp\/v2\/categories?post=107910"},{"taxonomy":"post_tag","embeddable":true,"href":"https:\/\/eldiariodesanpedro.com.ar\/sitio\/wp-json\/wp\/v2\/tags?post=107910"}],"curies":[{"name":"wp","href":"https:\/\/api.w.org\/{rel}","templated":true}]}}