{"id":107908,"date":"2022-06-09T11:12:14","date_gmt":"2022-06-09T14:12:14","guid":{"rendered":"https:\/\/eldiariodesanpedro.com.ar\/sitio\/?p=107908"},"modified":"2022-06-09T11:12:15","modified_gmt":"2022-06-09T14:12:15","slug":"se-realizaron-mas-allanamientos-por-el-robo-a-cara-o-cruz","status":"publish","type":"post","link":"https:\/\/eldiariodesanpedro.com.ar\/sitio\/se-realizaron-mas-allanamientos-por-el-robo-a-cara-o-cruz\/","title":{"rendered":"Se realizaron mas allanamientos por el robo a Cara o Cruz"},"content":{"rendered":"<!-- VideographyWP Plugin Message: Automatic video embedding prevented by plugin options. -->\n\n<p>En la tarde de ayer, personal policial de la comisar\u00eda en el marco de la continuaci\u00f3n de las tareas investigativas diligenci\u00f3 nuevo allanamiento en el marco de hecho de robo en comercio zona c\u00e9ntrica calle Brenan entre Hermano Indio y Benefactora Sampedrina no logrando secuestro.&nbsp;<\/p>\n\n\n\n<p>Se buscaban nuevos elementos probatorios, respecto de los imputados detenidos por el hecho dos masculinos de 18 a\u00f1os de edad, a\u00fan permanecen detenidos en sede policial tras ser indagados en la ma\u00f1ana de ayer en sede judicial.&nbsp;&nbsp;&nbsp;<\/p>\n","protected":false},"excerpt":{"rendered":"<p>En la tarde de ayer, personal policial de la comisar\u00eda en el marco de la continuaci\u00f3n de las tareas investigativas diligenci\u00f3 nuevo allanamiento en el marco de hecho de robo en comercio zona c\u00e9ntrica calle Brenan entre Hermano Indio y Benefactora Sampedrina no logrando secuestro.&nbsp; Se buscaban nuevos elementos probatorios, respecto de los imputados detenidos [&hellip;]<\/p>\n","protected":false},"author":4,"featured_media":8129,"comment_status":"closed","ping_status":"closed","sticky":false,"template":"","format":"standard","meta":{"om_disable_all_campaigns":false,"_jetpack_memberships_contains_paid_content":false,"footnotes":""},"categories":[2,103],"tags":[197,33,95,19],"class_list":["post-107908","post","type-post","status-publish","format-standard","has-post-thumbnail","hentry","category-locales","category-policiales-locales","tag-buenos-aires","tag-locales","tag-policiales","tag-san-pedro"],"aioseo_notices":[],"gutentor_comment":0,"jetpack_featured_media_url":"https:\/\/eldiariodesanpedro.com.ar\/sitio\/wp-content\/uploads\/2016\/09\/allanamientos-01.jpg","jetpack_shortlink":"https:\/\/wp.me\/p6RhLt-s4s","jetpack_sharing_enabled":true,"_links":{"self":[{"href":"https:\/\/eldiariodesanpedro.com.ar\/sitio\/wp-json\/wp\/v2\/posts\/107908","targetHints":{"allow":["GET"]}}],"collection":[{"href":"https:\/\/eldiariodesanpedro.com.ar\/sitio\/wp-json\/wp\/v2\/posts"}],"about":[{"href":"https:\/\/eldiariodesanpedro.com.ar\/sitio\/wp-json\/wp\/v2\/types\/post"}],"author":[{"embeddable":true,"href":"https:\/\/eldiariodesanpedro.com.ar\/sitio\/wp-json\/wp\/v2\/users\/4"}],"replies":[{"embeddable":true,"href":"https:\/\/eldiariodesanpedro.com.ar\/sitio\/wp-json\/wp\/v2\/comments?post=107908"}],"version-history":[{"count":1,"href":"https:\/\/eldiariodesanpedro.com.ar\/sitio\/wp-json\/wp\/v2\/posts\/107908\/revisions"}],"predecessor-version":[{"id":107909,"href":"https:\/\/eldiariodesanpedro.com.ar\/sitio\/wp-json\/wp\/v2\/posts\/107908\/revisions\/107909"}],"wp:featuredmedia":[{"embeddable":true,"href":"https:\/\/eldiariodesanpedro.com.ar\/sitio\/wp-json\/wp\/v2\/media\/8129"}],"wp:attachment":[{"href":"https:\/\/eldiariodesanpedro.com.ar\/sitio\/wp-json\/wp\/v2\/media?parent=107908"}],"wp:term":[{"taxonomy":"category","embeddable":true,"href":"https:\/\/eldiariodesanpedro.com.ar\/sitio\/wp-json\/wp\/v2\/categories?post=107908"},{"taxonomy":"post_tag","embeddable":true,"href":"https:\/\/eldiariodesanpedro.com.ar\/sitio\/wp-json\/wp\/v2\/tags?post=107908"}],"curies":[{"name":"wp","href":"https:\/\/api.w.org\/{rel}","templated":true}]}}