{"id":107906,"date":"2022-06-09T11:05:29","date_gmt":"2022-06-09T14:05:29","guid":{"rendered":"https:\/\/eldiariodesanpedro.com.ar\/sitio\/?p=107906"},"modified":"2022-06-09T11:05:30","modified_gmt":"2022-06-09T14:05:30","slug":"le-robaron-todo-lo-que-tenia-dentro-del-automovil","status":"publish","type":"post","link":"https:\/\/eldiariodesanpedro.com.ar\/sitio\/le-robaron-todo-lo-que-tenia-dentro-del-automovil\/","title":{"rendered":"Le robaron todo lo que tenia dentro del autom\u00f3vil"},"content":{"rendered":"<!-- VideographyWP Plugin Message: Automatic video embedding prevented by plugin options. -->\n\n<p>Este mi\u00e9rcoles por la noche en la comisar\u00eda local denunci\u00f3 un ciudadano de 47 a\u00f1os 47 a\u00f1os que al egresar a las 16 hs de la cl\u00ednica SADIV que se encuentra en Av. Sarmiento y Goycochea donde trabaja, constata un gran desorden en el interior de su autom\u00f3vil y da\u00f1os en la puerta del acompa\u00f1ante, mismo lo hab\u00eda dejado estacionado en la v\u00eda p\u00fablica horas antes.&nbsp;<\/p>\n\n\n\n<p>Interviene UFI 11.-<\/p>\n","protected":false},"excerpt":{"rendered":"<p>Este mi\u00e9rcoles por la noche en la comisar\u00eda local denunci\u00f3 un ciudadano de 47 a\u00f1os 47 a\u00f1os que al egresar a las 16 hs de la cl\u00ednica SADIV que se encuentra en Av. Sarmiento y Goycochea donde trabaja, constata un gran desorden en el interior de su autom\u00f3vil y da\u00f1os en la puerta del acompa\u00f1ante, [&hellip;]<\/p>\n","protected":false},"author":4,"featured_media":77860,"comment_status":"closed","ping_status":"closed","sticky":false,"template":"","format":"standard","meta":{"om_disable_all_campaigns":false,"_jetpack_memberships_contains_paid_content":false,"footnotes":""},"categories":[2,103],"tags":[197,33,95,19],"class_list":["post-107906","post","type-post","status-publish","format-standard","has-post-thumbnail","hentry","category-locales","category-policiales-locales","tag-buenos-aires","tag-locales","tag-policiales","tag-san-pedro"],"aioseo_notices":[],"gutentor_comment":0,"jetpack_featured_media_url":"https:\/\/eldiariodesanpedro.com.ar\/sitio\/wp-content\/uploads\/2020\/07\/000085506.jpg","jetpack_shortlink":"https:\/\/wp.me\/p6RhLt-s4q","jetpack_sharing_enabled":true,"_links":{"self":[{"href":"https:\/\/eldiariodesanpedro.com.ar\/sitio\/wp-json\/wp\/v2\/posts\/107906","targetHints":{"allow":["GET"]}}],"collection":[{"href":"https:\/\/eldiariodesanpedro.com.ar\/sitio\/wp-json\/wp\/v2\/posts"}],"about":[{"href":"https:\/\/eldiariodesanpedro.com.ar\/sitio\/wp-json\/wp\/v2\/types\/post"}],"author":[{"embeddable":true,"href":"https:\/\/eldiariodesanpedro.com.ar\/sitio\/wp-json\/wp\/v2\/users\/4"}],"replies":[{"embeddable":true,"href":"https:\/\/eldiariodesanpedro.com.ar\/sitio\/wp-json\/wp\/v2\/comments?post=107906"}],"version-history":[{"count":1,"href":"https:\/\/eldiariodesanpedro.com.ar\/sitio\/wp-json\/wp\/v2\/posts\/107906\/revisions"}],"predecessor-version":[{"id":107907,"href":"https:\/\/eldiariodesanpedro.com.ar\/sitio\/wp-json\/wp\/v2\/posts\/107906\/revisions\/107907"}],"wp:featuredmedia":[{"embeddable":true,"href":"https:\/\/eldiariodesanpedro.com.ar\/sitio\/wp-json\/wp\/v2\/media\/77860"}],"wp:attachment":[{"href":"https:\/\/eldiariodesanpedro.com.ar\/sitio\/wp-json\/wp\/v2\/media?parent=107906"}],"wp:term":[{"taxonomy":"category","embeddable":true,"href":"https:\/\/eldiariodesanpedro.com.ar\/sitio\/wp-json\/wp\/v2\/categories?post=107906"},{"taxonomy":"post_tag","embeddable":true,"href":"https:\/\/eldiariodesanpedro.com.ar\/sitio\/wp-json\/wp\/v2\/tags?post=107906"}],"curies":[{"name":"wp","href":"https:\/\/api.w.org\/{rel}","templated":true}]}}