{"id":107901,"date":"2022-06-09T10:53:39","date_gmt":"2022-06-09T13:53:39","guid":{"rendered":"https:\/\/eldiariodesanpedro.com.ar\/sitio\/?p=107901"},"modified":"2022-06-09T10:53:39","modified_gmt":"2022-06-09T13:53:39","slug":"volco-un-automovil-en-el-camino-de-guzzo","status":"publish","type":"post","link":"https:\/\/eldiariodesanpedro.com.ar\/sitio\/volco-un-automovil-en-el-camino-de-guzzo\/","title":{"rendered":"Volc\u00f3 un autom\u00f3vil en el camino de Guzzo"},"content":{"rendered":"<!-- VideographyWP Plugin Message: Automatic video embedding prevented by plugin options. -->\n\n<p>Este mi\u00e9rcoles alrededor de las 16 hs por razones tratase establecer en el camino de Guzzo S\/N Gobernador Castro, despista y vuelca autom\u00f3vil sin intervenci\u00f3n aparente de terceros, guiada por ciudadano de 38 y acompa\u00f1ante una mujer de 38 ambos domiciliados en San Pedro.&nbsp;<\/p>\n\n\n\n<p>Consecuencia esta \u00faltima es trasladada al hospital presentando lesiones de car\u00e1cter leves de no mediar complicaciones, la cual fue dada de alta minutos m\u00e1s tarde.&nbsp;<\/p>\n\n\n\n<p>Interviene UFI 11.-<\/p>\n","protected":false},"excerpt":{"rendered":"<p>Este mi\u00e9rcoles alrededor de las 16 hs por razones tratase establecer en el camino de Guzzo S\/N Gobernador Castro, despista y vuelca autom\u00f3vil sin intervenci\u00f3n aparente de terceros, guiada por ciudadano de 38 y acompa\u00f1ante una mujer de 38 ambos domiciliados en San Pedro.&nbsp; Consecuencia esta \u00faltima es trasladada al hospital presentando lesiones de car\u00e1cter [&hellip;]<\/p>\n","protected":false},"author":4,"featured_media":107902,"comment_status":"closed","ping_status":"closed","sticky":false,"template":"","format":"standard","meta":{"om_disable_all_campaigns":false,"_jetpack_memberships_contains_paid_content":false,"footnotes":""},"categories":[50,2,103],"tags":[],"class_list":["post-107901","post","type-post","status-publish","format-standard","has-post-thumbnail","hentry","category-destacadas","category-locales","category-policiales-locales"],"aioseo_notices":[],"gutentor_comment":0,"jetpack_featured_media_url":"https:\/\/eldiariodesanpedro.com.ar\/sitio\/wp-content\/uploads\/2022\/06\/WhatsApp-Image-2022-06-09-at-9.59.56-AM.jpeg","jetpack_shortlink":"https:\/\/wp.me\/p6RhLt-s4l","jetpack_sharing_enabled":true,"_links":{"self":[{"href":"https:\/\/eldiariodesanpedro.com.ar\/sitio\/wp-json\/wp\/v2\/posts\/107901","targetHints":{"allow":["GET"]}}],"collection":[{"href":"https:\/\/eldiariodesanpedro.com.ar\/sitio\/wp-json\/wp\/v2\/posts"}],"about":[{"href":"https:\/\/eldiariodesanpedro.com.ar\/sitio\/wp-json\/wp\/v2\/types\/post"}],"author":[{"embeddable":true,"href":"https:\/\/eldiariodesanpedro.com.ar\/sitio\/wp-json\/wp\/v2\/users\/4"}],"replies":[{"embeddable":true,"href":"https:\/\/eldiariodesanpedro.com.ar\/sitio\/wp-json\/wp\/v2\/comments?post=107901"}],"version-history":[{"count":1,"href":"https:\/\/eldiariodesanpedro.com.ar\/sitio\/wp-json\/wp\/v2\/posts\/107901\/revisions"}],"predecessor-version":[{"id":107903,"href":"https:\/\/eldiariodesanpedro.com.ar\/sitio\/wp-json\/wp\/v2\/posts\/107901\/revisions\/107903"}],"wp:featuredmedia":[{"embeddable":true,"href":"https:\/\/eldiariodesanpedro.com.ar\/sitio\/wp-json\/wp\/v2\/media\/107902"}],"wp:attachment":[{"href":"https:\/\/eldiariodesanpedro.com.ar\/sitio\/wp-json\/wp\/v2\/media?parent=107901"}],"wp:term":[{"taxonomy":"category","embeddable":true,"href":"https:\/\/eldiariodesanpedro.com.ar\/sitio\/wp-json\/wp\/v2\/categories?post=107901"},{"taxonomy":"post_tag","embeddable":true,"href":"https:\/\/eldiariodesanpedro.com.ar\/sitio\/wp-json\/wp\/v2\/tags?post=107901"}],"curies":[{"name":"wp","href":"https:\/\/api.w.org\/{rel}","templated":true}]}}