{"id":107898,"date":"2022-06-09T10:37:17","date_gmt":"2022-06-09T13:37:17","guid":{"rendered":"https:\/\/eldiariodesanpedro.com.ar\/sitio\/?p=107898"},"modified":"2022-06-09T10:37:18","modified_gmt":"2022-06-09T13:37:18","slug":"precaucion-ante-ilegitima-y-enganosa-campana-de-venta-de-terrenos","status":"publish","type":"post","link":"https:\/\/eldiariodesanpedro.com.ar\/sitio\/precaucion-ante-ilegitima-y-enganosa-campana-de-venta-de-terrenos\/","title":{"rendered":"Precauci\u00f3n ante ileg\u00edtima y enga\u00f1osa campa\u00f1a de venta de terrenos"},"content":{"rendered":"<!-- VideographyWP Plugin Message: Automatic video embedding prevented by plugin options. -->\n\n<p>La Municipalidad de San Pedro a trav\u00e9s de la Secretar\u00eda de de Obras P\u00fablicas y la Asesor\u00eda Letrada informa que ha iniciado una investigaci\u00f3n para obtener mayor informaci\u00f3n sobre la circulaci\u00f3n en redes sociales de una campa\u00f1a promocional de venta de terrenos que no cuentan con la legitimidad correspondiente para la comercializaci\u00f3n.<\/p>\n\n\n\n<p>Ante una serie de propuestas falsas como la confecci\u00f3n, aprobaci\u00f3n y registraci\u00f3n del correspondiente plano de subdivisi\u00f3n, cuya superficie resulta claramente menor a lo permitido por la ley, esta campa\u00f1a puede provocar p\u00e9rdidas irreparables a quienes con buena f\u00e9 sean atra\u00eddos por esta oferta en un contexto de grandes demandas habitacionales.<\/p>\n\n\n\n<p>Se solicita no realizar ning\u00fan pago, reserva u operaci\u00f3n que implique la entrega de datos personales y econ\u00f3micos, mientras desde el gobierno municipal se analizan las medidas m\u00e1s convenientes para intervenir ante acci\u00f3n de particulares que intentan enga\u00f1ar a las familias sampedrinas.<\/p>\n\n\n\n<p>Ante cualquier duda pueden realizar la consulta en las oficinas de la Secretar\u00eda, de lunes a viernes de 8 a 13 en Arnaldo 150.<\/p>\n\n\n\n<p><\/p>\n","protected":false},"excerpt":{"rendered":"<p>La Municipalidad de San Pedro a trav\u00e9s de la Secretar\u00eda de de Obras P\u00fablicas y la Asesor\u00eda Letrada informa que ha iniciado una investigaci\u00f3n para obtener mayor informaci\u00f3n sobre la circulaci\u00f3n en redes sociales de una campa\u00f1a promocional de venta de terrenos que no cuentan con la legitimidad correspondiente para la comercializaci\u00f3n. Ante una serie [&hellip;]<\/p>\n","protected":false},"author":4,"featured_media":107899,"comment_status":"closed","ping_status":"closed","sticky":false,"template":"","format":"standard","meta":{"om_disable_all_campaigns":false,"_jetpack_memberships_contains_paid_content":false,"footnotes":""},"categories":[50,101,2],"tags":[197,696,33,19],"class_list":["post-107898","post","type-post","status-publish","format-standard","has-post-thumbnail","hentry","category-destacadas","category-interes-general-locales","category-locales","tag-buenos-aires","tag-interes-general","tag-locales","tag-san-pedro"],"aioseo_notices":[],"gutentor_comment":0,"jetpack_featured_media_url":"https:\/\/eldiariodesanpedro.com.ar\/sitio\/wp-content\/uploads\/2022\/06\/medida-2.jpg","jetpack_shortlink":"https:\/\/wp.me\/p6RhLt-s4i","jetpack_sharing_enabled":true,"_links":{"self":[{"href":"https:\/\/eldiariodesanpedro.com.ar\/sitio\/wp-json\/wp\/v2\/posts\/107898","targetHints":{"allow":["GET"]}}],"collection":[{"href":"https:\/\/eldiariodesanpedro.com.ar\/sitio\/wp-json\/wp\/v2\/posts"}],"about":[{"href":"https:\/\/eldiariodesanpedro.com.ar\/sitio\/wp-json\/wp\/v2\/types\/post"}],"author":[{"embeddable":true,"href":"https:\/\/eldiariodesanpedro.com.ar\/sitio\/wp-json\/wp\/v2\/users\/4"}],"replies":[{"embeddable":true,"href":"https:\/\/eldiariodesanpedro.com.ar\/sitio\/wp-json\/wp\/v2\/comments?post=107898"}],"version-history":[{"count":1,"href":"https:\/\/eldiariodesanpedro.com.ar\/sitio\/wp-json\/wp\/v2\/posts\/107898\/revisions"}],"predecessor-version":[{"id":107900,"href":"https:\/\/eldiariodesanpedro.com.ar\/sitio\/wp-json\/wp\/v2\/posts\/107898\/revisions\/107900"}],"wp:featuredmedia":[{"embeddable":true,"href":"https:\/\/eldiariodesanpedro.com.ar\/sitio\/wp-json\/wp\/v2\/media\/107899"}],"wp:attachment":[{"href":"https:\/\/eldiariodesanpedro.com.ar\/sitio\/wp-json\/wp\/v2\/media?parent=107898"}],"wp:term":[{"taxonomy":"category","embeddable":true,"href":"https:\/\/eldiariodesanpedro.com.ar\/sitio\/wp-json\/wp\/v2\/categories?post=107898"},{"taxonomy":"post_tag","embeddable":true,"href":"https:\/\/eldiariodesanpedro.com.ar\/sitio\/wp-json\/wp\/v2\/tags?post=107898"}],"curies":[{"name":"wp","href":"https:\/\/api.w.org\/{rel}","templated":true}]}}