{"id":107881,"date":"2022-06-08T11:58:45","date_gmt":"2022-06-08T14:58:45","guid":{"rendered":"https:\/\/eldiariodesanpedro.com.ar\/sitio\/?p=107881"},"modified":"2022-06-08T11:58:46","modified_gmt":"2022-06-08T14:58:46","slug":"reintegran-a-sus-propietarios-los-caballos-secuestrados-en-la-tosquera","status":"publish","type":"post","link":"https:\/\/eldiariodesanpedro.com.ar\/sitio\/reintegran-a-sus-propietarios-los-caballos-secuestrados-en-la-tosquera\/","title":{"rendered":"Reintegran a sus propietarios los caballos secuestrados en La Tosquera"},"content":{"rendered":"<!-- VideographyWP Plugin Message: Automatic video embedding prevented by plugin options. -->\n\n<p>As\u00ed lo confirm\u00f3 el Comisario Inspector Cristian Su\u00e1rez en el aire de FM G\u00e9nesis. La misma se har\u00e1 efectiva en los pr\u00f3ximos d\u00edas.<\/p>\n\n\n\n<p>Luego de permanecer incautados por el Ministerio de Agricultura desde el 11 de febrero pasado, en las pr\u00f3ximas horas ser\u00e1n restituidos a sus propietarios los caballos que hab\u00edan sido secuestrados por el personal del CPR para dar cumplimiento con una orden del Ministerio de Seguridad.<\/p>\n\n\n\n<p>Los animales ser\u00e1n entregados tras ser evaluados por el Senasa y a quienes acreditaron ser sus due\u00f1os.<\/p>\n\n\n\n<p>La restituci\u00f3n se est\u00e1 programando y resta definir el d\u00eda, horario y lugar en donde se har\u00e1 el operativo.<\/p>\n\n\n\n<p>\u00abEl 95% de los animales est\u00e1n en condiciones de ser entregados\u00bb, dijo el Jefe Regional del CPR, Comisario Inspector Cristian Su\u00e1rez.<\/p>\n\n\n\n<p>\u00abHay algunos que tienen anemia y no les ser\u00e1 entregado\u00bb.<\/p>\n","protected":false},"excerpt":{"rendered":"<p>As\u00ed lo confirm\u00f3 el Comisario Inspector Cristian Su\u00e1rez en el aire de FM G\u00e9nesis. La misma se har\u00e1 efectiva en los pr\u00f3ximos d\u00edas. Luego de permanecer incautados por el Ministerio de Agricultura desde el 11 de febrero pasado, en las pr\u00f3ximas horas ser\u00e1n restituidos a sus propietarios los caballos que hab\u00edan sido secuestrados por el [&hellip;]<\/p>\n","protected":false},"author":4,"featured_media":107882,"comment_status":"closed","ping_status":"closed","sticky":false,"template":"","format":"standard","meta":{"om_disable_all_campaigns":false,"_jetpack_memberships_contains_paid_content":false,"footnotes":""},"categories":[50,101,2],"tags":[197,696,33,19],"class_list":["post-107881","post","type-post","status-publish","format-standard","has-post-thumbnail","hentry","category-destacadas","category-interes-general-locales","category-locales","tag-buenos-aires","tag-interes-general","tag-locales","tag-san-pedro"],"aioseo_notices":[],"gutentor_comment":0,"jetpack_featured_media_url":"https:\/\/eldiariodesanpedro.com.ar\/sitio\/wp-content\/uploads\/2022\/06\/0000020958-resized-1920x1080-1.jpg","jetpack_shortlink":"https:\/\/wp.me\/p6RhLt-s41","jetpack_sharing_enabled":true,"_links":{"self":[{"href":"https:\/\/eldiariodesanpedro.com.ar\/sitio\/wp-json\/wp\/v2\/posts\/107881","targetHints":{"allow":["GET"]}}],"collection":[{"href":"https:\/\/eldiariodesanpedro.com.ar\/sitio\/wp-json\/wp\/v2\/posts"}],"about":[{"href":"https:\/\/eldiariodesanpedro.com.ar\/sitio\/wp-json\/wp\/v2\/types\/post"}],"author":[{"embeddable":true,"href":"https:\/\/eldiariodesanpedro.com.ar\/sitio\/wp-json\/wp\/v2\/users\/4"}],"replies":[{"embeddable":true,"href":"https:\/\/eldiariodesanpedro.com.ar\/sitio\/wp-json\/wp\/v2\/comments?post=107881"}],"version-history":[{"count":1,"href":"https:\/\/eldiariodesanpedro.com.ar\/sitio\/wp-json\/wp\/v2\/posts\/107881\/revisions"}],"predecessor-version":[{"id":107883,"href":"https:\/\/eldiariodesanpedro.com.ar\/sitio\/wp-json\/wp\/v2\/posts\/107881\/revisions\/107883"}],"wp:featuredmedia":[{"embeddable":true,"href":"https:\/\/eldiariodesanpedro.com.ar\/sitio\/wp-json\/wp\/v2\/media\/107882"}],"wp:attachment":[{"href":"https:\/\/eldiariodesanpedro.com.ar\/sitio\/wp-json\/wp\/v2\/media?parent=107881"}],"wp:term":[{"taxonomy":"category","embeddable":true,"href":"https:\/\/eldiariodesanpedro.com.ar\/sitio\/wp-json\/wp\/v2\/categories?post=107881"},{"taxonomy":"post_tag","embeddable":true,"href":"https:\/\/eldiariodesanpedro.com.ar\/sitio\/wp-json\/wp\/v2\/tags?post=107881"}],"curies":[{"name":"wp","href":"https:\/\/api.w.org\/{rel}","templated":true}]}}