{"id":107872,"date":"2022-06-08T11:29:24","date_gmt":"2022-06-08T14:29:24","guid":{"rendered":"https:\/\/eldiariodesanpedro.com.ar\/sitio\/?p=107872"},"modified":"2022-06-08T11:29:24","modified_gmt":"2022-06-08T14:29:24","slug":"participacion-en-el-programa-de-fortalecimiento-de-capacidades-para-gestion-de-humedales-en-municipios-del-delta-bonaerense","status":"publish","type":"post","link":"https:\/\/eldiariodesanpedro.com.ar\/sitio\/participacion-en-el-programa-de-fortalecimiento-de-capacidades-para-gestion-de-humedales-en-municipios-del-delta-bonaerense\/","title":{"rendered":"Participaci\u00f3n en el Programa de Fortalecimiento de Capacidades para Gesti\u00f3n de Humedales en Municipios del Delta Bonaerense"},"content":{"rendered":"<!-- VideographyWP Plugin Message: Automatic video embedding prevented by plugin options. -->\n\n<p>Este martes el Director de Ambiente de la Municipalidad de San Pedro Gustavo Sol\u00e1 particip\u00f3 en la ciudad de Escobar del taller de cierre de capacitaciones del \u201cPrograma de Fortalecimiento de Capacidades para Gesti\u00f3n de Humedales en Municipios del Delta Bonaerense\u201d que responde al Proyecto de Ordenamiento Ambiental del Territorio (OAT) en el Delta, coordinado por la Fundaci\u00f3n Humedales, Wetlands International y la Fundaci\u00f3n para el cambio Democr\u00e1tico sobre la base que implementa el Ministerio de Ambiente y Desarrollo Sostenible de la Naci\u00f3n con financiamiento del Fondo Mundial para el Medio Ambiente (GEF) el cual pretende el fortalecimiento de los municipios en sus capacidades para la gesti\u00f3n de los humedales.<\/p>\n\n\n\n<p>El encuentro cont\u00f3 con la participaci\u00f3n de representantes del Ministerio de Ambiente y Desarrollo Sostenible de la Naci\u00f3n, el Ministerio de Ambiente de la Provincia de Buenos Aires, la Direcci\u00f3n Provincial de Ordenamiento Ambiental del Territorio, la Universidad Nacional de Lujan, Fundaci\u00f3n Humedales, Fundaci\u00f3n Cambio Democr\u00e1tico, INTA, Municipalidad de Escobar, Municipalidad de Campana, Municipalidad de Zarate, Comisi\u00f3n Nacional de Actividades Espaciales (CONAE), Universidad Nacional de La Plata, Municipalidad de Tigre, Autoridad de Cuenca Matanza Riachuelo (ACUMAR), Administraci\u00f3n de Parques Nacionales (APN) entre otros.<\/p>\n\n\n\n<p>Estas actividades responden al compromiso asumido de construir una pol\u00edtica ambiental municipal, articulada con las distintas instituciones y organizaciones de la Sociedad Civil que trabajan activamente en la Conservaci\u00f3n de la Biodiversidad y el Desarrollo Sustentable, en este caso en la gesti\u00f3n de ambientes de humedales.<\/p>\n\n\n\n<figure class=\"wp-block-image size-full\"><img decoding=\"async\" width=\"840\" height=\"630\" data-attachment-id=\"107874\" data-permalink=\"https:\/\/eldiariodesanpedro.com.ar\/sitio\/participacion-en-el-programa-de-fortalecimiento-de-capacidades-para-gestion-de-humedales-en-municipios-del-delta-bonaerense\/whatsapp-image-2022-06-08-at-10-26-41-am\/\" data-orig-file=\"https:\/\/eldiariodesanpedro.com.ar\/sitio\/wp-content\/uploads\/2022\/06\/WhatsApp-Image-2022-06-08-at-10.26.41-AM.jpeg\" data-orig-size=\"840,630\" data-comments-opened=\"0\" data-image-meta=\"{&quot;aperture&quot;:&quot;0&quot;,&quot;credit&quot;:&quot;&quot;,&quot;camera&quot;:&quot;&quot;,&quot;caption&quot;:&quot;&quot;,&quot;created_timestamp&quot;:&quot;0&quot;,&quot;copyright&quot;:&quot;&quot;,&quot;focal_length&quot;:&quot;0&quot;,&quot;iso&quot;:&quot;0&quot;,&quot;shutter_speed&quot;:&quot;0&quot;,&quot;title&quot;:&quot;&quot;,&quot;orientation&quot;:&quot;0&quot;}\" data-image-title=\"WhatsApp Image 2022-06-08 at 10.26.41 AM\" data-image-description=\"\" data-image-caption=\"\" data-large-file=\"https:\/\/eldiariodesanpedro.com.ar\/sitio\/wp-content\/uploads\/2022\/06\/WhatsApp-Image-2022-06-08-at-10.26.41-AM.jpeg\" data-src=\"https:\/\/eldiariodesanpedro.com.ar\/sitio\/wp-content\/uploads\/2022\/06\/WhatsApp-Image-2022-06-08-at-10.26.41-AM.jpeg\" alt=\"\" class=\"wp-image-107874 lazyload\" data-srcset=\"https:\/\/eldiariodesanpedro.com.ar\/sitio\/wp-content\/uploads\/2022\/06\/WhatsApp-Image-2022-06-08-at-10.26.41-AM.jpeg 840w, https:\/\/eldiariodesanpedro.com.ar\/sitio\/wp-content\/uploads\/2022\/06\/WhatsApp-Image-2022-06-08-at-10.26.41-AM-300x225.jpeg 300w, https:\/\/eldiariodesanpedro.com.ar\/sitio\/wp-content\/uploads\/2022\/06\/WhatsApp-Image-2022-06-08-at-10.26.41-AM-768x576.jpeg 768w\" data-sizes=\"(max-width: 840px) 100vw, 840px\" src=\"data:image\/svg+xml;base64,PHN2ZyB3aWR0aD0iMSIgaGVpZ2h0PSIxIiB4bWxucz0iaHR0cDovL3d3dy53My5vcmcvMjAwMC9zdmciPjwvc3ZnPg==\" style=\"--smush-placeholder-width: 840px; --smush-placeholder-aspect-ratio: 840\/630;\" \/><\/figure>\n\n\n\n<figure class=\"wp-block-image size-full\"><img decoding=\"async\" width=\"840\" height=\"630\" data-attachment-id=\"107873\" data-permalink=\"https:\/\/eldiariodesanpedro.com.ar\/sitio\/participacion-en-el-programa-de-fortalecimiento-de-capacidades-para-gestion-de-humedales-en-municipios-del-delta-bonaerense\/whatsapp-image-2022-06-08-at-10-26-40-am\/\" data-orig-file=\"https:\/\/eldiariodesanpedro.com.ar\/sitio\/wp-content\/uploads\/2022\/06\/WhatsApp-Image-2022-06-08-at-10.26.40-AM.jpeg\" data-orig-size=\"840,630\" data-comments-opened=\"0\" data-image-meta=\"{&quot;aperture&quot;:&quot;0&quot;,&quot;credit&quot;:&quot;&quot;,&quot;camera&quot;:&quot;&quot;,&quot;caption&quot;:&quot;&quot;,&quot;created_timestamp&quot;:&quot;0&quot;,&quot;copyright&quot;:&quot;&quot;,&quot;focal_length&quot;:&quot;0&quot;,&quot;iso&quot;:&quot;0&quot;,&quot;shutter_speed&quot;:&quot;0&quot;,&quot;title&quot;:&quot;&quot;,&quot;orientation&quot;:&quot;0&quot;}\" data-image-title=\"WhatsApp Image 2022-06-08 at 10.26.40 AM\" data-image-description=\"\" data-image-caption=\"\" data-large-file=\"https:\/\/eldiariodesanpedro.com.ar\/sitio\/wp-content\/uploads\/2022\/06\/WhatsApp-Image-2022-06-08-at-10.26.40-AM.jpeg\" data-src=\"https:\/\/eldiariodesanpedro.com.ar\/sitio\/wp-content\/uploads\/2022\/06\/WhatsApp-Image-2022-06-08-at-10.26.40-AM.jpeg\" alt=\"\" class=\"wp-image-107873 lazyload\" data-srcset=\"https:\/\/eldiariodesanpedro.com.ar\/sitio\/wp-content\/uploads\/2022\/06\/WhatsApp-Image-2022-06-08-at-10.26.40-AM.jpeg 840w, https:\/\/eldiariodesanpedro.com.ar\/sitio\/wp-content\/uploads\/2022\/06\/WhatsApp-Image-2022-06-08-at-10.26.40-AM-300x225.jpeg 300w, https:\/\/eldiariodesanpedro.com.ar\/sitio\/wp-content\/uploads\/2022\/06\/WhatsApp-Image-2022-06-08-at-10.26.40-AM-768x576.jpeg 768w\" data-sizes=\"(max-width: 840px) 100vw, 840px\" src=\"data:image\/svg+xml;base64,PHN2ZyB3aWR0aD0iMSIgaGVpZ2h0PSIxIiB4bWxucz0iaHR0cDovL3d3dy53My5vcmcvMjAwMC9zdmciPjwvc3ZnPg==\" style=\"--smush-placeholder-width: 840px; --smush-placeholder-aspect-ratio: 840\/630;\" \/><\/figure>\n\n\n\n<figure class=\"wp-block-image size-full\"><img decoding=\"async\" width=\"473\" height=\"630\" data-attachment-id=\"107876\" data-permalink=\"https:\/\/eldiariodesanpedro.com.ar\/sitio\/participacion-en-el-programa-de-fortalecimiento-de-capacidades-para-gestion-de-humedales-en-municipios-del-delta-bonaerense\/whatsapp-image-2022-06-08-at-10-26-43-am\/\" data-orig-file=\"https:\/\/eldiariodesanpedro.com.ar\/sitio\/wp-content\/uploads\/2022\/06\/WhatsApp-Image-2022-06-08-at-10.26.43-AM.jpeg\" data-orig-size=\"473,630\" data-comments-opened=\"0\" data-image-meta=\"{&quot;aperture&quot;:&quot;0&quot;,&quot;credit&quot;:&quot;&quot;,&quot;camera&quot;:&quot;&quot;,&quot;caption&quot;:&quot;&quot;,&quot;created_timestamp&quot;:&quot;0&quot;,&quot;copyright&quot;:&quot;&quot;,&quot;focal_length&quot;:&quot;0&quot;,&quot;iso&quot;:&quot;0&quot;,&quot;shutter_speed&quot;:&quot;0&quot;,&quot;title&quot;:&quot;&quot;,&quot;orientation&quot;:&quot;0&quot;}\" data-image-title=\"WhatsApp Image 2022-06-08 at 10.26.43 AM\" data-image-description=\"\" data-image-caption=\"\" data-large-file=\"https:\/\/eldiariodesanpedro.com.ar\/sitio\/wp-content\/uploads\/2022\/06\/WhatsApp-Image-2022-06-08-at-10.26.43-AM.jpeg\" data-src=\"https:\/\/eldiariodesanpedro.com.ar\/sitio\/wp-content\/uploads\/2022\/06\/WhatsApp-Image-2022-06-08-at-10.26.43-AM.jpeg\" alt=\"\" class=\"wp-image-107876 lazyload\" data-srcset=\"https:\/\/eldiariodesanpedro.com.ar\/sitio\/wp-content\/uploads\/2022\/06\/WhatsApp-Image-2022-06-08-at-10.26.43-AM.jpeg 473w, https:\/\/eldiariodesanpedro.com.ar\/sitio\/wp-content\/uploads\/2022\/06\/WhatsApp-Image-2022-06-08-at-10.26.43-AM-225x300.jpeg 225w\" data-sizes=\"(max-width: 473px) 100vw, 473px\" src=\"data:image\/svg+xml;base64,PHN2ZyB3aWR0aD0iMSIgaGVpZ2h0PSIxIiB4bWxucz0iaHR0cDovL3d3dy53My5vcmcvMjAwMC9zdmciPjwvc3ZnPg==\" style=\"--smush-placeholder-width: 473px; --smush-placeholder-aspect-ratio: 473\/630;\" \/><\/figure>\n","protected":false},"excerpt":{"rendered":"<p>Este martes el Director de Ambiente de la Municipalidad de San Pedro Gustavo Sol\u00e1 particip\u00f3 en la ciudad de Escobar del taller de cierre de capacitaciones del \u201cPrograma de Fortalecimiento de Capacidades para Gesti\u00f3n de Humedales en Municipios del Delta Bonaerense\u201d que responde al Proyecto de Ordenamiento Ambiental del Territorio (OAT) en el Delta, coordinado [&hellip;]<\/p>\n","protected":false},"author":4,"featured_media":107875,"comment_status":"closed","ping_status":"closed","sticky":false,"template":"","format":"standard","meta":{"om_disable_all_campaigns":false,"_jetpack_memberships_contains_paid_content":false,"footnotes":""},"categories":[101,2],"tags":[197,696,33,19],"class_list":["post-107872","post","type-post","status-publish","format-standard","has-post-thumbnail","hentry","category-interes-general-locales","category-locales","tag-buenos-aires","tag-interes-general","tag-locales","tag-san-pedro"],"aioseo_notices":[],"gutentor_comment":0,"jetpack_featured_media_url":"https:\/\/eldiariodesanpedro.com.ar\/sitio\/wp-content\/uploads\/2022\/06\/WhatsApp-Image-2022-06-08-at-10.26.42-AM.jpeg","jetpack_shortlink":"https:\/\/wp.me\/p6RhLt-s3S","jetpack_sharing_enabled":true,"_links":{"self":[{"href":"https:\/\/eldiariodesanpedro.com.ar\/sitio\/wp-json\/wp\/v2\/posts\/107872","targetHints":{"allow":["GET"]}}],"collection":[{"href":"https:\/\/eldiariodesanpedro.com.ar\/sitio\/wp-json\/wp\/v2\/posts"}],"about":[{"href":"https:\/\/eldiariodesanpedro.com.ar\/sitio\/wp-json\/wp\/v2\/types\/post"}],"author":[{"embeddable":true,"href":"https:\/\/eldiariodesanpedro.com.ar\/sitio\/wp-json\/wp\/v2\/users\/4"}],"replies":[{"embeddable":true,"href":"https:\/\/eldiariodesanpedro.com.ar\/sitio\/wp-json\/wp\/v2\/comments?post=107872"}],"version-history":[{"count":1,"href":"https:\/\/eldiariodesanpedro.com.ar\/sitio\/wp-json\/wp\/v2\/posts\/107872\/revisions"}],"predecessor-version":[{"id":107877,"href":"https:\/\/eldiariodesanpedro.com.ar\/sitio\/wp-json\/wp\/v2\/posts\/107872\/revisions\/107877"}],"wp:featuredmedia":[{"embeddable":true,"href":"https:\/\/eldiariodesanpedro.com.ar\/sitio\/wp-json\/wp\/v2\/media\/107875"}],"wp:attachment":[{"href":"https:\/\/eldiariodesanpedro.com.ar\/sitio\/wp-json\/wp\/v2\/media?parent=107872"}],"wp:term":[{"taxonomy":"category","embeddable":true,"href":"https:\/\/eldiariodesanpedro.com.ar\/sitio\/wp-json\/wp\/v2\/categories?post=107872"},{"taxonomy":"post_tag","embeddable":true,"href":"https:\/\/eldiariodesanpedro.com.ar\/sitio\/wp-json\/wp\/v2\/tags?post=107872"}],"curies":[{"name":"wp","href":"https:\/\/api.w.org\/{rel}","templated":true}]}}