{"id":107854,"date":"2022-06-08T11:00:56","date_gmt":"2022-06-08T14:00:56","guid":{"rendered":"https:\/\/eldiariodesanpedro.com.ar\/sitio\/?p=107854"},"modified":"2022-06-08T11:00:57","modified_gmt":"2022-06-08T14:00:57","slug":"tres-personas-aprehendidas-en-la-costa-del-paseo-publico-por-prender-fuego","status":"publish","type":"post","link":"https:\/\/eldiariodesanpedro.com.ar\/sitio\/tres-personas-aprehendidas-en-la-costa-del-paseo-publico-por-prender-fuego\/","title":{"rendered":"Tres personas aprehendidas en la costa del paseo p\u00fablico por prender fuego"},"content":{"rendered":"<!-- VideographyWP Plugin Message: Automatic video embedding prevented by plugin options. -->\n\n<p>En el d\u00eda de ayer promediando las 11 a ra\u00edz de un llamado al servicio de 911 emergencia personal policial acude al paseo p\u00fablico n\u00famero uno, cerca de su muelle en donde trabajadores municipales, que realizaban tareas de mantenimiento, divisan a tres ciudadanos que hab\u00edan descalzado de la tierra postes de madera que delimitan el camino del r\u00edo, para luego incinerarlos en una fogata por lo que personal policial proceden a la aprehensi\u00f3n y posterior traslado a sede policial, interviniendo la UFI 11 Local disponiendo inicio de causa penal por da\u00f1o y posterior libertad.-<\/p>\n","protected":false},"excerpt":{"rendered":"<p>En el d\u00eda de ayer promediando las 11 a ra\u00edz de un llamado al servicio de 911 emergencia personal policial acude al paseo p\u00fablico n\u00famero uno, cerca de su muelle en donde trabajadores municipales, que realizaban tareas de mantenimiento, divisan a tres ciudadanos que hab\u00edan descalzado de la tierra postes de madera que delimitan el [&hellip;]<\/p>\n","protected":false},"author":4,"featured_media":57215,"comment_status":"closed","ping_status":"closed","sticky":false,"template":"","format":"standard","meta":{"om_disable_all_campaigns":false,"_jetpack_memberships_contains_paid_content":false,"footnotes":""},"categories":[2,103],"tags":[197,33,95,19],"class_list":["post-107854","post","type-post","status-publish","format-standard","has-post-thumbnail","hentry","category-locales","category-policiales-locales","tag-buenos-aires","tag-locales","tag-policiales","tag-san-pedro"],"aioseo_notices":[],"gutentor_comment":0,"jetpack_featured_media_url":"https:\/\/eldiariodesanpedro.com.ar\/sitio\/wp-content\/uploads\/2019\/07\/comisaria_1.jpg","jetpack_shortlink":"https:\/\/wp.me\/p6RhLt-s3A","jetpack_sharing_enabled":true,"_links":{"self":[{"href":"https:\/\/eldiariodesanpedro.com.ar\/sitio\/wp-json\/wp\/v2\/posts\/107854","targetHints":{"allow":["GET"]}}],"collection":[{"href":"https:\/\/eldiariodesanpedro.com.ar\/sitio\/wp-json\/wp\/v2\/posts"}],"about":[{"href":"https:\/\/eldiariodesanpedro.com.ar\/sitio\/wp-json\/wp\/v2\/types\/post"}],"author":[{"embeddable":true,"href":"https:\/\/eldiariodesanpedro.com.ar\/sitio\/wp-json\/wp\/v2\/users\/4"}],"replies":[{"embeddable":true,"href":"https:\/\/eldiariodesanpedro.com.ar\/sitio\/wp-json\/wp\/v2\/comments?post=107854"}],"version-history":[{"count":1,"href":"https:\/\/eldiariodesanpedro.com.ar\/sitio\/wp-json\/wp\/v2\/posts\/107854\/revisions"}],"predecessor-version":[{"id":107855,"href":"https:\/\/eldiariodesanpedro.com.ar\/sitio\/wp-json\/wp\/v2\/posts\/107854\/revisions\/107855"}],"wp:featuredmedia":[{"embeddable":true,"href":"https:\/\/eldiariodesanpedro.com.ar\/sitio\/wp-json\/wp\/v2\/media\/57215"}],"wp:attachment":[{"href":"https:\/\/eldiariodesanpedro.com.ar\/sitio\/wp-json\/wp\/v2\/media?parent=107854"}],"wp:term":[{"taxonomy":"category","embeddable":true,"href":"https:\/\/eldiariodesanpedro.com.ar\/sitio\/wp-json\/wp\/v2\/categories?post=107854"},{"taxonomy":"post_tag","embeddable":true,"href":"https:\/\/eldiariodesanpedro.com.ar\/sitio\/wp-json\/wp\/v2\/tags?post=107854"}],"curies":[{"name":"wp","href":"https:\/\/api.w.org\/{rel}","templated":true}]}}