{"id":107848,"date":"2022-06-08T10:47:03","date_gmt":"2022-06-08T13:47:03","guid":{"rendered":"https:\/\/eldiariodesanpedro.com.ar\/sitio\/?p=107848"},"modified":"2022-06-08T10:47:04","modified_gmt":"2022-06-08T13:47:04","slug":"se-recupero-la-ropa-robada-en-el-comercio-cara-o-cruz-de-la-zona-centrica","status":"publish","type":"post","link":"https:\/\/eldiariodesanpedro.com.ar\/sitio\/se-recupero-la-ropa-robada-en-el-comercio-cara-o-cruz-de-la-zona-centrica\/","title":{"rendered":"Se recupero la ropa robada en el comercio Cara o Cruz de la zona c\u00e9ntrica"},"content":{"rendered":"<!-- VideographyWP Plugin Message: Automatic video embedding prevented by plugin options. -->\n\n<p>Personal policial allan\u00f3 tres viviendas y logr\u00f3 recuperar m\u00e1s de 50 prendas de vestir que hab\u00edan sido robadas de una tienda ubicada en San Mart\u00edn casi Mitre. Aprehendieron a dos j\u00f3venes de 18 a\u00f1os, sindicados como autores del robo. Adem\u00e1s, secuestraron alrededor de 100 gramos de marihuana.<\/p>\n\n\n\n<p>La polic\u00eda logr\u00f3 esclarecer el robo a una tienda ubicada en San Mart\u00edn 15, en pleno centro de la ciudad, donde delincuentes hab\u00edan forzado la puerta del frente el lunes por la madrugada para saquear el local y llevarse una gran cantidad de prendas de vestir.<\/p>\n\n\n\n<p>La investigaci\u00f3n permiti\u00f3 establecer la autor\u00eda del hecho y las im\u00e1genes de c\u00e1maras de videovigilancia de la zona fueron fundamentales para el esclarecimiento del hecho.<\/p>\n\n\n\n<p>Durante la tarde de este martes, autorizados por el Juzgado de Garant\u00edas interviniente, la polic\u00eda allan\u00f3 tres domicilios en los que recuper\u00f3 m\u00e1s de 50 prendas de vestir robadas a esa tienda y aprehendi\u00f3 a dos j\u00f3venes de 18 a\u00f1os sindicados como los autores del delito.<\/p>\n\n\n\n<p>En el primer allanamiento, en un domicilio de calle Manuel Iglesias bis sin n\u00famero, encontraron una bolsa de nylon que conten\u00eda alrededor de 30 prendas: camperas, buzos, pantalones, remeras, gorras y ropa deportiva que correspond\u00edan a las robadas. Adem\u00e1s, secuestraron una bicicleta que fue utilizada durante el hecho. All\u00ed aprehendieron a uno de los j\u00f3venes imputados como autores del delito.<\/p>\n\n\n\n<p>En calle Cruz Roja al 2300 encontraron otra importante cantidad de ropa que formaba parte del bot\u00edn y detuvieron a un joven de 18 a\u00f1os al que tambi\u00e9n le incautaron m\u00e1s de 100 gramos de marihuana, trituradores y papelillos para armar cigarrillos. El muchacho ten\u00eda puestas prendas que tambi\u00e9n eran parte de las robadas en la tienda.<\/p>\n\n\n\n<p>En la misma cuadra, en una casa donde reside un adolescente de 15 a\u00f1os vinculado al caso, secuestraron una bolsa de nylon que conten\u00eda mas de 20 prendas de vestir como camperas, buzos y remeras deportivas, tambi\u00e9n provenientes del mismo local.<\/p>\n\n\n\n<figure class=\"wp-block-image size-full\"><img decoding=\"async\" width=\"522\" height=\"630\" data-attachment-id=\"107850\" data-permalink=\"https:\/\/eldiariodesanpedro.com.ar\/sitio\/se-recupero-la-ropa-robada-en-el-comercio-cara-o-cruz-de-la-zona-centrica\/whatsapp-image-2022-06-08-at-10-04-57-am-3\/\" data-orig-file=\"https:\/\/eldiariodesanpedro.com.ar\/sitio\/wp-content\/uploads\/2022\/06\/WhatsApp-Image-2022-06-08-at-10.04.57-AM-3.jpeg\" data-orig-size=\"522,630\" data-comments-opened=\"0\" data-image-meta=\"{&quot;aperture&quot;:&quot;0&quot;,&quot;credit&quot;:&quot;&quot;,&quot;camera&quot;:&quot;&quot;,&quot;caption&quot;:&quot;&quot;,&quot;created_timestamp&quot;:&quot;0&quot;,&quot;copyright&quot;:&quot;&quot;,&quot;focal_length&quot;:&quot;0&quot;,&quot;iso&quot;:&quot;0&quot;,&quot;shutter_speed&quot;:&quot;0&quot;,&quot;title&quot;:&quot;&quot;,&quot;orientation&quot;:&quot;0&quot;}\" data-image-title=\"WhatsApp Image 2022-06-08 at 10.04.57 AM (3)\" data-image-description=\"\" data-image-caption=\"\" data-large-file=\"https:\/\/eldiariodesanpedro.com.ar\/sitio\/wp-content\/uploads\/2022\/06\/WhatsApp-Image-2022-06-08-at-10.04.57-AM-3.jpeg\" data-src=\"https:\/\/eldiariodesanpedro.com.ar\/sitio\/wp-content\/uploads\/2022\/06\/WhatsApp-Image-2022-06-08-at-10.04.57-AM-3.jpeg\" alt=\"\" class=\"wp-image-107850 lazyload\" data-srcset=\"https:\/\/eldiariodesanpedro.com.ar\/sitio\/wp-content\/uploads\/2022\/06\/WhatsApp-Image-2022-06-08-at-10.04.57-AM-3.jpeg 522w, https:\/\/eldiariodesanpedro.com.ar\/sitio\/wp-content\/uploads\/2022\/06\/WhatsApp-Image-2022-06-08-at-10.04.57-AM-3-249x300.jpeg 249w\" data-sizes=\"(max-width: 522px) 100vw, 522px\" src=\"data:image\/svg+xml;base64,PHN2ZyB3aWR0aD0iMSIgaGVpZ2h0PSIxIiB4bWxucz0iaHR0cDovL3d3dy53My5vcmcvMjAwMC9zdmciPjwvc3ZnPg==\" style=\"--smush-placeholder-width: 522px; --smush-placeholder-aspect-ratio: 522\/630;\" \/><\/figure>\n\n\n\n<figure class=\"wp-block-image size-full\"><img decoding=\"async\" width=\"577\" height=\"630\" data-attachment-id=\"107851\" data-permalink=\"https:\/\/eldiariodesanpedro.com.ar\/sitio\/se-recupero-la-ropa-robada-en-el-comercio-cara-o-cruz-de-la-zona-centrica\/whatsapp-image-2022-06-08-at-10-04-57-am-1\/\" data-orig-file=\"https:\/\/eldiariodesanpedro.com.ar\/sitio\/wp-content\/uploads\/2022\/06\/WhatsApp-Image-2022-06-08-at-10.04.57-AM-1.jpeg\" data-orig-size=\"577,630\" data-comments-opened=\"0\" data-image-meta=\"{&quot;aperture&quot;:&quot;0&quot;,&quot;credit&quot;:&quot;&quot;,&quot;camera&quot;:&quot;&quot;,&quot;caption&quot;:&quot;&quot;,&quot;created_timestamp&quot;:&quot;0&quot;,&quot;copyright&quot;:&quot;&quot;,&quot;focal_length&quot;:&quot;0&quot;,&quot;iso&quot;:&quot;0&quot;,&quot;shutter_speed&quot;:&quot;0&quot;,&quot;title&quot;:&quot;&quot;,&quot;orientation&quot;:&quot;0&quot;}\" data-image-title=\"WhatsApp Image 2022-06-08 at 10.04.57 AM (1)\" data-image-description=\"\" data-image-caption=\"\" data-large-file=\"https:\/\/eldiariodesanpedro.com.ar\/sitio\/wp-content\/uploads\/2022\/06\/WhatsApp-Image-2022-06-08-at-10.04.57-AM-1.jpeg\" data-src=\"https:\/\/eldiariodesanpedro.com.ar\/sitio\/wp-content\/uploads\/2022\/06\/WhatsApp-Image-2022-06-08-at-10.04.57-AM-1.jpeg\" alt=\"\" class=\"wp-image-107851 lazyload\" data-srcset=\"https:\/\/eldiariodesanpedro.com.ar\/sitio\/wp-content\/uploads\/2022\/06\/WhatsApp-Image-2022-06-08-at-10.04.57-AM-1.jpeg 577w, https:\/\/eldiariodesanpedro.com.ar\/sitio\/wp-content\/uploads\/2022\/06\/WhatsApp-Image-2022-06-08-at-10.04.57-AM-1-275x300.jpeg 275w\" data-sizes=\"(max-width: 577px) 100vw, 577px\" src=\"data:image\/svg+xml;base64,PHN2ZyB3aWR0aD0iMSIgaGVpZ2h0PSIxIiB4bWxucz0iaHR0cDovL3d3dy53My5vcmcvMjAwMC9zdmciPjwvc3ZnPg==\" style=\"--smush-placeholder-width: 577px; --smush-placeholder-aspect-ratio: 577\/630;\" \/><\/figure>\n\n\n\n<figure class=\"wp-block-image size-full\"><img decoding=\"async\" width=\"721\" height=\"630\" data-attachment-id=\"107852\" data-permalink=\"https:\/\/eldiariodesanpedro.com.ar\/sitio\/se-recupero-la-ropa-robada-en-el-comercio-cara-o-cruz-de-la-zona-centrica\/whatsapp-image-2022-06-08-at-10-04-57-am-2\/\" data-orig-file=\"https:\/\/eldiariodesanpedro.com.ar\/sitio\/wp-content\/uploads\/2022\/06\/WhatsApp-Image-2022-06-08-at-10.04.57-AM-2.jpeg\" data-orig-size=\"721,630\" data-comments-opened=\"0\" data-image-meta=\"{&quot;aperture&quot;:&quot;0&quot;,&quot;credit&quot;:&quot;&quot;,&quot;camera&quot;:&quot;&quot;,&quot;caption&quot;:&quot;&quot;,&quot;created_timestamp&quot;:&quot;0&quot;,&quot;copyright&quot;:&quot;&quot;,&quot;focal_length&quot;:&quot;0&quot;,&quot;iso&quot;:&quot;0&quot;,&quot;shutter_speed&quot;:&quot;0&quot;,&quot;title&quot;:&quot;&quot;,&quot;orientation&quot;:&quot;0&quot;}\" data-image-title=\"WhatsApp Image 2022-06-08 at 10.04.57 AM (2)\" data-image-description=\"\" data-image-caption=\"\" data-large-file=\"https:\/\/eldiariodesanpedro.com.ar\/sitio\/wp-content\/uploads\/2022\/06\/WhatsApp-Image-2022-06-08-at-10.04.57-AM-2.jpeg\" data-src=\"https:\/\/eldiariodesanpedro.com.ar\/sitio\/wp-content\/uploads\/2022\/06\/WhatsApp-Image-2022-06-08-at-10.04.57-AM-2.jpeg\" alt=\"\" class=\"wp-image-107852 lazyload\" data-srcset=\"https:\/\/eldiariodesanpedro.com.ar\/sitio\/wp-content\/uploads\/2022\/06\/WhatsApp-Image-2022-06-08-at-10.04.57-AM-2.jpeg 721w, https:\/\/eldiariodesanpedro.com.ar\/sitio\/wp-content\/uploads\/2022\/06\/WhatsApp-Image-2022-06-08-at-10.04.57-AM-2-300x262.jpeg 300w\" data-sizes=\"(max-width: 721px) 100vw, 721px\" src=\"data:image\/svg+xml;base64,PHN2ZyB3aWR0aD0iMSIgaGVpZ2h0PSIxIiB4bWxucz0iaHR0cDovL3d3dy53My5vcmcvMjAwMC9zdmciPjwvc3ZnPg==\" style=\"--smush-placeholder-width: 721px; --smush-placeholder-aspect-ratio: 721\/630;\" \/><\/figure>\n\n\n\n<p><a href=\"https:\/\/www.laopinionsemanario.com.ar\/secciones\/policiales\/\"><\/a><\/p>\n","protected":false},"excerpt":{"rendered":"<p>Personal policial allan\u00f3 tres viviendas y logr\u00f3 recuperar m\u00e1s de 50 prendas de vestir que hab\u00edan sido robadas de una tienda ubicada en San Mart\u00edn casi Mitre. Aprehendieron a dos j\u00f3venes de 18 a\u00f1os, sindicados como autores del robo. Adem\u00e1s, secuestraron alrededor de 100 gramos de marihuana. La polic\u00eda logr\u00f3 esclarecer el robo a una [&hellip;]<\/p>\n","protected":false},"author":4,"featured_media":107849,"comment_status":"closed","ping_status":"closed","sticky":false,"template":"","format":"standard","meta":{"om_disable_all_campaigns":false,"_jetpack_memberships_contains_paid_content":false,"footnotes":""},"categories":[50,2,103],"tags":[197,33,95,19],"class_list":["post-107848","post","type-post","status-publish","format-standard","has-post-thumbnail","hentry","category-destacadas","category-locales","category-policiales-locales","tag-buenos-aires","tag-locales","tag-policiales","tag-san-pedro"],"aioseo_notices":[],"gutentor_comment":0,"jetpack_featured_media_url":"https:\/\/eldiariodesanpedro.com.ar\/sitio\/wp-content\/uploads\/2022\/06\/WhatsApp-Image-2022-06-08-at-10.04.57-AM.jpeg","jetpack_shortlink":"https:\/\/wp.me\/p6RhLt-s3u","jetpack_sharing_enabled":true,"_links":{"self":[{"href":"https:\/\/eldiariodesanpedro.com.ar\/sitio\/wp-json\/wp\/v2\/posts\/107848","targetHints":{"allow":["GET"]}}],"collection":[{"href":"https:\/\/eldiariodesanpedro.com.ar\/sitio\/wp-json\/wp\/v2\/posts"}],"about":[{"href":"https:\/\/eldiariodesanpedro.com.ar\/sitio\/wp-json\/wp\/v2\/types\/post"}],"author":[{"embeddable":true,"href":"https:\/\/eldiariodesanpedro.com.ar\/sitio\/wp-json\/wp\/v2\/users\/4"}],"replies":[{"embeddable":true,"href":"https:\/\/eldiariodesanpedro.com.ar\/sitio\/wp-json\/wp\/v2\/comments?post=107848"}],"version-history":[{"count":1,"href":"https:\/\/eldiariodesanpedro.com.ar\/sitio\/wp-json\/wp\/v2\/posts\/107848\/revisions"}],"predecessor-version":[{"id":107853,"href":"https:\/\/eldiariodesanpedro.com.ar\/sitio\/wp-json\/wp\/v2\/posts\/107848\/revisions\/107853"}],"wp:featuredmedia":[{"embeddable":true,"href":"https:\/\/eldiariodesanpedro.com.ar\/sitio\/wp-json\/wp\/v2\/media\/107849"}],"wp:attachment":[{"href":"https:\/\/eldiariodesanpedro.com.ar\/sitio\/wp-json\/wp\/v2\/media?parent=107848"}],"wp:term":[{"taxonomy":"category","embeddable":true,"href":"https:\/\/eldiariodesanpedro.com.ar\/sitio\/wp-json\/wp\/v2\/categories?post=107848"},{"taxonomy":"post_tag","embeddable":true,"href":"https:\/\/eldiariodesanpedro.com.ar\/sitio\/wp-json\/wp\/v2\/tags?post=107848"}],"curies":[{"name":"wp","href":"https:\/\/api.w.org\/{rel}","templated":true}]}}