{"id":107845,"date":"2022-06-08T10:39:01","date_gmt":"2022-06-08T13:39:01","guid":{"rendered":"https:\/\/eldiariodesanpedro.com.ar\/sitio\/?p=107845"},"modified":"2022-06-08T10:39:01","modified_gmt":"2022-06-08T13:39:01","slug":"abuso-y-secuestro-preventiva-para-devito-y-libertad-para-luppi-los-hermanos-ramos-y-mansilla%ef%bf%bc%ef%bf%bc","status":"publish","type":"post","link":"https:\/\/eldiariodesanpedro.com.ar\/sitio\/abuso-y-secuestro-preventiva-para-devito-y-libertad-para-luppi-los-hermanos-ramos-y-mansilla%ef%bf%bc%ef%bf%bc\/","title":{"rendered":"Abuso y secuestro: preventiva para Devito y libertad para Luppi, los hermanos Ramos y Mansilla\ufffc\ufffc"},"content":{"rendered":"<!-- VideographyWP Plugin Message: Automatic video embedding prevented by plugin options. -->\n\n<p>El Juzgado de Garant\u00edas interviniente resolvi\u00f3 respecto de los pedidos de prisi\u00f3n preventiva que elev\u00f3 la fiscala Viviani para los cinco detenidos por el caso y decidi\u00f3 que s\u00f3lo el polic\u00eda Carlos Devito, \u00fanico acusado de abuso, quede en prisi\u00f3n. El resto de los imputados seguir\u00e1n el proceso en libertad luego de que se les modifique la car\u00e1tula y les quiten la acusaci\u00f3n de privaci\u00f3n ileg\u00edtima de la libertad.<\/p>\n\n\n\n<p>El Juzgado de Garant\u00edas resolvi\u00f3 acerca del pedido de prisi\u00f3n preventiva que la fiscala Viviana Ramos elev\u00f3 contra los cinco imputados del caso conocido como \u201cabuso y secuestro\u201d que denunciaron el abogado Pablo Visca y un joven de 30 a\u00f1os presunta v\u00edctima de lo vej\u00e1menes y decidi\u00f3 mantener detenido a Carlos Devito pero liberar a los otros cuatro detenidos.<\/p>\n\n\n\n<p>El polic\u00eda Carlos Leonel Devito es el \u00fanico que deber\u00e1 permanecer detenido y es adem\u00e1s el \u00fanico al que le endilgan la acusaci\u00f3n del delito relacionado con los abusos sexuales.<\/p>\n\n\n\n<p>Por su parte, Ramiro Mansilla, Lucas Ramos, Maximiliano Ramos e Isaias Luppi dejaron de estar acusados de \u201cprivaci\u00f3n il\u00e9gitima de la libertad\u201d y en su lugar quedaron imputados por \u201ccoacci\u00f3n agravada, lesiones leves y hurto\u201d pero con el beneficio de la excarcelaci\u00f3n, es decir en libertad inmediata.<\/p>\n\n\n\n<p>Los cuatro imputados que recuperaron la libertad bajo cauci\u00f3n juratoria tienen prohibido acercarse a la v\u00edctima denunciante de los abusos, tener o portar armas y deben iniciar tratamiento psicologico de recuperaci\u00f3n del consumo de drogas.<\/p>\n\n\n\n<p>El polic\u00eda Carlos Devito, en cambio, seguir\u00e1 detenido con prisi\u00f3n preventiva acusado de abuso sexual gravemente ultrajante, abuso sexual con acceso carnal agravado, coacci\u00f3n agravada, lesiones leves y dos hechos de hurto en concurso real.<\/p>\n\n\n\n<p>Los abogados defensores Hugo Lima (hermanos Ramos), Mauricio Gugger (Isa\u00edas Luppi) y Diego Jeanmaire (Mansilla y Devito) lograron dejar sin efecto la acusaci\u00f3n de \u201cprivaci\u00f3n ileg\u00edtima de la libertad\u201d, un delito con una expectativa de la pena muy alta.<\/p>\n\n\n\n<p>\u201cNo luce acreditado de modo categ\u00f3rico que los encausados hayan impedido efectivamente la libertad de la victima de salir del domicilio cuando haya querido, por lo que, a la luz del principio&nbsp;<em>in dubio pro reo<\/em>&nbsp;, debe estarse a la calificaci\u00f3n legal de coacci\u00f3n agravada por el empleo de armas\u201d, dice la resoluci\u00f3n del Juzgado de Garant\u00edas.<\/p>\n\n\n\n<p><a href=\"https:\/\/www.laopinionsemanario.com.ar\/secciones\/informacion-general\/\"><\/a><\/p>\n","protected":false},"excerpt":{"rendered":"<p>El Juzgado de Garant\u00edas interviniente resolvi\u00f3 respecto de los pedidos de prisi\u00f3n preventiva que elev\u00f3 la fiscala Viviani para los cinco detenidos por el caso y decidi\u00f3 que s\u00f3lo el polic\u00eda Carlos Devito, \u00fanico acusado de abuso, quede en prisi\u00f3n. El resto de los imputados seguir\u00e1n el proceso en libertad luego de que se les [&hellip;]<\/p>\n","protected":false},"author":4,"featured_media":107846,"comment_status":"closed","ping_status":"closed","sticky":false,"template":"","format":"standard","meta":{"om_disable_all_campaigns":false,"_jetpack_memberships_contains_paid_content":false,"footnotes":""},"categories":[50,101,2],"tags":[197,33,95,19],"class_list":["post-107845","post","type-post","status-publish","format-standard","has-post-thumbnail","hentry","category-destacadas","category-interes-general-locales","category-locales","tag-buenos-aires","tag-locales","tag-policiales","tag-san-pedro"],"aioseo_notices":[],"gutentor_comment":0,"jetpack_featured_media_url":"https:\/\/eldiariodesanpedro.com.ar\/sitio\/wp-content\/uploads\/2022\/06\/Detenidos-Abuso-y-secuestro.jpg","jetpack_shortlink":"https:\/\/wp.me\/p6RhLt-s3r","jetpack_sharing_enabled":true,"_links":{"self":[{"href":"https:\/\/eldiariodesanpedro.com.ar\/sitio\/wp-json\/wp\/v2\/posts\/107845","targetHints":{"allow":["GET"]}}],"collection":[{"href":"https:\/\/eldiariodesanpedro.com.ar\/sitio\/wp-json\/wp\/v2\/posts"}],"about":[{"href":"https:\/\/eldiariodesanpedro.com.ar\/sitio\/wp-json\/wp\/v2\/types\/post"}],"author":[{"embeddable":true,"href":"https:\/\/eldiariodesanpedro.com.ar\/sitio\/wp-json\/wp\/v2\/users\/4"}],"replies":[{"embeddable":true,"href":"https:\/\/eldiariodesanpedro.com.ar\/sitio\/wp-json\/wp\/v2\/comments?post=107845"}],"version-history":[{"count":1,"href":"https:\/\/eldiariodesanpedro.com.ar\/sitio\/wp-json\/wp\/v2\/posts\/107845\/revisions"}],"predecessor-version":[{"id":107847,"href":"https:\/\/eldiariodesanpedro.com.ar\/sitio\/wp-json\/wp\/v2\/posts\/107845\/revisions\/107847"}],"wp:featuredmedia":[{"embeddable":true,"href":"https:\/\/eldiariodesanpedro.com.ar\/sitio\/wp-json\/wp\/v2\/media\/107846"}],"wp:attachment":[{"href":"https:\/\/eldiariodesanpedro.com.ar\/sitio\/wp-json\/wp\/v2\/media?parent=107845"}],"wp:term":[{"taxonomy":"category","embeddable":true,"href":"https:\/\/eldiariodesanpedro.com.ar\/sitio\/wp-json\/wp\/v2\/categories?post=107845"},{"taxonomy":"post_tag","embeddable":true,"href":"https:\/\/eldiariodesanpedro.com.ar\/sitio\/wp-json\/wp\/v2\/tags?post=107845"}],"curies":[{"name":"wp","href":"https:\/\/api.w.org\/{rel}","templated":true}]}}