{"id":107842,"date":"2022-06-08T10:30:39","date_gmt":"2022-06-08T13:30:39","guid":{"rendered":"https:\/\/eldiariodesanpedro.com.ar\/sitio\/?p=107842"},"modified":"2022-06-08T10:30:40","modified_gmt":"2022-06-08T13:30:40","slug":"los-dirigentes-cabaleyro-y-espindola-serian-alojados-en-la-unidad-penal-3-de-san-nicolas","status":"publish","type":"post","link":"https:\/\/eldiariodesanpedro.com.ar\/sitio\/los-dirigentes-cabaleyro-y-espindola-serian-alojados-en-la-unidad-penal-3-de-san-nicolas\/","title":{"rendered":"Los dirigentes Cabaleyro y Esp\u00edndola ser\u00edan alojados en la Unidad Penal 3 de San Nicol\u00e1s"},"content":{"rendered":"<!-- VideographyWP Plugin Message: Automatic video embedding prevented by plugin options. -->\n\n<p>En los pr\u00f3ximos d\u00edas ambos dirigentes ser\u00e1n derivados a la c\u00e1rcel, seguramente en la Unidad Penal N\u00b03 de nuestra ciudad, seg\u00fan lo decida el Servicio Penitenciario Bonaerense. Desde su detenci\u00f3n el pasado 8 de abril, ambos sindicalistas se encuentran alojados en la DDI local.<\/p>\n\n\n\n<p><strong>(Informe especial: Rub\u00e9n Sisterna)<\/strong>&nbsp;Este martes alrededor del mediod\u00eda, Diario El Informante y Radio Net, informaron en primicia que la C\u00e1mara de Apelaciones y Garant\u00edas de San Nicol\u00e1s confirm\u00f3 la prisi\u00f3n preventiva contra los sindicalistas Maximiliano Cabaleyro y Fernando Esp\u00edndola, en el marco de la causa por presunta extorsi\u00f3n y coacci\u00f3n.<\/p>\n\n\n\n<p>En los pr\u00f3ximos d\u00edas ambos dirigentes ser\u00e1n derivados a la c\u00e1rcel, seguramente en la Unidad Penal N\u00b03 de nuestra ciudad, seg\u00fan lo decida el Servicio Penitenciario Bonaerense. Desde su detenci\u00f3n el pasado 8 de abril, ambos sindicalistas se encuentran alojados en la DDI local.<\/p>\n\n\n\n<p>Por otro lado la C\u00e1mara (integrada por los jueces Eduardo Alomar, Guillermo Mart\u00ednez y Alberto Moreno) resolvi\u00f3 anular el arresto domiciliario que el juez de Garant\u00edas (subrogante) Dr. Rom\u00e1n Parodi, le hab\u00eda otorgado a ambos dirigentes, porque no se le dio vista al fiscal Valle Viviani.<\/p>\n\n\n\n<p>Y adem\u00e1s los jueces decidieron que la causa vuelva al Juzgado de Garant\u00edas para que se resuelva este \u201cincidente\u201d, o sea, el arresto domiciliario que hab\u00eda solicitado la defensa, pero no se dio lugar a la fiscal sobre este tema.<\/p>\n\n\n\n<p>El expediente ser\u00e1 retomado por la Dra. Mar\u00eda Eugenia Maiztegui quien hab\u00eda pedido licencia en el cargo por problemas de salud. La fiscal hab\u00eda presentado un recurso para anular la prisi\u00f3n domiciliaria que otorg\u00f3 el juez Parodi.<\/p>\n\n\n\n<p>Los jueces del tribunal anularon el beneficio del arresto domiciliario porque exist\u00eda \u201criesgo de fuga\u201d de ambos sindicalistas. El fallo de la C\u00e1mara no hizo lugar al recurso de la defensa de revocar la prisi\u00f3n preventiva. Y anul\u00f3 la medida cautelar, o sea, el arresto domiciliario.<\/p>\n\n\n\n<p>La C\u00e1mara le orden\u00f3 al Juzgado de Garant\u00edas que vuelva a resolver sobre esa medida de arresto domiciliario pero haciendo el proceso como corresponde: con la vista del fiscal, el tema del informe socio-ambiental y todo lo que conlleva el incidente de arresto.<\/p>\n\n\n\n<p>De todas maneras este tr\u00e1mite no influye sobre la prisi\u00f3n preventiva que se confirm\u00f3 sobre Cabaleyro y Esp\u00edndola, quienes en breve ser\u00e1n trasladados a la c\u00e1rcel.<\/p>\n\n\n\n<p>Los establecimientos penitenciarios donde podr\u00edan ser alojados son cuatro: San Nicol\u00e1s, Campana, Jun\u00edn o Baradero. Pero seg\u00fan pudo saber El Informante ser\u00edan alojados en la Unidad Penal 3 por una cuesti\u00f3n de cercan\u00eda.<\/p>\n","protected":false},"excerpt":{"rendered":"<p>En los pr\u00f3ximos d\u00edas ambos dirigentes ser\u00e1n derivados a la c\u00e1rcel, seguramente en la Unidad Penal N\u00b03 de nuestra ciudad, seg\u00fan lo decida el Servicio Penitenciario Bonaerense. Desde su detenci\u00f3n el pasado 8 de abril, ambos sindicalistas se encuentran alojados en la DDI local. (Informe especial: Rub\u00e9n Sisterna)&nbsp;Este martes alrededor del mediod\u00eda, Diario El Informante [&hellip;]<\/p>\n","protected":false},"author":4,"featured_media":107843,"comment_status":"closed","ping_status":"closed","sticky":false,"template":"","format":"standard","meta":{"om_disable_all_campaigns":false,"_jetpack_memberships_contains_paid_content":false,"footnotes":""},"categories":[50,101,2],"tags":[197,696,33,19],"class_list":["post-107842","post","type-post","status-publish","format-standard","has-post-thumbnail","hentry","category-destacadas","category-interes-general-locales","category-locales","tag-buenos-aires","tag-interes-general","tag-locales","tag-san-pedro"],"aioseo_notices":[],"gutentor_comment":0,"jetpack_featured_media_url":"https:\/\/eldiariodesanpedro.com.ar\/sitio\/wp-content\/uploads\/2022\/06\/0000020955-resized-1920x1080-1.jpg","jetpack_shortlink":"https:\/\/wp.me\/p6RhLt-s3o","jetpack_sharing_enabled":true,"_links":{"self":[{"href":"https:\/\/eldiariodesanpedro.com.ar\/sitio\/wp-json\/wp\/v2\/posts\/107842","targetHints":{"allow":["GET"]}}],"collection":[{"href":"https:\/\/eldiariodesanpedro.com.ar\/sitio\/wp-json\/wp\/v2\/posts"}],"about":[{"href":"https:\/\/eldiariodesanpedro.com.ar\/sitio\/wp-json\/wp\/v2\/types\/post"}],"author":[{"embeddable":true,"href":"https:\/\/eldiariodesanpedro.com.ar\/sitio\/wp-json\/wp\/v2\/users\/4"}],"replies":[{"embeddable":true,"href":"https:\/\/eldiariodesanpedro.com.ar\/sitio\/wp-json\/wp\/v2\/comments?post=107842"}],"version-history":[{"count":1,"href":"https:\/\/eldiariodesanpedro.com.ar\/sitio\/wp-json\/wp\/v2\/posts\/107842\/revisions"}],"predecessor-version":[{"id":107844,"href":"https:\/\/eldiariodesanpedro.com.ar\/sitio\/wp-json\/wp\/v2\/posts\/107842\/revisions\/107844"}],"wp:featuredmedia":[{"embeddable":true,"href":"https:\/\/eldiariodesanpedro.com.ar\/sitio\/wp-json\/wp\/v2\/media\/107843"}],"wp:attachment":[{"href":"https:\/\/eldiariodesanpedro.com.ar\/sitio\/wp-json\/wp\/v2\/media?parent=107842"}],"wp:term":[{"taxonomy":"category","embeddable":true,"href":"https:\/\/eldiariodesanpedro.com.ar\/sitio\/wp-json\/wp\/v2\/categories?post=107842"},{"taxonomy":"post_tag","embeddable":true,"href":"https:\/\/eldiariodesanpedro.com.ar\/sitio\/wp-json\/wp\/v2\/tags?post=107842"}],"curies":[{"name":"wp","href":"https:\/\/api.w.org\/{rel}","templated":true}]}}