{"id":107840,"date":"2022-06-08T10:13:51","date_gmt":"2022-06-08T13:13:51","guid":{"rendered":"https:\/\/eldiariodesanpedro.com.ar\/sitio\/?p=107840"},"modified":"2022-06-08T10:13:51","modified_gmt":"2022-06-08T13:13:51","slug":"anses-quienes-cobran-hoy-8-de-junio-jubilaciones-auh-suaf-aue","status":"publish","type":"post","link":"https:\/\/eldiariodesanpedro.com.ar\/sitio\/anses-quienes-cobran-hoy-8-de-junio-jubilaciones-auh-suaf-aue\/","title":{"rendered":"ANSES: qui\u00e9nes cobran hoy, 8 de junio, jubilaciones, AUH, SUAF, AUE"},"content":{"rendered":"<!-- VideographyWP Plugin Message: Automatic video embedding prevented by plugin options. -->\n\n<p>Contin\u00faa el calendario de pagos de Anses correspondiente al mes de junio. Mir\u00e1 qui\u00e9nes cobran este mi\u00e9rcoles 8 de junio.<\/p>\n\n\n\n<p>La\u00a0<strong>Administraci\u00f3n Nacional de la Seguridad Social (ANSES)<\/strong>\u00a0contin\u00faa su\u00a0calendario\u00a0de pagos correspondiente al mes de junio de 2022. En el mismo, constan las fechas de\u00a0cobro\u00a0de jubilaciones, pensiones, Asignaci\u00f3n Universal por Hijo (AUH), Asignaci\u00f3n Universal por Embarazo, Asignaciones Familiares, Pensiones No Contributivas y Programa Desempleo 1, 2 y 3, entre otros beneficios del organismo previsional.<\/p>\n\n\n\n<h2 class=\"wp-block-heading\">\u00bfQui\u00e9nes cobran ANSES este mi\u00e9rcoles 8 de junio?<\/h2>\n\n\n\n<p>Este d\u00eda h\u00e1bil de junio cobran los beneficiarios y las beneficiarias de\u00a0<strong>jubilaciones y pensiones que sus haberes no superen los $42.178; Asignaci\u00f3n Familiar por Hijo y Asignaci\u00f3n Universal por Hijo; Asignaciones Familiares de Pensiones no Contributivas y quienes sean parte del Plan Desempleo 2 y 3<\/strong>. Adem\u00e1s, las Asignaciones de pago \u00fanico: matrimonio, adopci\u00f3n y nacimiento. Se trata del pago del haber correspondiente al mes en curso.<\/p>\n\n\n\n<h2 class=\"wp-block-heading\">Calendario de cobro de Jubilaciones y pensiones: Haberes que no superen los $42.178<\/h2>\n\n\n\n<ul class=\"wp-block-list\"><li>DNI terminado en 0: 8 de junio.<\/li><li>DNI terminado en 1: 9 de junio.<\/li><li>DNI terminado en 2: 10 de junio.<\/li><li>DNI terminado en 3: 13 de junio.<\/li><li>DNI terminado en 4: 14 de junio.<\/li><li>DNI terminado en 5: 15 de junio.<\/li><li>DNI terminado en 6: 16 de junio.<\/li><li>DNI terminado en 7: 16 de junio.<\/li><li>DNI terminado en 8: 21 de junio.<\/li><li>DNI terminado en 9: 22 de junio.<\/li><\/ul>\n\n\n\n<h2 class=\"wp-block-heading\">Calendario de cobro de Asignaci\u00f3n Familiar por Hijo y Asignaci\u00f3n Universal por Hijo<\/h2>\n\n\n\n<ul class=\"wp-block-list\"><li>DNI terminado en 0: 8 de junio.<\/li><li>DNI terminado en 1: 9 de junio.<\/li><li>DNI terminado en 2: 10 de junio.<\/li><li>DNI terminado en 3: 13 de junio.<\/li><li>DNI terminado en 4: 14 de junio.<\/li><li>DNI terminado en 5: 15 de junio.<\/li><li>DNI terminado en 6: 16 de junio.<\/li><li>DNI terminado en 7: 21 de junio.<\/li><li>DNI terminado en 8: 22 de junio.<\/li><li>DNI terminado en 9: 23 de junio.<\/li><\/ul>\n\n\n\n<h2 class=\"wp-block-heading\">Calendario de cobro de Asignaciones Familiares de Pensiones no Contributivas<\/h2>\n\n\n\n<ul class=\"wp-block-list\"><li>Todas las terminaciones del DNI desde el mi\u00e9rcoles 8 de junio al domingo 12 de julio.<\/li><\/ul>\n\n\n\n<h2 class=\"wp-block-heading\">Calendario de cobro de Desempleo Plan 2 y 3<\/h2>\n\n\n\n<ul class=\"wp-block-list\"><li>Los beneficiarios con todas las terminaciones del DNI podr\u00e1n cobrarlo desde el viernes 3 al jueves 9 de junio.<\/li><\/ul>\n\n\n\n<h2 class=\"wp-block-heading\">Calendario de cobro de Asignaciones de pago \u00fanico<\/h2>\n\n\n\n<p>Las asignaciones de pago \u00fanico tiene tres canales: matrimonio, adopci\u00f3n y nacimiento. Los beneficiarios con todas las terminaciones del DNI podr\u00e1n cobrarlo en:<\/p>\n\n\n\n<ul class=\"wp-block-list\"><li>Primera quincena: 07 de junio al 12 de junio.<\/li><li>Segunda quincena: 22 de junio al 12 de julio.<\/li><\/ul>\n\n\n\n<p>La Administraci\u00f3n Nacional de la Seguridad Social (Anses) record\u00f3 que, si bien no tienen que solicitar turno para cobrar este beneficio,&nbsp;<strong>deben acercarse a la entidad bancaria \u00fanicamente en la fecha asignada.<\/strong>&nbsp;El resto de las prestaciones comenzar\u00e1 su calendario de pagos en los pr\u00f3ximos d\u00edas.<\/p>\n\n\n\n<p><a href=\"https:\/\/media.infocielo.com\/p\/30ab6a2245f504a85d5f228b788264d0\/adjuntos\/299\/imagenes\/001\/335\/0001335539\/887x0\/smart\/anses-cjpg.jpg\"><\/a><\/p>\n","protected":false},"excerpt":{"rendered":"<p>Contin\u00faa el calendario de pagos de Anses correspondiente al mes de junio. Mir\u00e1 qui\u00e9nes cobran este mi\u00e9rcoles 8 de junio. La\u00a0Administraci\u00f3n Nacional de la Seguridad Social (ANSES)\u00a0contin\u00faa su\u00a0calendario\u00a0de pagos correspondiente al mes de junio de 2022. En el mismo, constan las fechas de\u00a0cobro\u00a0de jubilaciones, pensiones, Asignaci\u00f3n Universal por Hijo (AUH), Asignaci\u00f3n Universal por Embarazo, Asignaciones [&hellip;]<\/p>\n","protected":false},"author":4,"featured_media":74790,"comment_status":"closed","ping_status":"closed","sticky":false,"template":"","format":"standard","meta":{"om_disable_all_campaigns":false,"_jetpack_memberships_contains_paid_content":false,"footnotes":""},"categories":[101,2],"tags":[197,696,33,19],"class_list":["post-107840","post","type-post","status-publish","format-standard","has-post-thumbnail","hentry","category-interes-general-locales","category-locales","tag-buenos-aires","tag-interes-general","tag-locales","tag-san-pedro"],"aioseo_notices":[],"gutentor_comment":0,"jetpack_featured_media_url":"https:\/\/eldiariodesanpedro.com.ar\/sitio\/wp-content\/uploads\/2020\/06\/anses-4.jpg","jetpack_shortlink":"https:\/\/wp.me\/p6RhLt-s3m","jetpack_sharing_enabled":true,"_links":{"self":[{"href":"https:\/\/eldiariodesanpedro.com.ar\/sitio\/wp-json\/wp\/v2\/posts\/107840","targetHints":{"allow":["GET"]}}],"collection":[{"href":"https:\/\/eldiariodesanpedro.com.ar\/sitio\/wp-json\/wp\/v2\/posts"}],"about":[{"href":"https:\/\/eldiariodesanpedro.com.ar\/sitio\/wp-json\/wp\/v2\/types\/post"}],"author":[{"embeddable":true,"href":"https:\/\/eldiariodesanpedro.com.ar\/sitio\/wp-json\/wp\/v2\/users\/4"}],"replies":[{"embeddable":true,"href":"https:\/\/eldiariodesanpedro.com.ar\/sitio\/wp-json\/wp\/v2\/comments?post=107840"}],"version-history":[{"count":1,"href":"https:\/\/eldiariodesanpedro.com.ar\/sitio\/wp-json\/wp\/v2\/posts\/107840\/revisions"}],"predecessor-version":[{"id":107841,"href":"https:\/\/eldiariodesanpedro.com.ar\/sitio\/wp-json\/wp\/v2\/posts\/107840\/revisions\/107841"}],"wp:featuredmedia":[{"embeddable":true,"href":"https:\/\/eldiariodesanpedro.com.ar\/sitio\/wp-json\/wp\/v2\/media\/74790"}],"wp:attachment":[{"href":"https:\/\/eldiariodesanpedro.com.ar\/sitio\/wp-json\/wp\/v2\/media?parent=107840"}],"wp:term":[{"taxonomy":"category","embeddable":true,"href":"https:\/\/eldiariodesanpedro.com.ar\/sitio\/wp-json\/wp\/v2\/categories?post=107840"},{"taxonomy":"post_tag","embeddable":true,"href":"https:\/\/eldiariodesanpedro.com.ar\/sitio\/wp-json\/wp\/v2\/tags?post=107840"}],"curies":[{"name":"wp","href":"https:\/\/api.w.org\/{rel}","templated":true}]}}