{"id":107832,"date":"2022-06-07T20:59:39","date_gmt":"2022-06-07T23:59:39","guid":{"rendered":"https:\/\/eldiariodesanpedro.com.ar\/sitio\/?p=107832"},"modified":"2022-06-07T20:59:39","modified_gmt":"2022-06-07T23:59:39","slug":"mensajero-choco-contra-un-automovil-en-calle-saavedra","status":"publish","type":"post","link":"https:\/\/eldiariodesanpedro.com.ar\/sitio\/mensajero-choco-contra-un-automovil-en-calle-saavedra\/","title":{"rendered":"Mensajero choco contra un autom\u00f3vil en calle Saavedra"},"content":{"rendered":"<!-- VideographyWP Plugin Message: Automatic video embedding prevented by plugin options. -->\n\n<p>El incidente se produjo en la esquina de Saavedra y Las Provincias. El trabajador que conduc\u00eda el rodado menor fue hospitalizado. La moto fue retirada por otra persona antes de que sea inspeccionada por el personal de la Direcci\u00f3n de Tr\u00e1nsito.<\/p>\n\n\n\n<p>Otra vez un accidente de tr\u00e1nsito, y otra vez un mensajero. El accidente se produjo en la tarde del martes en la esquina de Saavedra y Las Provincias y estuvieron involucrados un auto y una moto perteneciente a una mensajer\u00eda.<\/p>\n\n\n\n<p>El incidente se registr\u00f3 alrededor de las 18.15 horas y estuvieron involucrada una moto 110 cc. que era conducida por un hombre y un auto Chevrolet Corsa color blanco guiado por una mujer.<\/p>\n\n\n\n<p>Por cuestiones que se tratan de establecer, la moto, que circulaba por la calle Las Provincias, impact\u00f3 contra la parte delantera derecha del otro veh\u00edculo que transitaba por Saavedra.about:blank<\/p>\n\n\n\n<p>El motociclista pr\u00e1cticamente pas\u00f3 por encima del cap\u00f3t del auto cayendo sobre el pavimento, el hombre fue asistido en el lugar y auxiliado por el servicio Same que segundos despu\u00e9s los traslad\u00f3 hac\u00eda la guardia del Hospital.<\/p>\n\n\n\n<p>Mientras tanto, otras personas que llegaron al lugar aprovecharon una distracci\u00f3n del personal de seguridad que trabajaba all\u00ed y se llevaron la moto antes de que sea peritada.<\/p>\n\n\n\n<p>Esta no es la primera vez que en medio de un accidente alguna que otra persona se llevan los veh\u00edculos siniestrados del lugar, quiz\u00e1s, para evitar el secuestro o alguna otra medida.<\/p>\n\n\n\n<figure class=\"wp-block-image size-large\"><img decoding=\"async\" width=\"1024\" height=\"549\" data-attachment-id=\"107834\" data-permalink=\"https:\/\/eldiariodesanpedro.com.ar\/sitio\/mensajero-choco-contra-un-automovil-en-calle-saavedra\/whatsapp-image-2022-06-07-at-6-31-25-pm\/\" data-orig-file=\"https:\/\/eldiariodesanpedro.com.ar\/sitio\/wp-content\/uploads\/2022\/06\/WhatsApp-Image-2022-06-07-at-6.31.25-PM.jpeg\" data-orig-size=\"1080,579\" data-comments-opened=\"0\" data-image-meta=\"{&quot;aperture&quot;:&quot;0&quot;,&quot;credit&quot;:&quot;&quot;,&quot;camera&quot;:&quot;&quot;,&quot;caption&quot;:&quot;&quot;,&quot;created_timestamp&quot;:&quot;0&quot;,&quot;copyright&quot;:&quot;&quot;,&quot;focal_length&quot;:&quot;0&quot;,&quot;iso&quot;:&quot;0&quot;,&quot;shutter_speed&quot;:&quot;0&quot;,&quot;title&quot;:&quot;&quot;,&quot;orientation&quot;:&quot;0&quot;}\" data-image-title=\"WhatsApp Image 2022-06-07 at 6.31.25 PM\" data-image-description=\"\" data-image-caption=\"\" data-large-file=\"https:\/\/eldiariodesanpedro.com.ar\/sitio\/wp-content\/uploads\/2022\/06\/WhatsApp-Image-2022-06-07-at-6.31.25-PM-1024x549.jpeg\" data-src=\"https:\/\/eldiariodesanpedro.com.ar\/sitio\/wp-content\/uploads\/2022\/06\/WhatsApp-Image-2022-06-07-at-6.31.25-PM-1024x549.jpeg\" alt=\"\" class=\"wp-image-107834 lazyload\" data-srcset=\"https:\/\/eldiariodesanpedro.com.ar\/sitio\/wp-content\/uploads\/2022\/06\/WhatsApp-Image-2022-06-07-at-6.31.25-PM-1024x549.jpeg 1024w, https:\/\/eldiariodesanpedro.com.ar\/sitio\/wp-content\/uploads\/2022\/06\/WhatsApp-Image-2022-06-07-at-6.31.25-PM-300x161.jpeg 300w, https:\/\/eldiariodesanpedro.com.ar\/sitio\/wp-content\/uploads\/2022\/06\/WhatsApp-Image-2022-06-07-at-6.31.25-PM-768x412.jpeg 768w, https:\/\/eldiariodesanpedro.com.ar\/sitio\/wp-content\/uploads\/2022\/06\/WhatsApp-Image-2022-06-07-at-6.31.25-PM.jpeg 1080w\" data-sizes=\"(max-width: 1024px) 100vw, 1024px\" src=\"data:image\/svg+xml;base64,PHN2ZyB3aWR0aD0iMSIgaGVpZ2h0PSIxIiB4bWxucz0iaHR0cDovL3d3dy53My5vcmcvMjAwMC9zdmciPjwvc3ZnPg==\" style=\"--smush-placeholder-width: 1024px; --smush-placeholder-aspect-ratio: 1024\/549;\" \/><\/figure>\n\n\n\n<p><a href=\"https:\/\/www.laopinionsemanario.com.ar\/secciones\/informacion-general\/\"><\/a><\/p>\n","protected":false},"excerpt":{"rendered":"<p>El incidente se produjo en la esquina de Saavedra y Las Provincias. El trabajador que conduc\u00eda el rodado menor fue hospitalizado. La moto fue retirada por otra persona antes de que sea inspeccionada por el personal de la Direcci\u00f3n de Tr\u00e1nsito. Otra vez un accidente de tr\u00e1nsito, y otra vez un mensajero. El accidente se [&hellip;]<\/p>\n","protected":false},"author":4,"featured_media":107833,"comment_status":"closed","ping_status":"closed","sticky":false,"template":"","format":"standard","meta":{"om_disable_all_campaigns":false,"_jetpack_memberships_contains_paid_content":false,"footnotes":""},"categories":[50,2,103],"tags":[197,696,33,19],"class_list":["post-107832","post","type-post","status-publish","format-standard","has-post-thumbnail","hentry","category-destacadas","category-locales","category-policiales-locales","tag-buenos-aires","tag-interes-general","tag-locales","tag-san-pedro"],"aioseo_notices":[],"gutentor_comment":0,"jetpack_featured_media_url":"https:\/\/eldiariodesanpedro.com.ar\/sitio\/wp-content\/uploads\/2022\/06\/Moto-chocada-1-741x486-1.jpg","jetpack_shortlink":"https:\/\/wp.me\/p6RhLt-s3e","jetpack_sharing_enabled":true,"_links":{"self":[{"href":"https:\/\/eldiariodesanpedro.com.ar\/sitio\/wp-json\/wp\/v2\/posts\/107832","targetHints":{"allow":["GET"]}}],"collection":[{"href":"https:\/\/eldiariodesanpedro.com.ar\/sitio\/wp-json\/wp\/v2\/posts"}],"about":[{"href":"https:\/\/eldiariodesanpedro.com.ar\/sitio\/wp-json\/wp\/v2\/types\/post"}],"author":[{"embeddable":true,"href":"https:\/\/eldiariodesanpedro.com.ar\/sitio\/wp-json\/wp\/v2\/users\/4"}],"replies":[{"embeddable":true,"href":"https:\/\/eldiariodesanpedro.com.ar\/sitio\/wp-json\/wp\/v2\/comments?post=107832"}],"version-history":[{"count":1,"href":"https:\/\/eldiariodesanpedro.com.ar\/sitio\/wp-json\/wp\/v2\/posts\/107832\/revisions"}],"predecessor-version":[{"id":107835,"href":"https:\/\/eldiariodesanpedro.com.ar\/sitio\/wp-json\/wp\/v2\/posts\/107832\/revisions\/107835"}],"wp:featuredmedia":[{"embeddable":true,"href":"https:\/\/eldiariodesanpedro.com.ar\/sitio\/wp-json\/wp\/v2\/media\/107833"}],"wp:attachment":[{"href":"https:\/\/eldiariodesanpedro.com.ar\/sitio\/wp-json\/wp\/v2\/media?parent=107832"}],"wp:term":[{"taxonomy":"category","embeddable":true,"href":"https:\/\/eldiariodesanpedro.com.ar\/sitio\/wp-json\/wp\/v2\/categories?post=107832"},{"taxonomy":"post_tag","embeddable":true,"href":"https:\/\/eldiariodesanpedro.com.ar\/sitio\/wp-json\/wp\/v2\/tags?post=107832"}],"curies":[{"name":"wp","href":"https:\/\/api.w.org\/{rel}","templated":true}]}}