{"id":107829,"date":"2022-06-07T20:47:09","date_gmt":"2022-06-07T23:47:09","guid":{"rendered":"https:\/\/eldiariodesanpedro.com.ar\/sitio\/?p=107829"},"modified":"2022-06-07T20:47:10","modified_gmt":"2022-06-07T23:47:10","slug":"internaron-a-cristian-novaro-el-consejero-escolar-destituido-la-semana-pasada%ef%bf%bc","status":"publish","type":"post","link":"https:\/\/eldiariodesanpedro.com.ar\/sitio\/internaron-a-cristian-novaro-el-consejero-escolar-destituido-la-semana-pasada%ef%bf%bc\/","title":{"rendered":"Internaron a Cristian Novaro, el consejero escolar destitu\u00eddo la semana pasada\ufffc"},"content":{"rendered":"<!-- VideographyWP Plugin Message: Automatic video embedding prevented by plugin options. -->\n\n<p>El docente hab\u00eda sido intervenido quir\u00fargicamente durante la semana en la que lo denunciaron. Tras la sesi\u00f3n especial en la que lo expulsaron del Consejo, sufri\u00f3 una descompensaci\u00f3n que oblig\u00f3 a internarlo en el sanatorio de la UOM en San Nicol\u00e1s, donde hab\u00eda sido operado.<\/p>\n\n\n\n<p>El destituido consejero escolar Cristian Novaro sufri\u00f3 una descompensaci\u00f3n card\u00edaca y permanece internado en el sanatorio de la Uni\u00f3n Obrera Metal\u00fargica de San Nicol\u00e1s, donde lo hab\u00edan operado a fines de abril.<\/p>\n\n\n\n<p>Novaro tuvo que ser asistido por una afecci\u00f3n coronaria luego de la sesi\u00f3n especial en la que el resto de los consejeros escolares lo expuls\u00f3 de su cargo por mal desempe\u00f1o tras la denuncia penal por presuntas irregularidades en la contrataci\u00f3n de proveedores para obras en escuelas.<\/p>\n\n\n\n<p>El docente de la escuela Industrial estaba de licencia en alrededor de 30 m\u00f3dulos y un cargo de jefe de Taller desde el 10 de diciembre pasado en el marco de sus funciones como consejero escolar electo en las \u00faltimas elecciones como parte de la lista del Frente de Todos que impuls\u00f3 el intendente Cecilio Salazar.<\/p>\n\n\n\n<p>Tras ser destituido se esperaba que reasuma en sus tareas docentes y que Jefatura Distrital de Inspecci\u00f3n Educativa, la inspectora de Secundaria y la Direcci\u00f3n de la escuela Industrial resolvieran si ameritaba alg\u00fan tipo de intervenci\u00f3n ante la denuncia penal que pesa sobre \u00e9l.<\/p>\n\n\n\n<p>Esto implica que el sistema educativo debe analizar si corresponde que mientras sea investigado por la Justicia lo separen preventivamente del cargo o si puede continuar en las aulas mientras se sustancia la causa penal en su contra.<\/p>\n\n\n\n<p>A Novaro el Consejo Escolar lo destituy\u00f3 por mal desempe\u00f1o. Entre las faltas graves que sellaron su expulsi\u00f3n aparecen no cumplir con los pasos administrativos para contratar proveedores y reunirse con ellos sin la presencia de otros consejeros.<\/p>\n\n\n\n<p>Tambi\u00e9n presentarse en instituciones educativas en nombre de todo el Consejo Escolar sin que el resto de los integrantes lo supieran y entregar \u00f3rdenes de trabajo en blanco o incompletas a los proveedores, sin que se las registre como corresponde.<\/p>\n\n\n\n<p>Adem\u00e1s, lo acusaron de \u201cmaltrato\u201d a sus pares, a personal del Consejo y a auxiliares de diversas instituciones, de destrato y falta de respeto por las tareas profesionales de la arquitecta de infraestructura escolar, entre otros puntos.<\/p>\n\n\n\n<p><a href=\"https:\/\/www.laopinionsemanario.com.ar\/secciones\/informacion-general\/\"><\/a><\/p>\n","protected":false},"excerpt":{"rendered":"<p>El docente hab\u00eda sido intervenido quir\u00fargicamente durante la semana en la que lo denunciaron. Tras la sesi\u00f3n especial en la que lo expulsaron del Consejo, sufri\u00f3 una descompensaci\u00f3n que oblig\u00f3 a internarlo en el sanatorio de la UOM en San Nicol\u00e1s, donde hab\u00eda sido operado. El destituido consejero escolar Cristian Novaro sufri\u00f3 una descompensaci\u00f3n card\u00edaca [&hellip;]<\/p>\n","protected":false},"author":4,"featured_media":107830,"comment_status":"closed","ping_status":"closed","sticky":false,"template":"","format":"standard","meta":{"om_disable_all_campaigns":false,"_jetpack_memberships_contains_paid_content":false,"footnotes":""},"categories":[50,101,2],"tags":[197,696,33,19],"class_list":["post-107829","post","type-post","status-publish","format-standard","has-post-thumbnail","hentry","category-destacadas","category-interes-general-locales","category-locales","tag-buenos-aires","tag-interes-general","tag-locales","tag-san-pedro"],"aioseo_notices":[],"gutentor_comment":0,"jetpack_featured_media_url":"https:\/\/eldiariodesanpedro.com.ar\/sitio\/wp-content\/uploads\/2022\/06\/Cristian-Novaro-1.jpg","jetpack_shortlink":"https:\/\/wp.me\/p6RhLt-s3b","jetpack_sharing_enabled":true,"_links":{"self":[{"href":"https:\/\/eldiariodesanpedro.com.ar\/sitio\/wp-json\/wp\/v2\/posts\/107829","targetHints":{"allow":["GET"]}}],"collection":[{"href":"https:\/\/eldiariodesanpedro.com.ar\/sitio\/wp-json\/wp\/v2\/posts"}],"about":[{"href":"https:\/\/eldiariodesanpedro.com.ar\/sitio\/wp-json\/wp\/v2\/types\/post"}],"author":[{"embeddable":true,"href":"https:\/\/eldiariodesanpedro.com.ar\/sitio\/wp-json\/wp\/v2\/users\/4"}],"replies":[{"embeddable":true,"href":"https:\/\/eldiariodesanpedro.com.ar\/sitio\/wp-json\/wp\/v2\/comments?post=107829"}],"version-history":[{"count":1,"href":"https:\/\/eldiariodesanpedro.com.ar\/sitio\/wp-json\/wp\/v2\/posts\/107829\/revisions"}],"predecessor-version":[{"id":107831,"href":"https:\/\/eldiariodesanpedro.com.ar\/sitio\/wp-json\/wp\/v2\/posts\/107829\/revisions\/107831"}],"wp:featuredmedia":[{"embeddable":true,"href":"https:\/\/eldiariodesanpedro.com.ar\/sitio\/wp-json\/wp\/v2\/media\/107830"}],"wp:attachment":[{"href":"https:\/\/eldiariodesanpedro.com.ar\/sitio\/wp-json\/wp\/v2\/media?parent=107829"}],"wp:term":[{"taxonomy":"category","embeddable":true,"href":"https:\/\/eldiariodesanpedro.com.ar\/sitio\/wp-json\/wp\/v2\/categories?post=107829"},{"taxonomy":"post_tag","embeddable":true,"href":"https:\/\/eldiariodesanpedro.com.ar\/sitio\/wp-json\/wp\/v2\/tags?post=107829"}],"curies":[{"name":"wp","href":"https:\/\/api.w.org\/{rel}","templated":true}]}}