{"id":107817,"date":"2022-06-07T15:51:45","date_gmt":"2022-06-07T18:51:45","guid":{"rendered":"https:\/\/eldiariodesanpedro.com.ar\/sitio\/?p=107817"},"modified":"2022-06-07T15:51:46","modified_gmt":"2022-06-07T18:51:46","slug":"asamblea-de-socios-autoconvocados-para-normalizar-la-institucion-c-i-p-a-n","status":"publish","type":"post","link":"https:\/\/eldiariodesanpedro.com.ar\/sitio\/asamblea-de-socios-autoconvocados-para-normalizar-la-institucion-c-i-p-a-n\/","title":{"rendered":"Asamblea de socios Autoconvocados para normalizar la instituci\u00f3n C.I.P.A.N."},"content":{"rendered":"<!-- VideographyWP Plugin Message: Automatic video embedding prevented by plugin options. -->\n\n<h4 class=\"has-text-align-center wp-block-heading\">Asociaci\u00f3n Civil \u00abC.I.P.A.N. CAMARA DE INDUSTRIALES PANADEROS AGRUPADOS DEL NORTE\u00bb<br>Asamblea de socios Autoconvocados para normalizar la instituci\u00f3n.<\/h4>\n\n\n\n<p>Atento la situaci\u00f3n de irregularidad en que ha venido funcionando la Instituci\u00f3n y de carecer en la actualidad de autoridades vigentes legalmente constituidas, en el marco del expediente 3\/180421 fiscalizado por la Direcci\u00f3n Provincial de Personas Jur\u00eddicas, se convoca a asamblea de socios autoconvocados a los fines de tratar el siguiente orden del d\u00eda:<br>I) Motivos de la convocatoria;<br>II) consideraci\u00f3n de la aprobaci\u00f3n del inicio del procedimiento de normalizaci\u00f3n por ante la D.P.P.J;<br>III) Elecci\u00f3n de una comisi\u00f3n normalizara de 3 socios por un plazo de 6 meses.\u00bb<\/p>\n\n\n\n<p>A llevarse acabo el d\u00eda 17 de junio 2022, en la calle Lavalle 329, San Pedro a las 20:00 horas<\/p>\n\n\n\n<p><\/p>\n\n\n\n<p>(Publicaci\u00f3n V\u00e1lida por los d\u00edas 07, 08 y 09 de junio de 2022)<\/p>\n","protected":false},"excerpt":{"rendered":"<p>Asociaci\u00f3n Civil \u00abC.I.P.A.N. CAMARA DE INDUSTRIALES PANADEROS AGRUPADOS DEL NORTE\u00bbAsamblea de socios Autoconvocados para normalizar la instituci\u00f3n. Atento la situaci\u00f3n de irregularidad en que ha venido funcionando la Instituci\u00f3n y de carecer en la actualidad de autoridades vigentes legalmente constituidas, en el marco del expediente 3\/180421 fiscalizado por la Direcci\u00f3n Provincial de Personas Jur\u00eddicas, se [&hellip;]<\/p>\n","protected":false},"author":4,"featured_media":107818,"comment_status":"closed","ping_status":"closed","sticky":false,"template":"","format":"standard","meta":{"om_disable_all_campaigns":false,"_jetpack_memberships_contains_paid_content":false,"footnotes":""},"categories":[678,676],"tags":[197,696,33,19],"class_list":["post-107817","post","type-post","status-publish","format-standard","has-post-thumbnail","hentry","category-convocatorias","category-edictos","tag-buenos-aires","tag-interes-general","tag-locales","tag-san-pedro"],"aioseo_notices":[],"gutentor_comment":0,"jetpack_featured_media_url":"https:\/\/eldiariodesanpedro.com.ar\/sitio\/wp-content\/uploads\/2022\/06\/CIPAN-junio-2022.jpg","jetpack_shortlink":"https:\/\/wp.me\/p6RhLt-s2Z","jetpack_sharing_enabled":true,"_links":{"self":[{"href":"https:\/\/eldiariodesanpedro.com.ar\/sitio\/wp-json\/wp\/v2\/posts\/107817","targetHints":{"allow":["GET"]}}],"collection":[{"href":"https:\/\/eldiariodesanpedro.com.ar\/sitio\/wp-json\/wp\/v2\/posts"}],"about":[{"href":"https:\/\/eldiariodesanpedro.com.ar\/sitio\/wp-json\/wp\/v2\/types\/post"}],"author":[{"embeddable":true,"href":"https:\/\/eldiariodesanpedro.com.ar\/sitio\/wp-json\/wp\/v2\/users\/4"}],"replies":[{"embeddable":true,"href":"https:\/\/eldiariodesanpedro.com.ar\/sitio\/wp-json\/wp\/v2\/comments?post=107817"}],"version-history":[{"count":1,"href":"https:\/\/eldiariodesanpedro.com.ar\/sitio\/wp-json\/wp\/v2\/posts\/107817\/revisions"}],"predecessor-version":[{"id":107819,"href":"https:\/\/eldiariodesanpedro.com.ar\/sitio\/wp-json\/wp\/v2\/posts\/107817\/revisions\/107819"}],"wp:featuredmedia":[{"embeddable":true,"href":"https:\/\/eldiariodesanpedro.com.ar\/sitio\/wp-json\/wp\/v2\/media\/107818"}],"wp:attachment":[{"href":"https:\/\/eldiariodesanpedro.com.ar\/sitio\/wp-json\/wp\/v2\/media?parent=107817"}],"wp:term":[{"taxonomy":"category","embeddable":true,"href":"https:\/\/eldiariodesanpedro.com.ar\/sitio\/wp-json\/wp\/v2\/categories?post=107817"},{"taxonomy":"post_tag","embeddable":true,"href":"https:\/\/eldiariodesanpedro.com.ar\/sitio\/wp-json\/wp\/v2\/tags?post=107817"}],"curies":[{"name":"wp","href":"https:\/\/api.w.org\/{rel}","templated":true}]}}