{"id":107813,"date":"2022-06-07T11:40:44","date_gmt":"2022-06-07T14:40:44","guid":{"rendered":"https:\/\/eldiariodesanpedro.com.ar\/sitio\/?p=107813"},"modified":"2022-06-07T11:40:45","modified_gmt":"2022-06-07T14:40:45","slug":"dni-en-el-anses-se-realizaran-los-tramites-por-orden-de-llegada","status":"publish","type":"post","link":"https:\/\/eldiariodesanpedro.com.ar\/sitio\/dni-en-el-anses-se-realizaran-los-tramites-por-orden-de-llegada\/","title":{"rendered":"DNI en el Anses, se realizaran los tramites por orden de llegada"},"content":{"rendered":"<!-- VideographyWP Plugin Message: Automatic video embedding prevented by plugin options. -->\n\n<p>Desde este lunes, las oficinas del organismo ubicado en 25 de Mayo y Balcarce tienen un puesto fijo de Renaper para tramitar DNI y pasaporte. Hasta que habiliten la plataforma Mi Argentina, es sin turno y por orden de llegada. El tr\u00e1mite demora alrededor de 10 minutos, inform\u00f3 la titular de la UDAI local, Tamara Vlaeminck.<\/p>\n\n\n\n<p>El Registro nacional de las personas (Renaper)\u00a0instal\u00f3 en San Pedro un puesto para tramitar DNI y pasaporte en la sede de las oficinas de Anses, que permite sumar una boca m\u00e1s para hacer esos tr\u00e1mites, de alta demanda en la comunidad.<\/p>\n\n\n\n<p>Este lunes comenz\u00f3 a operar el puesto y entre las 9.00 y las 14.00. En total hicieron 22 tr\u00e1mites: 18 de DNI, uno de pasaporte y tres de personas que requirieron ambos documento.<\/p>\n\n\n\n<p>La titular de Anses local, Tamara Vlaeminck, inform\u00f3 que hab\u00eda una \u201calta demanda\u201d que se not\u00f3 en los seis operativos m\u00f3viles que hubo el a\u00f1o pasado, por lo que celebr\u00f3 la posibilidad de sumar a las oficinas del Registro Civil este puesto en la dependencia que conduce.<\/p>\n\n\n\n<p>\u201cAmpliamos la capacidad de atenci\u00f3n\u201d, destac\u00f3 la funcionaria y se\u00f1al\u00f3 que \u201cNo s\u00f3lo van a poder hacerlo los ciudadanos de San Pedro, sino cualquier\u201d vecino de otra ciudad o provincia, puesto que se trata de un puesto del registro nacional.<\/p>\n\n\n\n<p>Por ahora, la atenci\u00f3n en Anses para tramitar DNI y pasaporte es por orden de llegada. \u201cDentro de 10 d\u00edas, m\u00e1s o menos, va a estar San Pedro oficializado en la p\u00e1gina Mi Argentina\u201d, momento en el que s\u00ed habr\u00e1 que obtener turno, explic\u00f3 Vlaeminck.<\/p>\n\n\n\n<p>\u201cPor d\u00eda vamos a poder atender entreo 30 y 38 turnos\u201d, entre las 8.00 y las 14.00, asegur\u00f3 la titular de Anses. Este lunes comenzaron a atender a las 9.00 porque durante la primera hora tuvieron una dificultad t\u00e9cnica.<\/p>\n\n\n\n<p>Por lo pronto, quienes hagan DNI o pasaporte pueden pagar mediante c\u00f3digo QR de billeteras virtuales o a trav\u00e9s de bocas tipo Pago F\u00e1cil. A partir de la semana que viene podr\u00e1n abonar con tarjeta en la propia oficina.<\/p>\n\n\n\n<p>\u201cEs rapid\u00edsimo, tardan 10 minutos\u201d, dijo sobre el tr\u00e1mite y agreg\u00f3: \u201cSi no se nos cae el sistema, tarda 10 minutos. Eso es un golazo, la gente no tiene que esperar mucho\u201d.<\/p>\n\n\n\n<p>Una vez completado el tr\u00e1mite, el documento llega dentro de los 10 d\u00edas h\u00e1biles al domicilio del requirente. En caso de que el personal de Correo no encuentre personas en la casa, el env\u00edo se devuelve y arriba a San Pedro en los siguientes 30 d\u00edas. En ese caso puede ir tanto al Registro Civil como a Anses.<\/p>\n\n\n\n<p><a href=\"https:\/\/www.laopinionsemanario.com.ar\/secciones\/informacion-general\/\"><\/a><\/p>\n","protected":false},"excerpt":{"rendered":"<p>Desde este lunes, las oficinas del organismo ubicado en 25 de Mayo y Balcarce tienen un puesto fijo de Renaper para tramitar DNI y pasaporte. Hasta que habiliten la plataforma Mi Argentina, es sin turno y por orden de llegada. El tr\u00e1mite demora alrededor de 10 minutos, inform\u00f3 la titular de la UDAI local, Tamara [&hellip;]<\/p>\n","protected":false},"author":4,"featured_media":73726,"comment_status":"closed","ping_status":"closed","sticky":false,"template":"","format":"standard","meta":{"om_disable_all_campaigns":false,"_jetpack_memberships_contains_paid_content":false,"footnotes":""},"categories":[50,101,2],"tags":[197,696,33,19],"class_list":["post-107813","post","type-post","status-publish","format-standard","has-post-thumbnail","hentry","category-destacadas","category-interes-general-locales","category-locales","tag-buenos-aires","tag-interes-general","tag-locales","tag-san-pedro"],"aioseo_notices":[],"gutentor_comment":0,"jetpack_featured_media_url":"https:\/\/eldiariodesanpedro.com.ar\/sitio\/wp-content\/uploads\/2020\/05\/2020-05-14-1.jpg","jetpack_shortlink":"https:\/\/wp.me\/p6RhLt-s2V","jetpack_sharing_enabled":true,"_links":{"self":[{"href":"https:\/\/eldiariodesanpedro.com.ar\/sitio\/wp-json\/wp\/v2\/posts\/107813","targetHints":{"allow":["GET"]}}],"collection":[{"href":"https:\/\/eldiariodesanpedro.com.ar\/sitio\/wp-json\/wp\/v2\/posts"}],"about":[{"href":"https:\/\/eldiariodesanpedro.com.ar\/sitio\/wp-json\/wp\/v2\/types\/post"}],"author":[{"embeddable":true,"href":"https:\/\/eldiariodesanpedro.com.ar\/sitio\/wp-json\/wp\/v2\/users\/4"}],"replies":[{"embeddable":true,"href":"https:\/\/eldiariodesanpedro.com.ar\/sitio\/wp-json\/wp\/v2\/comments?post=107813"}],"version-history":[{"count":1,"href":"https:\/\/eldiariodesanpedro.com.ar\/sitio\/wp-json\/wp\/v2\/posts\/107813\/revisions"}],"predecessor-version":[{"id":107814,"href":"https:\/\/eldiariodesanpedro.com.ar\/sitio\/wp-json\/wp\/v2\/posts\/107813\/revisions\/107814"}],"wp:featuredmedia":[{"embeddable":true,"href":"https:\/\/eldiariodesanpedro.com.ar\/sitio\/wp-json\/wp\/v2\/media\/73726"}],"wp:attachment":[{"href":"https:\/\/eldiariodesanpedro.com.ar\/sitio\/wp-json\/wp\/v2\/media?parent=107813"}],"wp:term":[{"taxonomy":"category","embeddable":true,"href":"https:\/\/eldiariodesanpedro.com.ar\/sitio\/wp-json\/wp\/v2\/categories?post=107813"},{"taxonomy":"post_tag","embeddable":true,"href":"https:\/\/eldiariodesanpedro.com.ar\/sitio\/wp-json\/wp\/v2\/tags?post=107813"}],"curies":[{"name":"wp","href":"https:\/\/api.w.org\/{rel}","templated":true}]}}