{"id":107811,"date":"2022-06-07T11:33:56","date_gmt":"2022-06-07T14:33:56","guid":{"rendered":"https:\/\/eldiariodesanpedro.com.ar\/sitio\/?p=107811"},"modified":"2022-06-07T11:33:57","modified_gmt":"2022-06-07T14:33:57","slug":"se-realizaran-cambio-en-el-centro-de-monitoreo","status":"publish","type":"post","link":"https:\/\/eldiariodesanpedro.com.ar\/sitio\/se-realizaran-cambio-en-el-centro-de-monitoreo\/","title":{"rendered":"Se realizaran cambio en el Centro de Monitoreo"},"content":{"rendered":"<!-- VideographyWP Plugin Message: Automatic video embedding prevented by plugin options. -->\n\n<p>El edificio ubicado frente a la Comisar\u00eda ser\u00e1 refaccionado y ampliado con recursos del Fondo de Seguridad provincial, adelant\u00f3 el secretario del \u00e1rea, Diego Solana.<\/p>\n\n\n\n<p>Entre los proyectos para invertir el Fondo de Seguridad provincial aparece la refacci\u00f3n del centro de monitoreo. El edificio donde tambi\u00e9n funcionan el \u00e1rea que conduce el Diego Solana y la Direcci\u00f3n de Defensa Civil a cargo de Fabio Giovanettoni presenta deterioro y necesita ampliaci\u00f3n.<\/p>\n\n\n\n<p>El centro de monitoreo \u201cGabriel Reyna\u201d fue inaugurado en junio del a\u00f1o 2015 durante el interregno de Giovanettoni al frente del Ejwcutivo y el d\u00eda de su apertura cont\u00f3 con la presencia de quien hoy es el ministro de seguridad bonaerense, Serio Berni.<\/p>\n\n\n\n<p>\u201cEl edificio tiene un problema con una carga que se realiz\u00f3 mal en su construcci\u00f3n original, entonces hay que cortar un alero que hace trabajar mal al resto de la loza y provoca que todo lo que se ponga se caiga\u201d, explic\u00f3 el secretario de Seguridad Diego Solana .<\/p>\n\n\n\n<p>\u201cLa obra va a arrancar en cualquier momento y a mediados de a\u00f1o vamos a tener el centro de monitoreo ampliado\u201d, asegur\u00f3 en el aire de Sin Galera.<\/p>\n\n\n\n<p>\u201cA los arreglos que debemos hacer sobre el ingreso vamos a techar el patio interno\u201d, adelant\u00f3 el funcionario.<\/p>\n\n\n\n<p>Con respecto a Defensa Civil, que tambi\u00e9n funciona en ese mismo lugar, el secretario de Seguridad adelant\u00f3 que se va a construir una oficina m\u00e1s. \u201cFabio Giovanettoni est\u00e1 mucho en la calle pero hace base ah\u00ed. Ya estamos acostumbrados a trabajar as\u00ed y tambi\u00e9n yo estoy mucho en la calle\u201d, manifest\u00f3 Solana.<\/p>\n\n\n\n<p><a href=\"https:\/\/www.laopinionsemanario.com.ar\/secciones\/informacion-general\/\"><\/a><\/p>\n","protected":false},"excerpt":{"rendered":"<p>El edificio ubicado frente a la Comisar\u00eda ser\u00e1 refaccionado y ampliado con recursos del Fondo de Seguridad provincial, adelant\u00f3 el secretario del \u00e1rea, Diego Solana. Entre los proyectos para invertir el Fondo de Seguridad provincial aparece la refacci\u00f3n del centro de monitoreo. El edificio donde tambi\u00e9n funcionan el \u00e1rea que conduce el Diego Solana y [&hellip;]<\/p>\n","protected":false},"author":4,"featured_media":21889,"comment_status":"closed","ping_status":"closed","sticky":false,"template":"","format":"standard","meta":{"om_disable_all_campaigns":false,"_jetpack_memberships_contains_paid_content":false,"footnotes":""},"categories":[50,101,2],"tags":[197,696,33,19],"class_list":["post-107811","post","type-post","status-publish","format-standard","has-post-thumbnail","hentry","category-destacadas","category-interes-general-locales","category-locales","tag-buenos-aires","tag-interes-general","tag-locales","tag-san-pedro"],"aioseo_notices":[],"gutentor_comment":0,"jetpack_featured_media_url":"https:\/\/eldiariodesanpedro.com.ar\/sitio\/wp-content\/uploads\/2017\/08\/San-Pedro-nuevo-Centro-de-Monitoreo.jpg","jetpack_shortlink":"https:\/\/wp.me\/p6RhLt-s2T","jetpack_sharing_enabled":true,"_links":{"self":[{"href":"https:\/\/eldiariodesanpedro.com.ar\/sitio\/wp-json\/wp\/v2\/posts\/107811","targetHints":{"allow":["GET"]}}],"collection":[{"href":"https:\/\/eldiariodesanpedro.com.ar\/sitio\/wp-json\/wp\/v2\/posts"}],"about":[{"href":"https:\/\/eldiariodesanpedro.com.ar\/sitio\/wp-json\/wp\/v2\/types\/post"}],"author":[{"embeddable":true,"href":"https:\/\/eldiariodesanpedro.com.ar\/sitio\/wp-json\/wp\/v2\/users\/4"}],"replies":[{"embeddable":true,"href":"https:\/\/eldiariodesanpedro.com.ar\/sitio\/wp-json\/wp\/v2\/comments?post=107811"}],"version-history":[{"count":1,"href":"https:\/\/eldiariodesanpedro.com.ar\/sitio\/wp-json\/wp\/v2\/posts\/107811\/revisions"}],"predecessor-version":[{"id":107812,"href":"https:\/\/eldiariodesanpedro.com.ar\/sitio\/wp-json\/wp\/v2\/posts\/107811\/revisions\/107812"}],"wp:featuredmedia":[{"embeddable":true,"href":"https:\/\/eldiariodesanpedro.com.ar\/sitio\/wp-json\/wp\/v2\/media\/21889"}],"wp:attachment":[{"href":"https:\/\/eldiariodesanpedro.com.ar\/sitio\/wp-json\/wp\/v2\/media?parent=107811"}],"wp:term":[{"taxonomy":"category","embeddable":true,"href":"https:\/\/eldiariodesanpedro.com.ar\/sitio\/wp-json\/wp\/v2\/categories?post=107811"},{"taxonomy":"post_tag","embeddable":true,"href":"https:\/\/eldiariodesanpedro.com.ar\/sitio\/wp-json\/wp\/v2\/tags?post=107811"}],"curies":[{"name":"wp","href":"https:\/\/api.w.org\/{rel}","templated":true}]}}