{"id":107806,"date":"2022-06-07T11:17:16","date_gmt":"2022-06-07T14:17:16","guid":{"rendered":"https:\/\/eldiariodesanpedro.com.ar\/sitio\/?p=107806"},"modified":"2022-06-07T11:17:17","modified_gmt":"2022-06-07T14:17:17","slug":"dia-del-periodista-en-argentina-por-que-se-celebra","status":"publish","type":"post","link":"https:\/\/eldiariodesanpedro.com.ar\/sitio\/dia-del-periodista-en-argentina-por-que-se-celebra\/","title":{"rendered":"D\u00eda del Periodista en Argentina: \u00bfpor qu\u00e9 se celebra?"},"content":{"rendered":"<!-- VideographyWP Plugin Message: Automatic video embedding prevented by plugin options. -->\n\n<p>Cada 7 de junio se celebra el D\u00eda del Periodista en Argentina. La fecha fue establecida en 1938, en el Primer Congreso Nacional de Periodistas en C\u00f3rdoba.<\/p>\n\n\n\n<p>Cada 7 de\u00a0junio, en\u00a0Argentina\u00a0se celebra el\u00a0<strong>D\u00eda del Periodista<\/strong>, en homenaje a la aparici\u00f3n del primer peri\u00f3dico patrio. En 1938 fue cuando esta fecha fue establecida, por el Primer Congreso Nacional de Periodistas en C\u00f3rdoba.<\/p>\n\n\n\n<p><strong>El objetivo de esta fecha es celebrar el ejercicio profesional del periodismo, que fortalezcan el derecho a la informaci\u00f3n de la sociedad.\u00a0<\/strong>Desde el Ente Nacional de Comunicaciones (ENACOM), al respecto, expresaron que \u00abcuanto mayor pluralidad, cuantos m\u00e1s puntos de vista sobre un tema, a mayor diversidad, se mejora la posibilidad del p\u00fablico de acceder a diferentes opiniones sobre una misma tem\u00e1tica\u00bb<\/p>\n\n\n\n<h2 class=\"wp-block-heading\">D\u00eda del Periodista en Argentina: \u00bfpor qu\u00e9 se celebra?<\/h2>\n\n\n\n<p><strong>Esta fecha argentina se celebra en homenaje al primer peri\u00f3dico patrio, \u00abLa Gazeta de Buenos Ayres\u00bb, fundada por Mariano Moreno en 1810.<\/strong>\u00a0El diario naci\u00f3 en el contexto de la reciente naci\u00f3n argentina, poco despu\u00e9s de los sucesos del 25 de mayo, con el objetivo de comuicarle al pueblo las medidas llevadas a cabo por la Primera Junta de Gobierno.<\/p>\n\n\n\n<p><strong>Adem\u00e1s de Mariano Moreno, en La Gazeta de Buenos Ayres, escribieron grandes personalidades de la historia argentina como: Manuel Belgrano, Juan Jos\u00e9 Castelli y Manuel Alberti.&nbsp;<\/strong>El diario continu\u00f3 su labor hasta el 12 de septiembre de 1821, cuando fue reemplazada bajo la presidencia de Bernardino Rivadavia por el Registro Oficial.<\/p>\n\n\n\n<p>El 25 de mayo de 1938, en C\u00f3rdoba se desarroll\u00f3 el Primer Congreso de Periodistas, con miembros que formaba parte de prensa en todo el pa\u00eds. All\u00ed, se estableci\u00f3 que el 7 de junio se celebre el D\u00eda del Periodista en Argentina.<\/p>\n\n\n\n<p>En el Calendario Escolar realizado por la Direcci\u00f3n General de Cultura y Educaci\u00f3n, se establece que esta jornada de celebra con el objetivo de valorar la funci\u00f3n del periodista como comunicador social y fomentar una actitud de juicio cr\u00edtico frente a la informaci\u00f3n.<\/p>\n\n\n\n<p><a href=\"https:\/\/media.infocielo.com\/p\/88a11423ca52941669f501654c856adf\/adjuntos\/299\/imagenes\/001\/429\/0001429399\/887x0\/smart\/periodista-diajpg.jpg\"><\/a><\/p>\n","protected":false},"excerpt":{"rendered":"<p>Cada 7 de junio se celebra el D\u00eda del Periodista en Argentina. La fecha fue establecida en 1938, en el Primer Congreso Nacional de Periodistas en C\u00f3rdoba. Cada 7 de\u00a0junio, en\u00a0Argentina\u00a0se celebra el\u00a0D\u00eda del Periodista, en homenaje a la aparici\u00f3n del primer peri\u00f3dico patrio. En 1938 fue cuando esta fecha fue establecida, por el Primer [&hellip;]<\/p>\n","protected":false},"author":4,"featured_media":107807,"comment_status":"closed","ping_status":"closed","sticky":false,"template":"","format":"standard","meta":{"om_disable_all_campaigns":false,"_jetpack_memberships_contains_paid_content":false,"footnotes":""},"categories":[50,101,2],"tags":[197,696,33,19],"class_list":["post-107806","post","type-post","status-publish","format-standard","has-post-thumbnail","hentry","category-destacadas","category-interes-general-locales","category-locales","tag-buenos-aires","tag-interes-general","tag-locales","tag-san-pedro"],"aioseo_notices":[],"gutentor_comment":0,"jetpack_featured_media_url":"https:\/\/eldiariodesanpedro.com.ar\/sitio\/wp-content\/uploads\/2022\/06\/pag_35a.jpg","jetpack_shortlink":"https:\/\/wp.me\/p6RhLt-s2O","jetpack_sharing_enabled":true,"_links":{"self":[{"href":"https:\/\/eldiariodesanpedro.com.ar\/sitio\/wp-json\/wp\/v2\/posts\/107806","targetHints":{"allow":["GET"]}}],"collection":[{"href":"https:\/\/eldiariodesanpedro.com.ar\/sitio\/wp-json\/wp\/v2\/posts"}],"about":[{"href":"https:\/\/eldiariodesanpedro.com.ar\/sitio\/wp-json\/wp\/v2\/types\/post"}],"author":[{"embeddable":true,"href":"https:\/\/eldiariodesanpedro.com.ar\/sitio\/wp-json\/wp\/v2\/users\/4"}],"replies":[{"embeddable":true,"href":"https:\/\/eldiariodesanpedro.com.ar\/sitio\/wp-json\/wp\/v2\/comments?post=107806"}],"version-history":[{"count":1,"href":"https:\/\/eldiariodesanpedro.com.ar\/sitio\/wp-json\/wp\/v2\/posts\/107806\/revisions"}],"predecessor-version":[{"id":107808,"href":"https:\/\/eldiariodesanpedro.com.ar\/sitio\/wp-json\/wp\/v2\/posts\/107806\/revisions\/107808"}],"wp:featuredmedia":[{"embeddable":true,"href":"https:\/\/eldiariodesanpedro.com.ar\/sitio\/wp-json\/wp\/v2\/media\/107807"}],"wp:attachment":[{"href":"https:\/\/eldiariodesanpedro.com.ar\/sitio\/wp-json\/wp\/v2\/media?parent=107806"}],"wp:term":[{"taxonomy":"category","embeddable":true,"href":"https:\/\/eldiariodesanpedro.com.ar\/sitio\/wp-json\/wp\/v2\/categories?post=107806"},{"taxonomy":"post_tag","embeddable":true,"href":"https:\/\/eldiariodesanpedro.com.ar\/sitio\/wp-json\/wp\/v2\/tags?post=107806"}],"curies":[{"name":"wp","href":"https:\/\/api.w.org\/{rel}","templated":true}]}}