{"id":107799,"date":"2022-06-07T09:32:35","date_gmt":"2022-06-07T12:32:35","guid":{"rendered":"https:\/\/eldiariodesanpedro.com.ar\/sitio\/?p=107799"},"modified":"2022-06-07T09:32:36","modified_gmt":"2022-06-07T12:32:36","slug":"alerta-para-el-transito-por-las-espesas-nieblas","status":"publish","type":"post","link":"https:\/\/eldiariodesanpedro.com.ar\/sitio\/alerta-para-el-transito-por-las-espesas-nieblas\/","title":{"rendered":"Alerta para el tr\u00e1nsito por las espesas nieblas"},"content":{"rendered":"<!-- VideographyWP Plugin Message: Automatic video embedding prevented by plugin options. -->\n\n<p>Ante los pron\u00f3sticos que indican la presencia de niebla durante la noche, la Municipalidad de San Pedro, a trav\u00e9s de la Direcci\u00f3n de Defensa Civil pone a disposici\u00f3n las siguientes recomendaciones.<\/p>\n\n\n\n<ul class=\"wp-block-list\"><li>Encender luces bajas y \u201cantiniebla\u201d si tiene.<\/li><li>No usar luces altas y disminuir la velocidad.<\/li><li>Evitar hacer sobrepasos.<\/li><li>Mantener limpio el parabrisas y usar desempa\u00f1ado.<\/li><li>Evitar circular hasta que despeje.<\/li><li>Caminar por senderos seguros y ya conocidos.<\/li><li>Comunicarse al 100 (Bomberos) para contactar con Defensa Civil<\/li><\/ul>\n\n\n\n<p>Comienzan a ser visibles bancos de niebla en sectores de la Provincia de Buenos Aires que se ir\u00e1n extendiendo a lo largo de la noche dentro de las zonas informadas.<\/p>\n\n\n\n<figure class=\"wp-block-image size-full\"><img decoding=\"async\" width=\"658\" height=\"630\" data-attachment-id=\"107800\" data-permalink=\"https:\/\/eldiariodesanpedro.com.ar\/sitio\/alerta-para-el-transito-por-las-espesas-nieblas\/whatsapp-image-2022-06-06-at-8-52-28-pm\/\" data-orig-file=\"https:\/\/eldiariodesanpedro.com.ar\/sitio\/wp-content\/uploads\/2022\/06\/WhatsApp-Image-2022-06-06-at-8.52.28-PM.jpeg\" data-orig-size=\"658,630\" data-comments-opened=\"0\" data-image-meta=\"{&quot;aperture&quot;:&quot;0&quot;,&quot;credit&quot;:&quot;&quot;,&quot;camera&quot;:&quot;&quot;,&quot;caption&quot;:&quot;&quot;,&quot;created_timestamp&quot;:&quot;0&quot;,&quot;copyright&quot;:&quot;&quot;,&quot;focal_length&quot;:&quot;0&quot;,&quot;iso&quot;:&quot;0&quot;,&quot;shutter_speed&quot;:&quot;0&quot;,&quot;title&quot;:&quot;&quot;,&quot;orientation&quot;:&quot;0&quot;}\" data-image-title=\"WhatsApp Image 2022-06-06 at 8.52.28 PM\" data-image-description=\"\" data-image-caption=\"\" data-large-file=\"https:\/\/eldiariodesanpedro.com.ar\/sitio\/wp-content\/uploads\/2022\/06\/WhatsApp-Image-2022-06-06-at-8.52.28-PM.jpeg\" data-src=\"https:\/\/eldiariodesanpedro.com.ar\/sitio\/wp-content\/uploads\/2022\/06\/WhatsApp-Image-2022-06-06-at-8.52.28-PM.jpeg\" alt=\"\" class=\"wp-image-107800 lazyload\" data-srcset=\"https:\/\/eldiariodesanpedro.com.ar\/sitio\/wp-content\/uploads\/2022\/06\/WhatsApp-Image-2022-06-06-at-8.52.28-PM.jpeg 658w, https:\/\/eldiariodesanpedro.com.ar\/sitio\/wp-content\/uploads\/2022\/06\/WhatsApp-Image-2022-06-06-at-8.52.28-PM-300x287.jpeg 300w\" data-sizes=\"(max-width: 658px) 100vw, 658px\" src=\"data:image\/svg+xml;base64,PHN2ZyB3aWR0aD0iMSIgaGVpZ2h0PSIxIiB4bWxucz0iaHR0cDovL3d3dy53My5vcmcvMjAwMC9zdmciPjwvc3ZnPg==\" style=\"--smush-placeholder-width: 658px; --smush-placeholder-aspect-ratio: 658\/630;\" \/><\/figure>\n\n\n\n<figure class=\"wp-block-image size-full\"><img decoding=\"async\" width=\"676\" height=\"630\" data-attachment-id=\"107802\" data-permalink=\"https:\/\/eldiariodesanpedro.com.ar\/sitio\/alerta-para-el-transito-por-las-espesas-nieblas\/whatsapp-image-2022-06-06-at-8-52-29-pm\/\" data-orig-file=\"https:\/\/eldiariodesanpedro.com.ar\/sitio\/wp-content\/uploads\/2022\/06\/WhatsApp-Image-2022-06-06-at-8.52.29-PM.jpeg\" data-orig-size=\"676,630\" data-comments-opened=\"0\" data-image-meta=\"{&quot;aperture&quot;:&quot;0&quot;,&quot;credit&quot;:&quot;&quot;,&quot;camera&quot;:&quot;&quot;,&quot;caption&quot;:&quot;&quot;,&quot;created_timestamp&quot;:&quot;0&quot;,&quot;copyright&quot;:&quot;&quot;,&quot;focal_length&quot;:&quot;0&quot;,&quot;iso&quot;:&quot;0&quot;,&quot;shutter_speed&quot;:&quot;0&quot;,&quot;title&quot;:&quot;&quot;,&quot;orientation&quot;:&quot;0&quot;}\" data-image-title=\"WhatsApp Image 2022-06-06 at 8.52.29 PM\" data-image-description=\"\" data-image-caption=\"\" data-large-file=\"https:\/\/eldiariodesanpedro.com.ar\/sitio\/wp-content\/uploads\/2022\/06\/WhatsApp-Image-2022-06-06-at-8.52.29-PM.jpeg\" data-src=\"https:\/\/eldiariodesanpedro.com.ar\/sitio\/wp-content\/uploads\/2022\/06\/WhatsApp-Image-2022-06-06-at-8.52.29-PM.jpeg\" alt=\"\" class=\"wp-image-107802 lazyload\" data-srcset=\"https:\/\/eldiariodesanpedro.com.ar\/sitio\/wp-content\/uploads\/2022\/06\/WhatsApp-Image-2022-06-06-at-8.52.29-PM.jpeg 676w, https:\/\/eldiariodesanpedro.com.ar\/sitio\/wp-content\/uploads\/2022\/06\/WhatsApp-Image-2022-06-06-at-8.52.29-PM-300x280.jpeg 300w\" data-sizes=\"(max-width: 676px) 100vw, 676px\" src=\"data:image\/svg+xml;base64,PHN2ZyB3aWR0aD0iMSIgaGVpZ2h0PSIxIiB4bWxucz0iaHR0cDovL3d3dy53My5vcmcvMjAwMC9zdmciPjwvc3ZnPg==\" style=\"--smush-placeholder-width: 676px; --smush-placeholder-aspect-ratio: 676\/630;\" \/><\/figure>\n","protected":false},"excerpt":{"rendered":"<p>Ante los pron\u00f3sticos que indican la presencia de niebla durante la noche, la Municipalidad de San Pedro, a trav\u00e9s de la Direcci\u00f3n de Defensa Civil pone a disposici\u00f3n las siguientes recomendaciones. Encender luces bajas y \u201cantiniebla\u201d si tiene. No usar luces altas y disminuir la velocidad. Evitar hacer sobrepasos. Mantener limpio el parabrisas y usar [&hellip;]<\/p>\n","protected":false},"author":4,"featured_media":107801,"comment_status":"closed","ping_status":"closed","sticky":false,"template":"","format":"standard","meta":{"om_disable_all_campaigns":false,"_jetpack_memberships_contains_paid_content":false,"footnotes":""},"categories":[50,101,2],"tags":[197,696,33,19],"class_list":["post-107799","post","type-post","status-publish","format-standard","has-post-thumbnail","hentry","category-destacadas","category-interes-general-locales","category-locales","tag-buenos-aires","tag-interes-general","tag-locales","tag-san-pedro"],"aioseo_notices":[],"gutentor_comment":0,"jetpack_featured_media_url":"https:\/\/eldiariodesanpedro.com.ar\/sitio\/wp-content\/uploads\/2022\/06\/WhatsApp-Image-2022-06-07-at-9.26.39-AM.jpeg","jetpack_shortlink":"https:\/\/wp.me\/p6RhLt-s2H","jetpack_sharing_enabled":true,"_links":{"self":[{"href":"https:\/\/eldiariodesanpedro.com.ar\/sitio\/wp-json\/wp\/v2\/posts\/107799","targetHints":{"allow":["GET"]}}],"collection":[{"href":"https:\/\/eldiariodesanpedro.com.ar\/sitio\/wp-json\/wp\/v2\/posts"}],"about":[{"href":"https:\/\/eldiariodesanpedro.com.ar\/sitio\/wp-json\/wp\/v2\/types\/post"}],"author":[{"embeddable":true,"href":"https:\/\/eldiariodesanpedro.com.ar\/sitio\/wp-json\/wp\/v2\/users\/4"}],"replies":[{"embeddable":true,"href":"https:\/\/eldiariodesanpedro.com.ar\/sitio\/wp-json\/wp\/v2\/comments?post=107799"}],"version-history":[{"count":1,"href":"https:\/\/eldiariodesanpedro.com.ar\/sitio\/wp-json\/wp\/v2\/posts\/107799\/revisions"}],"predecessor-version":[{"id":107803,"href":"https:\/\/eldiariodesanpedro.com.ar\/sitio\/wp-json\/wp\/v2\/posts\/107799\/revisions\/107803"}],"wp:featuredmedia":[{"embeddable":true,"href":"https:\/\/eldiariodesanpedro.com.ar\/sitio\/wp-json\/wp\/v2\/media\/107801"}],"wp:attachment":[{"href":"https:\/\/eldiariodesanpedro.com.ar\/sitio\/wp-json\/wp\/v2\/media?parent=107799"}],"wp:term":[{"taxonomy":"category","embeddable":true,"href":"https:\/\/eldiariodesanpedro.com.ar\/sitio\/wp-json\/wp\/v2\/categories?post=107799"},{"taxonomy":"post_tag","embeddable":true,"href":"https:\/\/eldiariodesanpedro.com.ar\/sitio\/wp-json\/wp\/v2\/tags?post=107799"}],"curies":[{"name":"wp","href":"https:\/\/api.w.org\/{rel}","templated":true}]}}