{"id":107791,"date":"2022-06-06T21:51:55","date_gmt":"2022-06-07T00:51:55","guid":{"rendered":"https:\/\/eldiariodesanpedro.com.ar\/sitio\/?p=107791"},"modified":"2022-06-06T21:51:56","modified_gmt":"2022-06-07T00:51:56","slug":"choque-entre-una-motocicleta-y-un-automovil-el-conductor-de-la-moto-paso-en-rojo","status":"publish","type":"post","link":"https:\/\/eldiariodesanpedro.com.ar\/sitio\/choque-entre-una-motocicleta-y-un-automovil-el-conductor-de-la-moto-paso-en-rojo\/","title":{"rendered":"Choque entre una motocicleta y un autom\u00f3vil, el conductor de la moto paso en rojo"},"content":{"rendered":"<!-- VideographyWP Plugin Message: Automatic video embedding prevented by plugin options. -->\n\n<p>El accidente ocurri\u00f3 pasadas las 13.00 de este lunes en esa esquina. Un joven de 24 a\u00f1os que circulaba sin casco en una moto tipo 110 cc no respet\u00f3 el sem\u00e1foro e impact\u00f3 contra un Volkswagen Gol que cruzaba la avenida. El motociclista fue trasladado a la Guardia por una ambulancia.<\/p>\n\n\n\n<p>Un motociclista que circulaba sin casco fue trasladado al Hospital tras chocar contra un autom\u00f3vil al que embisti\u00f3 por cruzar un sem\u00e1foro en rojo.<\/p>\n\n\n\n<p>El joven de 24 a\u00f1os que conduc\u00eda una moto tipo 110 cc pas\u00f3 en rojo el sem\u00e1foro de avenida 3 de Febrero y Santana cuando circulaba en sentido hacia el centro. Impact\u00f3 en el medio de un Volkswagen Gol gris en el que iba una mujer que ten\u00eda paso e iba en direcci\u00f3n hacia el r\u00edo.<\/p>\n\n\n\n<p>Una ambulancia del servicio de Emergencias Same 107 traslad\u00f3 al joven a la Guardia del Hospital con golpes que en principio implicaban lesiones de car\u00e1cter leve.<\/p>\n\n\n\n<p>La mujer que manejaba el Gol result\u00f3 ilesa y el coche sufri\u00f3 diversos da\u00f1os en todo el lateral derecho, donde recibi\u00f3 el impacto de la motocicleta, que tambi\u00e9n result\u00f3 da\u00f1ada producto del choque.<\/p>\n\n\n\n<figure class=\"wp-block-image size-large\"><img decoding=\"async\" width=\"1024\" height=\"497\" data-attachment-id=\"107796\" data-permalink=\"https:\/\/eldiariodesanpedro.com.ar\/sitio\/choque-entre-una-motocicleta-y-un-automovil-el-conductor-de-la-moto-paso-en-rojo\/whatsapp-image-2022-06-06-at-2-01-36-pm\/\" data-orig-file=\"https:\/\/eldiariodesanpedro.com.ar\/sitio\/wp-content\/uploads\/2022\/06\/WhatsApp-Image-2022-06-06-at-2.01.36-PM.jpeg\" data-orig-size=\"1200,583\" data-comments-opened=\"0\" data-image-meta=\"{&quot;aperture&quot;:&quot;0&quot;,&quot;credit&quot;:&quot;&quot;,&quot;camera&quot;:&quot;&quot;,&quot;caption&quot;:&quot;&quot;,&quot;created_timestamp&quot;:&quot;0&quot;,&quot;copyright&quot;:&quot;&quot;,&quot;focal_length&quot;:&quot;0&quot;,&quot;iso&quot;:&quot;0&quot;,&quot;shutter_speed&quot;:&quot;0&quot;,&quot;title&quot;:&quot;&quot;,&quot;orientation&quot;:&quot;0&quot;}\" data-image-title=\"WhatsApp Image 2022-06-06 at 2.01.36 PM\" data-image-description=\"\" data-image-caption=\"\" data-large-file=\"https:\/\/eldiariodesanpedro.com.ar\/sitio\/wp-content\/uploads\/2022\/06\/WhatsApp-Image-2022-06-06-at-2.01.36-PM-1024x497.jpeg\" data-src=\"https:\/\/eldiariodesanpedro.com.ar\/sitio\/wp-content\/uploads\/2022\/06\/WhatsApp-Image-2022-06-06-at-2.01.36-PM-1024x497.jpeg\" alt=\"\" class=\"wp-image-107796 lazyload\" data-srcset=\"https:\/\/eldiariodesanpedro.com.ar\/sitio\/wp-content\/uploads\/2022\/06\/WhatsApp-Image-2022-06-06-at-2.01.36-PM-1024x497.jpeg 1024w, https:\/\/eldiariodesanpedro.com.ar\/sitio\/wp-content\/uploads\/2022\/06\/WhatsApp-Image-2022-06-06-at-2.01.36-PM-300x146.jpeg 300w, https:\/\/eldiariodesanpedro.com.ar\/sitio\/wp-content\/uploads\/2022\/06\/WhatsApp-Image-2022-06-06-at-2.01.36-PM-768x373.jpeg 768w, https:\/\/eldiariodesanpedro.com.ar\/sitio\/wp-content\/uploads\/2022\/06\/WhatsApp-Image-2022-06-06-at-2.01.36-PM.jpeg 1200w\" data-sizes=\"(max-width: 1024px) 100vw, 1024px\" src=\"data:image\/svg+xml;base64,PHN2ZyB3aWR0aD0iMSIgaGVpZ2h0PSIxIiB4bWxucz0iaHR0cDovL3d3dy53My5vcmcvMjAwMC9zdmciPjwvc3ZnPg==\" style=\"--smush-placeholder-width: 1024px; --smush-placeholder-aspect-ratio: 1024\/497;\" \/><\/figure>\n\n\n\n<figure class=\"wp-block-image size-large\"><img decoding=\"async\" width=\"1024\" height=\"576\" data-attachment-id=\"107795\" data-permalink=\"https:\/\/eldiariodesanpedro.com.ar\/sitio\/choque-entre-una-motocicleta-y-un-automovil-el-conductor-de-la-moto-paso-en-rojo\/whatsapp-image-2022-06-06-at-2-01-35-pm\/\" data-orig-file=\"https:\/\/eldiariodesanpedro.com.ar\/sitio\/wp-content\/uploads\/2022\/06\/WhatsApp-Image-2022-06-06-at-2.01.35-PM.jpeg\" data-orig-size=\"1120,630\" data-comments-opened=\"0\" data-image-meta=\"{&quot;aperture&quot;:&quot;0&quot;,&quot;credit&quot;:&quot;&quot;,&quot;camera&quot;:&quot;&quot;,&quot;caption&quot;:&quot;&quot;,&quot;created_timestamp&quot;:&quot;0&quot;,&quot;copyright&quot;:&quot;&quot;,&quot;focal_length&quot;:&quot;0&quot;,&quot;iso&quot;:&quot;0&quot;,&quot;shutter_speed&quot;:&quot;0&quot;,&quot;title&quot;:&quot;&quot;,&quot;orientation&quot;:&quot;0&quot;}\" data-image-title=\"WhatsApp Image 2022-06-06 at 2.01.35 PM\" data-image-description=\"\" data-image-caption=\"\" data-large-file=\"https:\/\/eldiariodesanpedro.com.ar\/sitio\/wp-content\/uploads\/2022\/06\/WhatsApp-Image-2022-06-06-at-2.01.35-PM-1024x576.jpeg\" data-src=\"https:\/\/eldiariodesanpedro.com.ar\/sitio\/wp-content\/uploads\/2022\/06\/WhatsApp-Image-2022-06-06-at-2.01.35-PM-1024x576.jpeg\" alt=\"\" class=\"wp-image-107795 lazyload\" data-srcset=\"https:\/\/eldiariodesanpedro.com.ar\/sitio\/wp-content\/uploads\/2022\/06\/WhatsApp-Image-2022-06-06-at-2.01.35-PM-1024x576.jpeg 1024w, https:\/\/eldiariodesanpedro.com.ar\/sitio\/wp-content\/uploads\/2022\/06\/WhatsApp-Image-2022-06-06-at-2.01.35-PM-300x169.jpeg 300w, https:\/\/eldiariodesanpedro.com.ar\/sitio\/wp-content\/uploads\/2022\/06\/WhatsApp-Image-2022-06-06-at-2.01.35-PM-768x432.jpeg 768w, https:\/\/eldiariodesanpedro.com.ar\/sitio\/wp-content\/uploads\/2022\/06\/WhatsApp-Image-2022-06-06-at-2.01.35-PM.jpeg 1120w\" data-sizes=\"(max-width: 1024px) 100vw, 1024px\" src=\"data:image\/svg+xml;base64,PHN2ZyB3aWR0aD0iMSIgaGVpZ2h0PSIxIiB4bWxucz0iaHR0cDovL3d3dy53My5vcmcvMjAwMC9zdmciPjwvc3ZnPg==\" style=\"--smush-placeholder-width: 1024px; --smush-placeholder-aspect-ratio: 1024\/576;\" \/><\/figure>\n\n\n\n<figure class=\"wp-block-image size-large\"><img decoding=\"async\" width=\"1024\" height=\"576\" data-attachment-id=\"107793\" data-permalink=\"https:\/\/eldiariodesanpedro.com.ar\/sitio\/choque-entre-una-motocicleta-y-un-automovil-el-conductor-de-la-moto-paso-en-rojo\/whatsapp-image-2022-06-06-at-2-01-34-pm-1\/\" data-orig-file=\"https:\/\/eldiariodesanpedro.com.ar\/sitio\/wp-content\/uploads\/2022\/06\/WhatsApp-Image-2022-06-06-at-2.01.34-PM-1.jpeg\" data-orig-size=\"1120,630\" data-comments-opened=\"0\" data-image-meta=\"{&quot;aperture&quot;:&quot;0&quot;,&quot;credit&quot;:&quot;&quot;,&quot;camera&quot;:&quot;&quot;,&quot;caption&quot;:&quot;&quot;,&quot;created_timestamp&quot;:&quot;0&quot;,&quot;copyright&quot;:&quot;&quot;,&quot;focal_length&quot;:&quot;0&quot;,&quot;iso&quot;:&quot;0&quot;,&quot;shutter_speed&quot;:&quot;0&quot;,&quot;title&quot;:&quot;&quot;,&quot;orientation&quot;:&quot;0&quot;}\" data-image-title=\"WhatsApp Image 2022-06-06 at 2.01.34 PM (1)\" data-image-description=\"\" data-image-caption=\"\" data-large-file=\"https:\/\/eldiariodesanpedro.com.ar\/sitio\/wp-content\/uploads\/2022\/06\/WhatsApp-Image-2022-06-06-at-2.01.34-PM-1-1024x576.jpeg\" data-src=\"https:\/\/eldiariodesanpedro.com.ar\/sitio\/wp-content\/uploads\/2022\/06\/WhatsApp-Image-2022-06-06-at-2.01.34-PM-1-1024x576.jpeg\" alt=\"\" class=\"wp-image-107793 lazyload\" data-srcset=\"https:\/\/eldiariodesanpedro.com.ar\/sitio\/wp-content\/uploads\/2022\/06\/WhatsApp-Image-2022-06-06-at-2.01.34-PM-1-1024x576.jpeg 1024w, https:\/\/eldiariodesanpedro.com.ar\/sitio\/wp-content\/uploads\/2022\/06\/WhatsApp-Image-2022-06-06-at-2.01.34-PM-1-300x169.jpeg 300w, https:\/\/eldiariodesanpedro.com.ar\/sitio\/wp-content\/uploads\/2022\/06\/WhatsApp-Image-2022-06-06-at-2.01.34-PM-1-768x432.jpeg 768w, https:\/\/eldiariodesanpedro.com.ar\/sitio\/wp-content\/uploads\/2022\/06\/WhatsApp-Image-2022-06-06-at-2.01.34-PM-1.jpeg 1120w\" data-sizes=\"(max-width: 1024px) 100vw, 1024px\" src=\"data:image\/svg+xml;base64,PHN2ZyB3aWR0aD0iMSIgaGVpZ2h0PSIxIiB4bWxucz0iaHR0cDovL3d3dy53My5vcmcvMjAwMC9zdmciPjwvc3ZnPg==\" style=\"--smush-placeholder-width: 1024px; --smush-placeholder-aspect-ratio: 1024\/576;\" \/><\/figure>\n\n\n\n<figure class=\"wp-block-image size-large\"><img decoding=\"async\" width=\"1024\" height=\"576\" data-attachment-id=\"107797\" data-permalink=\"https:\/\/eldiariodesanpedro.com.ar\/sitio\/choque-entre-una-motocicleta-y-un-automovil-el-conductor-de-la-moto-paso-en-rojo\/whatsapp-image-2022-06-06-at-2-01-34-pm-2\/\" data-orig-file=\"https:\/\/eldiariodesanpedro.com.ar\/sitio\/wp-content\/uploads\/2022\/06\/WhatsApp-Image-2022-06-06-at-2.01.34-PM-2.jpeg\" data-orig-size=\"1120,630\" data-comments-opened=\"0\" data-image-meta=\"{&quot;aperture&quot;:&quot;0&quot;,&quot;credit&quot;:&quot;&quot;,&quot;camera&quot;:&quot;&quot;,&quot;caption&quot;:&quot;&quot;,&quot;created_timestamp&quot;:&quot;0&quot;,&quot;copyright&quot;:&quot;&quot;,&quot;focal_length&quot;:&quot;0&quot;,&quot;iso&quot;:&quot;0&quot;,&quot;shutter_speed&quot;:&quot;0&quot;,&quot;title&quot;:&quot;&quot;,&quot;orientation&quot;:&quot;0&quot;}\" data-image-title=\"WhatsApp Image 2022-06-06 at 2.01.34 PM (2)\" data-image-description=\"\" data-image-caption=\"\" data-large-file=\"https:\/\/eldiariodesanpedro.com.ar\/sitio\/wp-content\/uploads\/2022\/06\/WhatsApp-Image-2022-06-06-at-2.01.34-PM-2-1024x576.jpeg\" data-src=\"https:\/\/eldiariodesanpedro.com.ar\/sitio\/wp-content\/uploads\/2022\/06\/WhatsApp-Image-2022-06-06-at-2.01.34-PM-2-1024x576.jpeg\" alt=\"\" class=\"wp-image-107797 lazyload\" data-srcset=\"https:\/\/eldiariodesanpedro.com.ar\/sitio\/wp-content\/uploads\/2022\/06\/WhatsApp-Image-2022-06-06-at-2.01.34-PM-2-1024x576.jpeg 1024w, https:\/\/eldiariodesanpedro.com.ar\/sitio\/wp-content\/uploads\/2022\/06\/WhatsApp-Image-2022-06-06-at-2.01.34-PM-2-300x169.jpeg 300w, https:\/\/eldiariodesanpedro.com.ar\/sitio\/wp-content\/uploads\/2022\/06\/WhatsApp-Image-2022-06-06-at-2.01.34-PM-2-768x432.jpeg 768w, https:\/\/eldiariodesanpedro.com.ar\/sitio\/wp-content\/uploads\/2022\/06\/WhatsApp-Image-2022-06-06-at-2.01.34-PM-2.jpeg 1120w\" data-sizes=\"(max-width: 1024px) 100vw, 1024px\" src=\"data:image\/svg+xml;base64,PHN2ZyB3aWR0aD0iMSIgaGVpZ2h0PSIxIiB4bWxucz0iaHR0cDovL3d3dy53My5vcmcvMjAwMC9zdmciPjwvc3ZnPg==\" style=\"--smush-placeholder-width: 1024px; --smush-placeholder-aspect-ratio: 1024\/576;\" \/><\/figure>\n\n\n\n<p><a href=\"https:\/\/www.laopinionsemanario.com.ar\/secciones\/informacion-general\/\"><\/a><\/p>\n","protected":false},"excerpt":{"rendered":"<p>El accidente ocurri\u00f3 pasadas las 13.00 de este lunes en esa esquina. Un joven de 24 a\u00f1os que circulaba sin casco en una moto tipo 110 cc no respet\u00f3 el sem\u00e1foro e impact\u00f3 contra un Volkswagen Gol que cruzaba la avenida. El motociclista fue trasladado a la Guardia por una ambulancia. Un motociclista que circulaba [&hellip;]<\/p>\n","protected":false},"author":4,"featured_media":107795,"comment_status":"closed","ping_status":"closed","sticky":false,"template":"","format":"standard","meta":{"om_disable_all_campaigns":false,"_jetpack_memberships_contains_paid_content":false,"footnotes":""},"categories":[50,2,103],"tags":[197,33,95,19],"class_list":["post-107791","post","type-post","status-publish","format-standard","has-post-thumbnail","hentry","category-destacadas","category-locales","category-policiales-locales","tag-buenos-aires","tag-locales","tag-policiales","tag-san-pedro"],"aioseo_notices":[],"gutentor_comment":0,"jetpack_featured_media_url":"https:\/\/eldiariodesanpedro.com.ar\/sitio\/wp-content\/uploads\/2022\/06\/WhatsApp-Image-2022-06-06-at-2.01.35-PM.jpeg","jetpack_shortlink":"https:\/\/wp.me\/p6RhLt-s2z","jetpack_sharing_enabled":true,"_links":{"self":[{"href":"https:\/\/eldiariodesanpedro.com.ar\/sitio\/wp-json\/wp\/v2\/posts\/107791","targetHints":{"allow":["GET"]}}],"collection":[{"href":"https:\/\/eldiariodesanpedro.com.ar\/sitio\/wp-json\/wp\/v2\/posts"}],"about":[{"href":"https:\/\/eldiariodesanpedro.com.ar\/sitio\/wp-json\/wp\/v2\/types\/post"}],"author":[{"embeddable":true,"href":"https:\/\/eldiariodesanpedro.com.ar\/sitio\/wp-json\/wp\/v2\/users\/4"}],"replies":[{"embeddable":true,"href":"https:\/\/eldiariodesanpedro.com.ar\/sitio\/wp-json\/wp\/v2\/comments?post=107791"}],"version-history":[{"count":1,"href":"https:\/\/eldiariodesanpedro.com.ar\/sitio\/wp-json\/wp\/v2\/posts\/107791\/revisions"}],"predecessor-version":[{"id":107798,"href":"https:\/\/eldiariodesanpedro.com.ar\/sitio\/wp-json\/wp\/v2\/posts\/107791\/revisions\/107798"}],"wp:featuredmedia":[{"embeddable":true,"href":"https:\/\/eldiariodesanpedro.com.ar\/sitio\/wp-json\/wp\/v2\/media\/107795"}],"wp:attachment":[{"href":"https:\/\/eldiariodesanpedro.com.ar\/sitio\/wp-json\/wp\/v2\/media?parent=107791"}],"wp:term":[{"taxonomy":"category","embeddable":true,"href":"https:\/\/eldiariodesanpedro.com.ar\/sitio\/wp-json\/wp\/v2\/categories?post=107791"},{"taxonomy":"post_tag","embeddable":true,"href":"https:\/\/eldiariodesanpedro.com.ar\/sitio\/wp-json\/wp\/v2\/tags?post=107791"}],"curies":[{"name":"wp","href":"https:\/\/api.w.org\/{rel}","templated":true}]}}