{"id":107784,"date":"2022-06-06T21:25:25","date_gmt":"2022-06-07T00:25:25","guid":{"rendered":"https:\/\/eldiariodesanpedro.com.ar\/sitio\/?p=107784"},"modified":"2022-06-06T21:25:26","modified_gmt":"2022-06-07T00:25:26","slug":"una-camion-cargado-de-tierra-volco-en-la-ruta-191","status":"publish","type":"post","link":"https:\/\/eldiariodesanpedro.com.ar\/sitio\/una-camion-cargado-de-tierra-volco-en-la-ruta-191\/","title":{"rendered":"Una cami\u00f3n cargado de tierra volc\u00f3 en la ruta 191"},"content":{"rendered":"<!-- VideographyWP Plugin Message: Automatic video embedding prevented by plugin options. -->\n\n<p>Ocurri\u00f3 este lunes por la ma\u00f1ana en inmediaciones del kil\u00f3metro 10 de ese camino provincial. Un cami\u00f3n que transportaba tierra volc\u00f3 y qued\u00f3 atravesado en la ruta, que ten\u00eda el tr\u00e1nsito cortado. El chofer, un hombre de 62 a\u00f1os domiciliado en San Pedro, fue asistido por el servicio de emergencia Same 107 aunque no presentaba lesiones.<\/p>\n\n\n\n<p>Un cami\u00f3n tipo volcador que transportaba tierra volc\u00f3 este lunes por la ma\u00f1ana en inmediaciones del kil\u00f3metro 10 de la ruta 191, antes de la autopista nacional 9, lo que provoc\u00f3 interrupci\u00f3n del tr\u00e1nsito en ese camino provincial.<\/p>\n\n\n\n<p>El cami\u00f3n, conducido por un chofer domiciliado en San Pedro, se sali\u00f3 de la calzada por lo que el conductor perdi\u00f3 el control y volc\u00f3, por lo que el veh\u00edculo qued\u00f3 atravesado en la ruta.<\/p>\n\n\n\n<p>El conductor, identificado como Roberto Fern\u00e1ndez, de 62 a\u00f1os, fue asistido por el servicio de emergencias Same 107, aunque no presentaba lesiones de consideraci\u00f3n.<\/p>\n\n\n\n<p>El tr\u00e1nsito estuvo interrumpido mientras se desarrollaban las tareas para la remoci\u00f3n del cami\u00f3n, que transportaba tierra en el marco de una actividad habitual que hace el transportista para viveros de la zona.<\/p>\n\n\n\n<figure class=\"wp-block-image size-large\"><img decoding=\"async\" width=\"1024\" height=\"497\" data-attachment-id=\"107788\" data-permalink=\"https:\/\/eldiariodesanpedro.com.ar\/sitio\/una-camion-cargado-de-tierra-volco-en-la-ruta-191\/whatsapp-image-2022-06-06-at-12-14-25-pm\/\" data-orig-file=\"https:\/\/eldiariodesanpedro.com.ar\/sitio\/wp-content\/uploads\/2022\/06\/WhatsApp-Image-2022-06-06-at-12.14.25-PM.jpeg\" data-orig-size=\"1200,583\" data-comments-opened=\"0\" data-image-meta=\"{&quot;aperture&quot;:&quot;0&quot;,&quot;credit&quot;:&quot;&quot;,&quot;camera&quot;:&quot;&quot;,&quot;caption&quot;:&quot;&quot;,&quot;created_timestamp&quot;:&quot;0&quot;,&quot;copyright&quot;:&quot;&quot;,&quot;focal_length&quot;:&quot;0&quot;,&quot;iso&quot;:&quot;0&quot;,&quot;shutter_speed&quot;:&quot;0&quot;,&quot;title&quot;:&quot;&quot;,&quot;orientation&quot;:&quot;0&quot;}\" data-image-title=\"WhatsApp Image 2022-06-06 at 12.14.25 PM\" data-image-description=\"\" data-image-caption=\"\" data-large-file=\"https:\/\/eldiariodesanpedro.com.ar\/sitio\/wp-content\/uploads\/2022\/06\/WhatsApp-Image-2022-06-06-at-12.14.25-PM-1024x497.jpeg\" data-src=\"https:\/\/eldiariodesanpedro.com.ar\/sitio\/wp-content\/uploads\/2022\/06\/WhatsApp-Image-2022-06-06-at-12.14.25-PM-1024x497.jpeg\" alt=\"\" class=\"wp-image-107788 lazyload\" data-srcset=\"https:\/\/eldiariodesanpedro.com.ar\/sitio\/wp-content\/uploads\/2022\/06\/WhatsApp-Image-2022-06-06-at-12.14.25-PM-1024x497.jpeg 1024w, https:\/\/eldiariodesanpedro.com.ar\/sitio\/wp-content\/uploads\/2022\/06\/WhatsApp-Image-2022-06-06-at-12.14.25-PM-300x146.jpeg 300w, https:\/\/eldiariodesanpedro.com.ar\/sitio\/wp-content\/uploads\/2022\/06\/WhatsApp-Image-2022-06-06-at-12.14.25-PM-768x373.jpeg 768w, https:\/\/eldiariodesanpedro.com.ar\/sitio\/wp-content\/uploads\/2022\/06\/WhatsApp-Image-2022-06-06-at-12.14.25-PM.jpeg 1200w\" data-sizes=\"(max-width: 1024px) 100vw, 1024px\" src=\"data:image\/svg+xml;base64,PHN2ZyB3aWR0aD0iMSIgaGVpZ2h0PSIxIiB4bWxucz0iaHR0cDovL3d3dy53My5vcmcvMjAwMC9zdmciPjwvc3ZnPg==\" style=\"--smush-placeholder-width: 1024px; --smush-placeholder-aspect-ratio: 1024\/497;\" \/><\/figure>\n\n\n\n<figure class=\"wp-block-image size-large\"><img decoding=\"async\" width=\"1024\" height=\"576\" data-attachment-id=\"107787\" data-permalink=\"https:\/\/eldiariodesanpedro.com.ar\/sitio\/una-camion-cargado-de-tierra-volco-en-la-ruta-191\/whatsapp-image-2022-06-06-at-12-14-24-pm\/\" data-orig-file=\"https:\/\/eldiariodesanpedro.com.ar\/sitio\/wp-content\/uploads\/2022\/06\/WhatsApp-Image-2022-06-06-at-12.14.24-PM.jpeg\" data-orig-size=\"1120,630\" data-comments-opened=\"0\" data-image-meta=\"{&quot;aperture&quot;:&quot;0&quot;,&quot;credit&quot;:&quot;&quot;,&quot;camera&quot;:&quot;&quot;,&quot;caption&quot;:&quot;&quot;,&quot;created_timestamp&quot;:&quot;0&quot;,&quot;copyright&quot;:&quot;&quot;,&quot;focal_length&quot;:&quot;0&quot;,&quot;iso&quot;:&quot;0&quot;,&quot;shutter_speed&quot;:&quot;0&quot;,&quot;title&quot;:&quot;&quot;,&quot;orientation&quot;:&quot;0&quot;}\" data-image-title=\"WhatsApp Image 2022-06-06 at 12.14.24 PM\" data-image-description=\"\" data-image-caption=\"\" data-large-file=\"https:\/\/eldiariodesanpedro.com.ar\/sitio\/wp-content\/uploads\/2022\/06\/WhatsApp-Image-2022-06-06-at-12.14.24-PM-1024x576.jpeg\" data-src=\"https:\/\/eldiariodesanpedro.com.ar\/sitio\/wp-content\/uploads\/2022\/06\/WhatsApp-Image-2022-06-06-at-12.14.24-PM-1024x576.jpeg\" alt=\"\" class=\"wp-image-107787 lazyload\" data-srcset=\"https:\/\/eldiariodesanpedro.com.ar\/sitio\/wp-content\/uploads\/2022\/06\/WhatsApp-Image-2022-06-06-at-12.14.24-PM-1024x576.jpeg 1024w, https:\/\/eldiariodesanpedro.com.ar\/sitio\/wp-content\/uploads\/2022\/06\/WhatsApp-Image-2022-06-06-at-12.14.24-PM-300x169.jpeg 300w, https:\/\/eldiariodesanpedro.com.ar\/sitio\/wp-content\/uploads\/2022\/06\/WhatsApp-Image-2022-06-06-at-12.14.24-PM-768x432.jpeg 768w, https:\/\/eldiariodesanpedro.com.ar\/sitio\/wp-content\/uploads\/2022\/06\/WhatsApp-Image-2022-06-06-at-12.14.24-PM.jpeg 1120w\" data-sizes=\"(max-width: 1024px) 100vw, 1024px\" src=\"data:image\/svg+xml;base64,PHN2ZyB3aWR0aD0iMSIgaGVpZ2h0PSIxIiB4bWxucz0iaHR0cDovL3d3dy53My5vcmcvMjAwMC9zdmciPjwvc3ZnPg==\" style=\"--smush-placeholder-width: 1024px; --smush-placeholder-aspect-ratio: 1024\/576;\" \/><\/figure>\n\n\n\n<figure class=\"wp-block-image size-large\"><img decoding=\"async\" width=\"1024\" height=\"576\" data-attachment-id=\"107786\" data-permalink=\"https:\/\/eldiariodesanpedro.com.ar\/sitio\/una-camion-cargado-de-tierra-volco-en-la-ruta-191\/whatsapp-image-2022-06-06-at-12-14-23-pm\/\" data-orig-file=\"https:\/\/eldiariodesanpedro.com.ar\/sitio\/wp-content\/uploads\/2022\/06\/WhatsApp-Image-2022-06-06-at-12.14.23-PM.jpeg\" data-orig-size=\"1120,630\" data-comments-opened=\"0\" data-image-meta=\"{&quot;aperture&quot;:&quot;0&quot;,&quot;credit&quot;:&quot;&quot;,&quot;camera&quot;:&quot;&quot;,&quot;caption&quot;:&quot;&quot;,&quot;created_timestamp&quot;:&quot;0&quot;,&quot;copyright&quot;:&quot;&quot;,&quot;focal_length&quot;:&quot;0&quot;,&quot;iso&quot;:&quot;0&quot;,&quot;shutter_speed&quot;:&quot;0&quot;,&quot;title&quot;:&quot;&quot;,&quot;orientation&quot;:&quot;0&quot;}\" data-image-title=\"WhatsApp Image 2022-06-06 at 12.14.23 PM\" data-image-description=\"\" data-image-caption=\"\" data-large-file=\"https:\/\/eldiariodesanpedro.com.ar\/sitio\/wp-content\/uploads\/2022\/06\/WhatsApp-Image-2022-06-06-at-12.14.23-PM-1024x576.jpeg\" data-src=\"https:\/\/eldiariodesanpedro.com.ar\/sitio\/wp-content\/uploads\/2022\/06\/WhatsApp-Image-2022-06-06-at-12.14.23-PM-1024x576.jpeg\" alt=\"\" class=\"wp-image-107786 lazyload\" data-srcset=\"https:\/\/eldiariodesanpedro.com.ar\/sitio\/wp-content\/uploads\/2022\/06\/WhatsApp-Image-2022-06-06-at-12.14.23-PM-1024x576.jpeg 1024w, https:\/\/eldiariodesanpedro.com.ar\/sitio\/wp-content\/uploads\/2022\/06\/WhatsApp-Image-2022-06-06-at-12.14.23-PM-300x169.jpeg 300w, https:\/\/eldiariodesanpedro.com.ar\/sitio\/wp-content\/uploads\/2022\/06\/WhatsApp-Image-2022-06-06-at-12.14.23-PM-768x432.jpeg 768w, https:\/\/eldiariodesanpedro.com.ar\/sitio\/wp-content\/uploads\/2022\/06\/WhatsApp-Image-2022-06-06-at-12.14.23-PM.jpeg 1120w\" data-sizes=\"(max-width: 1024px) 100vw, 1024px\" src=\"data:image\/svg+xml;base64,PHN2ZyB3aWR0aD0iMSIgaGVpZ2h0PSIxIiB4bWxucz0iaHR0cDovL3d3dy53My5vcmcvMjAwMC9zdmciPjwvc3ZnPg==\" style=\"--smush-placeholder-width: 1024px; --smush-placeholder-aspect-ratio: 1024\/576;\" \/><\/figure>\n\n\n\n<figure class=\"wp-block-image size-full\"><img decoding=\"async\" width=\"839\" height=\"630\" data-attachment-id=\"107785\" data-permalink=\"https:\/\/eldiariodesanpedro.com.ar\/sitio\/una-camion-cargado-de-tierra-volco-en-la-ruta-191\/whatsapp-image-2022-06-06-at-11-58-59-am\/\" data-orig-file=\"https:\/\/eldiariodesanpedro.com.ar\/sitio\/wp-content\/uploads\/2022\/06\/WhatsApp-Image-2022-06-06-at-11.58.59-AM.jpeg\" data-orig-size=\"839,630\" data-comments-opened=\"0\" data-image-meta=\"{&quot;aperture&quot;:&quot;0&quot;,&quot;credit&quot;:&quot;&quot;,&quot;camera&quot;:&quot;&quot;,&quot;caption&quot;:&quot;&quot;,&quot;created_timestamp&quot;:&quot;0&quot;,&quot;copyright&quot;:&quot;&quot;,&quot;focal_length&quot;:&quot;0&quot;,&quot;iso&quot;:&quot;0&quot;,&quot;shutter_speed&quot;:&quot;0&quot;,&quot;title&quot;:&quot;&quot;,&quot;orientation&quot;:&quot;0&quot;}\" data-image-title=\"WhatsApp Image 2022-06-06 at 11.58.59 AM\" data-image-description=\"\" data-image-caption=\"\" data-large-file=\"https:\/\/eldiariodesanpedro.com.ar\/sitio\/wp-content\/uploads\/2022\/06\/WhatsApp-Image-2022-06-06-at-11.58.59-AM.jpeg\" data-src=\"https:\/\/eldiariodesanpedro.com.ar\/sitio\/wp-content\/uploads\/2022\/06\/WhatsApp-Image-2022-06-06-at-11.58.59-AM.jpeg\" alt=\"\" class=\"wp-image-107785 lazyload\" data-srcset=\"https:\/\/eldiariodesanpedro.com.ar\/sitio\/wp-content\/uploads\/2022\/06\/WhatsApp-Image-2022-06-06-at-11.58.59-AM.jpeg 839w, https:\/\/eldiariodesanpedro.com.ar\/sitio\/wp-content\/uploads\/2022\/06\/WhatsApp-Image-2022-06-06-at-11.58.59-AM-300x225.jpeg 300w, https:\/\/eldiariodesanpedro.com.ar\/sitio\/wp-content\/uploads\/2022\/06\/WhatsApp-Image-2022-06-06-at-11.58.59-AM-768x577.jpeg 768w\" data-sizes=\"(max-width: 839px) 100vw, 839px\" src=\"data:image\/svg+xml;base64,PHN2ZyB3aWR0aD0iMSIgaGVpZ2h0PSIxIiB4bWxucz0iaHR0cDovL3d3dy53My5vcmcvMjAwMC9zdmciPjwvc3ZnPg==\" style=\"--smush-placeholder-width: 839px; --smush-placeholder-aspect-ratio: 839\/630;\" \/><\/figure>\n\n\n\n<p><a href=\"https:\/\/www.laopinionsemanario.com.ar\/secciones\/informacion-general\/\"><\/a><\/p>\n","protected":false},"excerpt":{"rendered":"<p>Ocurri\u00f3 este lunes por la ma\u00f1ana en inmediaciones del kil\u00f3metro 10 de ese camino provincial. Un cami\u00f3n que transportaba tierra volc\u00f3 y qued\u00f3 atravesado en la ruta, que ten\u00eda el tr\u00e1nsito cortado. El chofer, un hombre de 62 a\u00f1os domiciliado en San Pedro, fue asistido por el servicio de emergencia Same 107 aunque no presentaba [&hellip;]<\/p>\n","protected":false},"author":4,"featured_media":107789,"comment_status":"closed","ping_status":"closed","sticky":false,"template":"","format":"standard","meta":{"om_disable_all_campaigns":false,"_jetpack_memberships_contains_paid_content":false,"footnotes":""},"categories":[50,2,103],"tags":[197,696,33,19],"class_list":["post-107784","post","type-post","status-publish","format-standard","has-post-thumbnail","hentry","category-destacadas","category-locales","category-policiales-locales","tag-buenos-aires","tag-interes-general","tag-locales","tag-san-pedro"],"aioseo_notices":[],"gutentor_comment":0,"jetpack_featured_media_url":"https:\/\/eldiariodesanpedro.com.ar\/sitio\/wp-content\/uploads\/2022\/06\/WhatsApp-Image-2022-06-06-at-12.14.26-PM.jpeg","jetpack_shortlink":"https:\/\/wp.me\/p6RhLt-s2s","jetpack_sharing_enabled":true,"_links":{"self":[{"href":"https:\/\/eldiariodesanpedro.com.ar\/sitio\/wp-json\/wp\/v2\/posts\/107784","targetHints":{"allow":["GET"]}}],"collection":[{"href":"https:\/\/eldiariodesanpedro.com.ar\/sitio\/wp-json\/wp\/v2\/posts"}],"about":[{"href":"https:\/\/eldiariodesanpedro.com.ar\/sitio\/wp-json\/wp\/v2\/types\/post"}],"author":[{"embeddable":true,"href":"https:\/\/eldiariodesanpedro.com.ar\/sitio\/wp-json\/wp\/v2\/users\/4"}],"replies":[{"embeddable":true,"href":"https:\/\/eldiariodesanpedro.com.ar\/sitio\/wp-json\/wp\/v2\/comments?post=107784"}],"version-history":[{"count":1,"href":"https:\/\/eldiariodesanpedro.com.ar\/sitio\/wp-json\/wp\/v2\/posts\/107784\/revisions"}],"predecessor-version":[{"id":107790,"href":"https:\/\/eldiariodesanpedro.com.ar\/sitio\/wp-json\/wp\/v2\/posts\/107784\/revisions\/107790"}],"wp:featuredmedia":[{"embeddable":true,"href":"https:\/\/eldiariodesanpedro.com.ar\/sitio\/wp-json\/wp\/v2\/media\/107789"}],"wp:attachment":[{"href":"https:\/\/eldiariodesanpedro.com.ar\/sitio\/wp-json\/wp\/v2\/media?parent=107784"}],"wp:term":[{"taxonomy":"category","embeddable":true,"href":"https:\/\/eldiariodesanpedro.com.ar\/sitio\/wp-json\/wp\/v2\/categories?post=107784"},{"taxonomy":"post_tag","embeddable":true,"href":"https:\/\/eldiariodesanpedro.com.ar\/sitio\/wp-json\/wp\/v2\/tags?post=107784"}],"curies":[{"name":"wp","href":"https:\/\/api.w.org\/{rel}","templated":true}]}}