{"id":107772,"date":"2022-06-06T20:38:57","date_gmt":"2022-06-06T23:38:57","guid":{"rendered":"https:\/\/eldiariodesanpedro.com.ar\/sitio\/?p=107772"},"modified":"2022-06-06T20:38:58","modified_gmt":"2022-06-06T23:38:58","slug":"desalojaron-a-bibiana-di-maria-y-la-cooperativa-blanca-ortiz-tras-un-ano-sin-pagar-el-alquiler%ef%bf%bc%ef%bf%bc","status":"publish","type":"post","link":"https:\/\/eldiariodesanpedro.com.ar\/sitio\/desalojaron-a-bibiana-di-maria-y-la-cooperativa-blanca-ortiz-tras-un-ano-sin-pagar-el-alquiler%ef%bf%bc%ef%bf%bc\/","title":{"rendered":"Desalojaron a Bibiana Di Mar\u00eda y la cooperativa Blanca Ortiz tras un a\u00f1o sin pagar el alquiler\ufffc\ufffc"},"content":{"rendered":"<!-- VideographyWP Plugin Message: Automatic video embedding prevented by plugin options. -->\n\n<p>La orden de desalojo se cumpli\u00f3 este lunes por la ma\u00f1ana. Se trata de tres departamentos, cinco cocheras y un local comercial que alquil\u00f3 la cooperativa que dirige Bibiana Di Mar\u00eda y donde se dicta la carrera de psicolog\u00eda social. \u00abPagaron un mes y nada m\u00e1s\u00bb, explic\u00f3 Mauricio Gugger, abogado del propietario.<\/p>\n\n\n\n<p>La Justicia desaloj\u00f3 este lunes por la ma\u00f1ana a la cooperativa Blanca Ortiz y a Bibiana Di Mar\u00eda, su cara visible, de las instalaciones que ocupaban en un edificio de avenida Sarmiento al 2800, donde hace un a\u00f1o que no pagaban el alquiler.<\/p>\n\n\n\n<p>La polic\u00eda se hizo presente para auxiliar la tarea de la Justicia, que hizo efectivo el desalojo en tres departamentos, cinco cocheras y un local ubicado en la planta baja del edificio, donde funcionaba la cooperativa con su escuela de Psicolog\u00eda Social.<\/p>\n\n\n\n<p>Bibiana Di Mar\u00eda y la cooperativa Blanca Ortiz alquilaron esas propiedades al titular del edificio el a\u00f1o pasado. El abogado del due\u00f1o, Mauricio Gugger, inform\u00f3 en\u00a0<strong>Radio Cuarentena\u00a0<\/strong>que \u201cs\u00f3lo pagaron un mes\u201d y dejaron de abonar el importe correspondiente, por lo que iniciaron el tr\u00e1mite en la Justicia.<\/p>\n\n\n\n<p>El abogado se\u00f1al\u00f3 que luego de pagar el primer mes no s\u00f3lo dejaron de cumplir con el compromiso contractual sino que ni siquiera hubo contacto alguno con los propietarios para dar cuenta de la situaci\u00f3n.<\/p>\n\n\n\n<p>Incluso tuvieron dificultades para notificarlos del reclamo y hasta tuvieron acciones dilatorias con el objetivo de evitar lo que finalmente ocurri\u00f3 este lunes, cuando los desalojaron.<\/p>\n\n\n\n<p>La polic\u00eda procedi\u00f3 a cumplir con la orden de desalojo, por lo que retiraron todos los muebles y objetos que hab\u00eda en los departamentos, las cocheras y el local, que fueorn dispuestos en la vereda para que Di Mar\u00eda y los integrantes de la cooperativa se ocupen de su traslado a otro lugar.<\/p>\n\n\n\n<p>No es la primera vez que Di Mar\u00eda es objeto de situaciones relacionadas con la falta de pago por bienes. En una oportunidad, un hombre le reclam\u00f3 porque no abon\u00f3 la camioneta que hab\u00eda comprado. En otro momento, trabajadores del rubro herrer\u00eda contratados por ella para una obra en Tigre reclamaron porque nunca les pag\u00f3 las tareas encomendadas.<\/p>\n\n\n\n<p>\u201cEs un edificio a estrenar, de una familia de Ssn Pedro, muy tradicional, que con mucho esfuerzo hicieron este edificio y se encontraron con esta realidad\u201d, se\u00f1al\u00f3 el abogado Mauricio Gugger.<\/p>\n\n\n\n<p>\u201cTodo proceso lleva su tiempo, de plazos, esperas, notificaciones, adem\u00e1s de algunos artilugios de los abogados de la demandada\u201d, indic\u00f3 el abogado, quien destac\u00f3 que \u201cnunca hubo di\u00e1logo\u201d con Di Mar\u00eda respecto de la situaci\u00f3n.<\/p>\n\n\n\n<p>\u201cEl que no tiene intenciones de paga, hace de todo para no ser notificado\u201d, se\u00f1al\u00f3. Para lograr el desalojo hubo que iniciar el proceso de rescisi\u00f3n contractual y tramitar en la Justicia el incumplimiento hasta obtener la medida que se hizo efectiva este lunes.<\/p>\n\n\n\n<figure class=\"wp-block-image size-large\"><img decoding=\"async\" width=\"1024\" height=\"497\" data-attachment-id=\"107773\" data-permalink=\"https:\/\/eldiariodesanpedro.com.ar\/sitio\/desalojaron-a-bibiana-di-maria-y-la-cooperativa-blanca-ortiz-tras-un-ano-sin-pagar-el-alquiler%ef%bf%bc%ef%bf%bc\/whatsapp-image-2022-06-06-at-10-14-11-am\/\" data-orig-file=\"https:\/\/eldiariodesanpedro.com.ar\/sitio\/wp-content\/uploads\/2022\/06\/WhatsApp-Image-2022-06-06-at-10.14.11-AM.jpeg\" data-orig-size=\"1200,583\" data-comments-opened=\"0\" data-image-meta=\"{&quot;aperture&quot;:&quot;0&quot;,&quot;credit&quot;:&quot;&quot;,&quot;camera&quot;:&quot;&quot;,&quot;caption&quot;:&quot;&quot;,&quot;created_timestamp&quot;:&quot;0&quot;,&quot;copyright&quot;:&quot;&quot;,&quot;focal_length&quot;:&quot;0&quot;,&quot;iso&quot;:&quot;0&quot;,&quot;shutter_speed&quot;:&quot;0&quot;,&quot;title&quot;:&quot;&quot;,&quot;orientation&quot;:&quot;0&quot;}\" data-image-title=\"WhatsApp Image 2022-06-06 at 10.14.11 AM\" data-image-description=\"\" data-image-caption=\"\" data-large-file=\"https:\/\/eldiariodesanpedro.com.ar\/sitio\/wp-content\/uploads\/2022\/06\/WhatsApp-Image-2022-06-06-at-10.14.11-AM-1024x497.jpeg\" data-src=\"https:\/\/eldiariodesanpedro.com.ar\/sitio\/wp-content\/uploads\/2022\/06\/WhatsApp-Image-2022-06-06-at-10.14.11-AM-1024x497.jpeg\" alt=\"\" class=\"wp-image-107773 lazyload\" data-srcset=\"https:\/\/eldiariodesanpedro.com.ar\/sitio\/wp-content\/uploads\/2022\/06\/WhatsApp-Image-2022-06-06-at-10.14.11-AM-1024x497.jpeg 1024w, https:\/\/eldiariodesanpedro.com.ar\/sitio\/wp-content\/uploads\/2022\/06\/WhatsApp-Image-2022-06-06-at-10.14.11-AM-300x146.jpeg 300w, https:\/\/eldiariodesanpedro.com.ar\/sitio\/wp-content\/uploads\/2022\/06\/WhatsApp-Image-2022-06-06-at-10.14.11-AM-768x373.jpeg 768w, https:\/\/eldiariodesanpedro.com.ar\/sitio\/wp-content\/uploads\/2022\/06\/WhatsApp-Image-2022-06-06-at-10.14.11-AM.jpeg 1200w\" data-sizes=\"(max-width: 1024px) 100vw, 1024px\" src=\"data:image\/svg+xml;base64,PHN2ZyB3aWR0aD0iMSIgaGVpZ2h0PSIxIiB4bWxucz0iaHR0cDovL3d3dy53My5vcmcvMjAwMC9zdmciPjwvc3ZnPg==\" style=\"--smush-placeholder-width: 1024px; --smush-placeholder-aspect-ratio: 1024\/497;\" \/><\/figure>\n\n\n\n<figure class=\"wp-block-image size-large\"><img decoding=\"async\" width=\"1024\" height=\"497\" data-attachment-id=\"107777\" data-permalink=\"https:\/\/eldiariodesanpedro.com.ar\/sitio\/desalojaron-a-bibiana-di-maria-y-la-cooperativa-blanca-ortiz-tras-un-ano-sin-pagar-el-alquiler%ef%bf%bc%ef%bf%bc\/whatsapp-image-2022-06-06-at-10-19-58-am\/\" data-orig-file=\"https:\/\/eldiariodesanpedro.com.ar\/sitio\/wp-content\/uploads\/2022\/06\/WhatsApp-Image-2022-06-06-at-10.19.58-AM.jpeg\" data-orig-size=\"1200,583\" data-comments-opened=\"0\" data-image-meta=\"{&quot;aperture&quot;:&quot;0&quot;,&quot;credit&quot;:&quot;&quot;,&quot;camera&quot;:&quot;&quot;,&quot;caption&quot;:&quot;&quot;,&quot;created_timestamp&quot;:&quot;0&quot;,&quot;copyright&quot;:&quot;&quot;,&quot;focal_length&quot;:&quot;0&quot;,&quot;iso&quot;:&quot;0&quot;,&quot;shutter_speed&quot;:&quot;0&quot;,&quot;title&quot;:&quot;&quot;,&quot;orientation&quot;:&quot;0&quot;}\" data-image-title=\"WhatsApp Image 2022-06-06 at 10.19.58 AM\" data-image-description=\"\" data-image-caption=\"\" data-large-file=\"https:\/\/eldiariodesanpedro.com.ar\/sitio\/wp-content\/uploads\/2022\/06\/WhatsApp-Image-2022-06-06-at-10.19.58-AM-1024x497.jpeg\" data-src=\"https:\/\/eldiariodesanpedro.com.ar\/sitio\/wp-content\/uploads\/2022\/06\/WhatsApp-Image-2022-06-06-at-10.19.58-AM-1024x497.jpeg\" alt=\"\" class=\"wp-image-107777 lazyload\" data-srcset=\"https:\/\/eldiariodesanpedro.com.ar\/sitio\/wp-content\/uploads\/2022\/06\/WhatsApp-Image-2022-06-06-at-10.19.58-AM-1024x497.jpeg 1024w, https:\/\/eldiariodesanpedro.com.ar\/sitio\/wp-content\/uploads\/2022\/06\/WhatsApp-Image-2022-06-06-at-10.19.58-AM-300x146.jpeg 300w, https:\/\/eldiariodesanpedro.com.ar\/sitio\/wp-content\/uploads\/2022\/06\/WhatsApp-Image-2022-06-06-at-10.19.58-AM-768x373.jpeg 768w, https:\/\/eldiariodesanpedro.com.ar\/sitio\/wp-content\/uploads\/2022\/06\/WhatsApp-Image-2022-06-06-at-10.19.58-AM.jpeg 1200w\" data-sizes=\"(max-width: 1024px) 100vw, 1024px\" src=\"data:image\/svg+xml;base64,PHN2ZyB3aWR0aD0iMSIgaGVpZ2h0PSIxIiB4bWxucz0iaHR0cDovL3d3dy53My5vcmcvMjAwMC9zdmciPjwvc3ZnPg==\" style=\"--smush-placeholder-width: 1024px; --smush-placeholder-aspect-ratio: 1024\/497;\" \/><\/figure>\n\n\n\n<figure class=\"wp-block-image size-large\"><img decoding=\"async\" width=\"1024\" height=\"576\" data-attachment-id=\"107774\" data-permalink=\"https:\/\/eldiariodesanpedro.com.ar\/sitio\/desalojaron-a-bibiana-di-maria-y-la-cooperativa-blanca-ortiz-tras-un-ano-sin-pagar-el-alquiler%ef%bf%bc%ef%bf%bc\/whatsapp-image-2022-06-06-at-10-17-51-am\/\" data-orig-file=\"https:\/\/eldiariodesanpedro.com.ar\/sitio\/wp-content\/uploads\/2022\/06\/WhatsApp-Image-2022-06-06-at-10.17.51-AM.jpeg\" data-orig-size=\"1120,630\" data-comments-opened=\"0\" data-image-meta=\"{&quot;aperture&quot;:&quot;0&quot;,&quot;credit&quot;:&quot;&quot;,&quot;camera&quot;:&quot;&quot;,&quot;caption&quot;:&quot;&quot;,&quot;created_timestamp&quot;:&quot;0&quot;,&quot;copyright&quot;:&quot;&quot;,&quot;focal_length&quot;:&quot;0&quot;,&quot;iso&quot;:&quot;0&quot;,&quot;shutter_speed&quot;:&quot;0&quot;,&quot;title&quot;:&quot;&quot;,&quot;orientation&quot;:&quot;0&quot;}\" data-image-title=\"WhatsApp Image 2022-06-06 at 10.17.51 AM\" data-image-description=\"\" data-image-caption=\"\" data-large-file=\"https:\/\/eldiariodesanpedro.com.ar\/sitio\/wp-content\/uploads\/2022\/06\/WhatsApp-Image-2022-06-06-at-10.17.51-AM-1024x576.jpeg\" data-src=\"https:\/\/eldiariodesanpedro.com.ar\/sitio\/wp-content\/uploads\/2022\/06\/WhatsApp-Image-2022-06-06-at-10.17.51-AM-1024x576.jpeg\" alt=\"\" class=\"wp-image-107774 lazyload\" data-srcset=\"https:\/\/eldiariodesanpedro.com.ar\/sitio\/wp-content\/uploads\/2022\/06\/WhatsApp-Image-2022-06-06-at-10.17.51-AM-1024x576.jpeg 1024w, https:\/\/eldiariodesanpedro.com.ar\/sitio\/wp-content\/uploads\/2022\/06\/WhatsApp-Image-2022-06-06-at-10.17.51-AM-300x169.jpeg 300w, https:\/\/eldiariodesanpedro.com.ar\/sitio\/wp-content\/uploads\/2022\/06\/WhatsApp-Image-2022-06-06-at-10.17.51-AM-768x432.jpeg 768w, https:\/\/eldiariodesanpedro.com.ar\/sitio\/wp-content\/uploads\/2022\/06\/WhatsApp-Image-2022-06-06-at-10.17.51-AM.jpeg 1120w\" data-sizes=\"(max-width: 1024px) 100vw, 1024px\" src=\"data:image\/svg+xml;base64,PHN2ZyB3aWR0aD0iMSIgaGVpZ2h0PSIxIiB4bWxucz0iaHR0cDovL3d3dy53My5vcmcvMjAwMC9zdmciPjwvc3ZnPg==\" style=\"--smush-placeholder-width: 1024px; --smush-placeholder-aspect-ratio: 1024\/576;\" \/><\/figure>\n\n\n\n<figure class=\"wp-block-image size-large\"><img decoding=\"async\" width=\"1024\" height=\"497\" data-attachment-id=\"107779\" data-permalink=\"https:\/\/eldiariodesanpedro.com.ar\/sitio\/desalojaron-a-bibiana-di-maria-y-la-cooperativa-blanca-ortiz-tras-un-ano-sin-pagar-el-alquiler%ef%bf%bc%ef%bf%bc\/whatsapp-image-2022-06-06-at-10-55-19-am\/\" data-orig-file=\"https:\/\/eldiariodesanpedro.com.ar\/sitio\/wp-content\/uploads\/2022\/06\/WhatsApp-Image-2022-06-06-at-10.55.19-AM.jpeg\" data-orig-size=\"1200,583\" data-comments-opened=\"0\" data-image-meta=\"{&quot;aperture&quot;:&quot;0&quot;,&quot;credit&quot;:&quot;&quot;,&quot;camera&quot;:&quot;&quot;,&quot;caption&quot;:&quot;&quot;,&quot;created_timestamp&quot;:&quot;0&quot;,&quot;copyright&quot;:&quot;&quot;,&quot;focal_length&quot;:&quot;0&quot;,&quot;iso&quot;:&quot;0&quot;,&quot;shutter_speed&quot;:&quot;0&quot;,&quot;title&quot;:&quot;&quot;,&quot;orientation&quot;:&quot;0&quot;}\" data-image-title=\"WhatsApp Image 2022-06-06 at 10.55.19 AM\" data-image-description=\"\" data-image-caption=\"\" data-large-file=\"https:\/\/eldiariodesanpedro.com.ar\/sitio\/wp-content\/uploads\/2022\/06\/WhatsApp-Image-2022-06-06-at-10.55.19-AM-1024x497.jpeg\" data-src=\"https:\/\/eldiariodesanpedro.com.ar\/sitio\/wp-content\/uploads\/2022\/06\/WhatsApp-Image-2022-06-06-at-10.55.19-AM-1024x497.jpeg\" alt=\"\" class=\"wp-image-107779 lazyload\" data-srcset=\"https:\/\/eldiariodesanpedro.com.ar\/sitio\/wp-content\/uploads\/2022\/06\/WhatsApp-Image-2022-06-06-at-10.55.19-AM-1024x497.jpeg 1024w, https:\/\/eldiariodesanpedro.com.ar\/sitio\/wp-content\/uploads\/2022\/06\/WhatsApp-Image-2022-06-06-at-10.55.19-AM-300x146.jpeg 300w, https:\/\/eldiariodesanpedro.com.ar\/sitio\/wp-content\/uploads\/2022\/06\/WhatsApp-Image-2022-06-06-at-10.55.19-AM-768x373.jpeg 768w, https:\/\/eldiariodesanpedro.com.ar\/sitio\/wp-content\/uploads\/2022\/06\/WhatsApp-Image-2022-06-06-at-10.55.19-AM.jpeg 1200w\" data-sizes=\"(max-width: 1024px) 100vw, 1024px\" src=\"data:image\/svg+xml;base64,PHN2ZyB3aWR0aD0iMSIgaGVpZ2h0PSIxIiB4bWxucz0iaHR0cDovL3d3dy53My5vcmcvMjAwMC9zdmciPjwvc3ZnPg==\" style=\"--smush-placeholder-width: 1024px; --smush-placeholder-aspect-ratio: 1024\/497;\" \/><\/figure>\n\n\n\n<figure class=\"wp-block-image size-large\"><img decoding=\"async\" width=\"1024\" height=\"497\" data-attachment-id=\"107780\" data-permalink=\"https:\/\/eldiariodesanpedro.com.ar\/sitio\/desalojaron-a-bibiana-di-maria-y-la-cooperativa-blanca-ortiz-tras-un-ano-sin-pagar-el-alquiler%ef%bf%bc%ef%bf%bc\/whatsapp-image-2022-06-06-at-10-55-20-am\/\" data-orig-file=\"https:\/\/eldiariodesanpedro.com.ar\/sitio\/wp-content\/uploads\/2022\/06\/WhatsApp-Image-2022-06-06-at-10.55.20-AM.jpeg\" data-orig-size=\"1200,583\" data-comments-opened=\"0\" data-image-meta=\"{&quot;aperture&quot;:&quot;0&quot;,&quot;credit&quot;:&quot;&quot;,&quot;camera&quot;:&quot;&quot;,&quot;caption&quot;:&quot;&quot;,&quot;created_timestamp&quot;:&quot;0&quot;,&quot;copyright&quot;:&quot;&quot;,&quot;focal_length&quot;:&quot;0&quot;,&quot;iso&quot;:&quot;0&quot;,&quot;shutter_speed&quot;:&quot;0&quot;,&quot;title&quot;:&quot;&quot;,&quot;orientation&quot;:&quot;0&quot;}\" data-image-title=\"WhatsApp Image 2022-06-06 at 10.55.20 AM\" data-image-description=\"\" data-image-caption=\"\" data-large-file=\"https:\/\/eldiariodesanpedro.com.ar\/sitio\/wp-content\/uploads\/2022\/06\/WhatsApp-Image-2022-06-06-at-10.55.20-AM-1024x497.jpeg\" data-src=\"https:\/\/eldiariodesanpedro.com.ar\/sitio\/wp-content\/uploads\/2022\/06\/WhatsApp-Image-2022-06-06-at-10.55.20-AM-1024x497.jpeg\" alt=\"\" class=\"wp-image-107780 lazyload\" data-srcset=\"https:\/\/eldiariodesanpedro.com.ar\/sitio\/wp-content\/uploads\/2022\/06\/WhatsApp-Image-2022-06-06-at-10.55.20-AM-1024x497.jpeg 1024w, https:\/\/eldiariodesanpedro.com.ar\/sitio\/wp-content\/uploads\/2022\/06\/WhatsApp-Image-2022-06-06-at-10.55.20-AM-300x146.jpeg 300w, https:\/\/eldiariodesanpedro.com.ar\/sitio\/wp-content\/uploads\/2022\/06\/WhatsApp-Image-2022-06-06-at-10.55.20-AM-768x373.jpeg 768w, https:\/\/eldiariodesanpedro.com.ar\/sitio\/wp-content\/uploads\/2022\/06\/WhatsApp-Image-2022-06-06-at-10.55.20-AM.jpeg 1200w\" data-sizes=\"(max-width: 1024px) 100vw, 1024px\" src=\"data:image\/svg+xml;base64,PHN2ZyB3aWR0aD0iMSIgaGVpZ2h0PSIxIiB4bWxucz0iaHR0cDovL3d3dy53My5vcmcvMjAwMC9zdmciPjwvc3ZnPg==\" style=\"--smush-placeholder-width: 1024px; --smush-placeholder-aspect-ratio: 1024\/497;\" \/><\/figure>\n\n\n\n<p><a href=\"https:\/\/www.laopinionsemanario.com.ar\/secciones\/informacion-general\/\"><\/a><\/p>\n","protected":false},"excerpt":{"rendered":"<p>La orden de desalojo se cumpli\u00f3 este lunes por la ma\u00f1ana. Se trata de tres departamentos, cinco cocheras y un local comercial que alquil\u00f3 la cooperativa que dirige Bibiana Di Mar\u00eda y donde se dicta la carrera de psicolog\u00eda social. \u00abPagaron un mes y nada m\u00e1s\u00bb, explic\u00f3 Mauricio Gugger, abogado del propietario. La Justicia desaloj\u00f3 [&hellip;]<\/p>\n","protected":false},"author":4,"featured_media":107775,"comment_status":"closed","ping_status":"closed","sticky":false,"template":"","format":"standard","meta":{"om_disable_all_campaigns":false,"_jetpack_memberships_contains_paid_content":false,"footnotes":""},"categories":[50,101,2],"tags":[197,696,33,19],"class_list":["post-107772","post","type-post","status-publish","format-standard","has-post-thumbnail","hentry","category-destacadas","category-interes-general-locales","category-locales","tag-buenos-aires","tag-interes-general","tag-locales","tag-san-pedro"],"aioseo_notices":[],"gutentor_comment":0,"jetpack_featured_media_url":"https:\/\/eldiariodesanpedro.com.ar\/sitio\/wp-content\/uploads\/2022\/06\/WhatsApp-Image-2022-06-06-at-10.17.53-AM.jpeg","jetpack_shortlink":"https:\/\/wp.me\/p6RhLt-s2g","jetpack_sharing_enabled":true,"_links":{"self":[{"href":"https:\/\/eldiariodesanpedro.com.ar\/sitio\/wp-json\/wp\/v2\/posts\/107772","targetHints":{"allow":["GET"]}}],"collection":[{"href":"https:\/\/eldiariodesanpedro.com.ar\/sitio\/wp-json\/wp\/v2\/posts"}],"about":[{"href":"https:\/\/eldiariodesanpedro.com.ar\/sitio\/wp-json\/wp\/v2\/types\/post"}],"author":[{"embeddable":true,"href":"https:\/\/eldiariodesanpedro.com.ar\/sitio\/wp-json\/wp\/v2\/users\/4"}],"replies":[{"embeddable":true,"href":"https:\/\/eldiariodesanpedro.com.ar\/sitio\/wp-json\/wp\/v2\/comments?post=107772"}],"version-history":[{"count":1,"href":"https:\/\/eldiariodesanpedro.com.ar\/sitio\/wp-json\/wp\/v2\/posts\/107772\/revisions"}],"predecessor-version":[{"id":107783,"href":"https:\/\/eldiariodesanpedro.com.ar\/sitio\/wp-json\/wp\/v2\/posts\/107772\/revisions\/107783"}],"wp:featuredmedia":[{"embeddable":true,"href":"https:\/\/eldiariodesanpedro.com.ar\/sitio\/wp-json\/wp\/v2\/media\/107775"}],"wp:attachment":[{"href":"https:\/\/eldiariodesanpedro.com.ar\/sitio\/wp-json\/wp\/v2\/media?parent=107772"}],"wp:term":[{"taxonomy":"category","embeddable":true,"href":"https:\/\/eldiariodesanpedro.com.ar\/sitio\/wp-json\/wp\/v2\/categories?post=107772"},{"taxonomy":"post_tag","embeddable":true,"href":"https:\/\/eldiariodesanpedro.com.ar\/sitio\/wp-json\/wp\/v2\/tags?post=107772"}],"curies":[{"name":"wp","href":"https:\/\/api.w.org\/{rel}","templated":true}]}}