{"id":107768,"date":"2022-06-06T20:11:34","date_gmt":"2022-06-06T23:11:34","guid":{"rendered":"https:\/\/eldiariodesanpedro.com.ar\/sitio\/?p=107768"},"modified":"2022-06-06T20:11:35","modified_gmt":"2022-06-06T23:11:35","slug":"frutos-de-la-tierra-y-el-rio-se-viene-la-3ra-feria-del-ano","status":"publish","type":"post","link":"https:\/\/eldiariodesanpedro.com.ar\/sitio\/frutos-de-la-tierra-y-el-rio-se-viene-la-3ra-feria-del-ano\/","title":{"rendered":"Frutos de la tierra y el r\u00edo, Se viene la 3ra feria del a\u00f1o"},"content":{"rendered":"<!-- VideographyWP Plugin Message: Automatic video embedding prevented by plugin options. -->\n\n<p><strong><em>El s\u00e1bado 11 de junio se concretar\u00e1 una nueva edici\u00f3n de Frutos de la tierra y el r\u00edo, consolidando el cronograma planteado a principios de a\u00f1o. \u00c9sta vez la convocatoria es honrar al medioambiente y por eso se recuerda a quienes asistan, la importancia de llevar las bolsas propias reciclables para hacer un peque\u00f1o aporte a su cuidado.\u00a0 La feria ser\u00e1 entre las 10 y 18 hs, frente a la Plaza Constituci\u00f3n.<\/em><\/strong><\/p>\n\n\n\n<p>A paso sostenido se viene concretando el programa para este 2022 de encuentros entre quienes producen y consumen. \u00c9sta vez, al borde del inicio de invierno, se espera que sea un s\u00e1bado lleno de productos para completar la alacena, el jard\u00edn y el abrigo. Temporada ideal para aprovisionarse de miel y productos derivados del prop\u00f3leo. Tambi\u00e9n cremas y dem\u00e1s productos de cosm\u00e9tica hechos con materiales naturales. Plantines de distinto tipo (ornamentales, arom\u00e1ticas), cactus y suculentas. Nuevamente&nbsp; las ya cl\u00e1sicas batatas de Ipomea de tres variedades, para consumirlas de mil formas (fritas, al horno, en pur\u00e9, como parte de postres y panificaci\u00f3n, etc).&nbsp; Huevos de gallinas libres de jaula para aprovisionarse y hacer contacto con quienes los producen en cercan\u00eda. Los caseros dulces cl\u00e1sicos y combinaciones \u00fanicas, ideales para merendar estas tardes fresquitas. Y por supuesto, las lanas hiladas a mano para pasar este invierno haciendo tejidos, y algunas prendas \u00fanicas para lucir a la ver que se protege del fr\u00edo!<\/p>\n\n\n\n<p>Un recordatorio especial merece el pedido a quienes se acercan de llevar su propia bolsa, compromiso que la feria propuso ya hace seis a\u00f1os como un aporte m\u00ednimo al cuidado de nuestro medioambiente. En este caso el recordatorio viene de la mano de la reciente fecha de celebraci\u00f3n de su d\u00eda que este 2022 lleva el lema como hace 50 a\u00f1os \u201cUna sola tierra\u201d.&nbsp; Por esta raz\u00f3n, para la edici\u00f3n de junio, \u201cFrutos de la tierra y el r\u00edo\u201d convoca a sus visitantes a acercarse con bolsas que eviten poner a circular nuevos envases.<\/p>\n\n\n\n<p>La Feria est\u00e1 autorizada por ordenanza 6322\/18. La Asociaci\u00f3n Civil Frutos de la tierra y el r\u00edo. Matr\u00edcula N\u00b045129, Resoluci\u00f3n DPPJ 7109, Inscripci\u00f3n 04\/09\/2018.<\/p>\n\n\n\n<p><strong>Algunas ideas para pensar sobre las bolsas<\/strong><br>Todas las bolsas pl\u00e1sticas tienen un impacto negativo en el medio ambiente. Su inconmensurable uso al a\u00f1o (entre 500 billones y un trill\u00f3n), supone el uso de millones de barriles de petr\u00f3leo. Se calcula que solo un 10% de las bolsas de pl\u00e1stico son recicladas, mientras el resto acaban en vertederos e incineradoras, desperdiciando recursos naturales y contaminando atm\u00f3sfera, suelo y agua y tardan unos 150 a\u00f1os en degradarse.<\/p>\n\n\n\n<p>Otros de los impactos negativos, son los problemas en la salud de los animales que las ingieren, o las toxinas que dejan en su descomposici\u00f3n. Las bolsas de un solo uso, que la inmensa mayor\u00eda de los comercios distribuyen gratuitamente a sus clientes, son el s\u00edmbolo de la cultura de usar y tirar.<br>Por ello tampoco parece que el uso indiscriminado de cualquier bolsa, ni siquiera de las realizadas con materiales biodegradables, sea positiva. Por ejemplo,\u00a0 para producir bolsas de papel hay que talar \u00e1rboles, y su proceso de fabricaci\u00f3n contamina con emisiones de carbono.<\/p>\n\n\n\n<figure class=\"wp-block-image size-full\"><img decoding=\"async\" width=\"445\" height=\"630\" data-attachment-id=\"107770\" data-permalink=\"https:\/\/eldiariodesanpedro.com.ar\/sitio\/frutos-de-la-tierra-y-el-rio-se-viene-la-3ra-feria-del-ano\/unnamed-201\/\" data-orig-file=\"https:\/\/eldiariodesanpedro.com.ar\/sitio\/wp-content\/uploads\/2022\/06\/unnamed.jpg\" data-orig-size=\"445,630\" data-comments-opened=\"0\" data-image-meta=\"{&quot;aperture&quot;:&quot;0&quot;,&quot;credit&quot;:&quot;&quot;,&quot;camera&quot;:&quot;&quot;,&quot;caption&quot;:&quot;&quot;,&quot;created_timestamp&quot;:&quot;0&quot;,&quot;copyright&quot;:&quot;&quot;,&quot;focal_length&quot;:&quot;0&quot;,&quot;iso&quot;:&quot;0&quot;,&quot;shutter_speed&quot;:&quot;0&quot;,&quot;title&quot;:&quot;&quot;,&quot;orientation&quot;:&quot;0&quot;}\" data-image-title=\"unnamed\" data-image-description=\"\" data-image-caption=\"\" data-large-file=\"https:\/\/eldiariodesanpedro.com.ar\/sitio\/wp-content\/uploads\/2022\/06\/unnamed.jpg\" data-src=\"https:\/\/eldiariodesanpedro.com.ar\/sitio\/wp-content\/uploads\/2022\/06\/unnamed.jpg\" alt=\"\" class=\"wp-image-107770 lazyload\" data-srcset=\"https:\/\/eldiariodesanpedro.com.ar\/sitio\/wp-content\/uploads\/2022\/06\/unnamed.jpg 445w, https:\/\/eldiariodesanpedro.com.ar\/sitio\/wp-content\/uploads\/2022\/06\/unnamed-212x300.jpg 212w\" data-sizes=\"(max-width: 445px) 100vw, 445px\" src=\"data:image\/svg+xml;base64,PHN2ZyB3aWR0aD0iMSIgaGVpZ2h0PSIxIiB4bWxucz0iaHR0cDovL3d3dy53My5vcmcvMjAwMC9zdmciPjwvc3ZnPg==\" style=\"--smush-placeholder-width: 445px; --smush-placeholder-aspect-ratio: 445\/630;\" \/><\/figure>\n","protected":false},"excerpt":{"rendered":"<p>El s\u00e1bado 11 de junio se concretar\u00e1 una nueva edici\u00f3n de Frutos de la tierra y el r\u00edo, consolidando el cronograma planteado a principios de a\u00f1o. \u00c9sta vez la convocatoria es honrar al medioambiente y por eso se recuerda a quienes asistan, la importancia de llevar las bolsas propias reciclables para hacer un peque\u00f1o aporte [&hellip;]<\/p>\n","protected":false},"author":4,"featured_media":107769,"comment_status":"closed","ping_status":"closed","sticky":false,"template":"","format":"standard","meta":{"om_disable_all_campaigns":false,"_jetpack_memberships_contains_paid_content":false,"footnotes":""},"categories":[50,101,2],"tags":[],"class_list":["post-107768","post","type-post","status-publish","format-standard","has-post-thumbnail","hentry","category-destacadas","category-interes-general-locales","category-locales"],"aioseo_notices":[],"gutentor_comment":0,"jetpack_featured_media_url":"https:\/\/eldiariodesanpedro.com.ar\/sitio\/wp-content\/uploads\/2022\/06\/13f6ac71-cf70-4a38-911a-ec8135abc149.jpg","jetpack_shortlink":"https:\/\/wp.me\/p6RhLt-s2c","jetpack_sharing_enabled":true,"_links":{"self":[{"href":"https:\/\/eldiariodesanpedro.com.ar\/sitio\/wp-json\/wp\/v2\/posts\/107768","targetHints":{"allow":["GET"]}}],"collection":[{"href":"https:\/\/eldiariodesanpedro.com.ar\/sitio\/wp-json\/wp\/v2\/posts"}],"about":[{"href":"https:\/\/eldiariodesanpedro.com.ar\/sitio\/wp-json\/wp\/v2\/types\/post"}],"author":[{"embeddable":true,"href":"https:\/\/eldiariodesanpedro.com.ar\/sitio\/wp-json\/wp\/v2\/users\/4"}],"replies":[{"embeddable":true,"href":"https:\/\/eldiariodesanpedro.com.ar\/sitio\/wp-json\/wp\/v2\/comments?post=107768"}],"version-history":[{"count":1,"href":"https:\/\/eldiariodesanpedro.com.ar\/sitio\/wp-json\/wp\/v2\/posts\/107768\/revisions"}],"predecessor-version":[{"id":107771,"href":"https:\/\/eldiariodesanpedro.com.ar\/sitio\/wp-json\/wp\/v2\/posts\/107768\/revisions\/107771"}],"wp:featuredmedia":[{"embeddable":true,"href":"https:\/\/eldiariodesanpedro.com.ar\/sitio\/wp-json\/wp\/v2\/media\/107769"}],"wp:attachment":[{"href":"https:\/\/eldiariodesanpedro.com.ar\/sitio\/wp-json\/wp\/v2\/media?parent=107768"}],"wp:term":[{"taxonomy":"category","embeddable":true,"href":"https:\/\/eldiariodesanpedro.com.ar\/sitio\/wp-json\/wp\/v2\/categories?post=107768"},{"taxonomy":"post_tag","embeddable":true,"href":"https:\/\/eldiariodesanpedro.com.ar\/sitio\/wp-json\/wp\/v2\/tags?post=107768"}],"curies":[{"name":"wp","href":"https:\/\/api.w.org\/{rel}","templated":true}]}}