{"id":107759,"date":"2022-06-06T19:55:22","date_gmt":"2022-06-06T22:55:22","guid":{"rendered":"https:\/\/eldiariodesanpedro.com.ar\/sitio\/?p=107759"},"modified":"2022-06-06T19:55:22","modified_gmt":"2022-06-06T22:55:22","slug":"estamos-en-tu-barrio-en-la-tosquera-este-miercoles","status":"publish","type":"post","link":"https:\/\/eldiariodesanpedro.com.ar\/sitio\/estamos-en-tu-barrio-en-la-tosquera-este-miercoles\/","title":{"rendered":"Estamos en tu Barrio en La Tosquera este mi\u00e9rcoles"},"content":{"rendered":"<!-- VideographyWP Plugin Message: Automatic video embedding prevented by plugin options. -->\n\n<p>Este mi\u00e9rcoles 8 se concretar\u00e1 una nueva edici\u00f3n del operativo de abordaje territorial Estamos en tu Barrio, con la presencia de todas las \u00e1reas municipales, adem\u00e1s del Centro de Acceso a la Justicia; Comisar\u00eda de la Mujer y la Familia; Vacunatorio San Pedro Vacunate; y ANSES.<\/p>\n\n\n\n<p>En el lugar, vecinos y vecinas podr\u00e1n realizar consultas e iniciar tr\u00e1mites; resolver inquietudes; recibir la vacuna contra el Covid-19, neumon\u00eda o gripe; tramitar DNI; averiguar sobre programas y beneficios vigentes; entre otros puntos.<\/p>\n\n\n\n<p>El programa municipal se instalar\u00e1, desde las 09.00 y hasta las 12.00, en el predio del centro de Salud de La Tosquera.<\/p>\n\n\n\n<p>Esperamos contar con su presencia.<\/p>\n","protected":false},"excerpt":{"rendered":"<p>Este mi\u00e9rcoles 8 se concretar\u00e1 una nueva edici\u00f3n del operativo de abordaje territorial Estamos en tu Barrio, con la presencia de todas las \u00e1reas municipales, adem\u00e1s del Centro de Acceso a la Justicia; Comisar\u00eda de la Mujer y la Familia; Vacunatorio San Pedro Vacunate; y ANSES. En el lugar, vecinos y vecinas podr\u00e1n realizar consultas [&hellip;]<\/p>\n","protected":false},"author":4,"featured_media":107760,"comment_status":"closed","ping_status":"closed","sticky":false,"template":"","format":"standard","meta":{"om_disable_all_campaigns":false,"_jetpack_memberships_contains_paid_content":false,"footnotes":""},"categories":[50,101,2],"tags":[197,696,33,19],"class_list":["post-107759","post","type-post","status-publish","format-standard","has-post-thumbnail","hentry","category-destacadas","category-interes-general-locales","category-locales","tag-buenos-aires","tag-interes-general","tag-locales","tag-san-pedro"],"aioseo_notices":[],"gutentor_comment":0,"jetpack_featured_media_url":"https:\/\/eldiariodesanpedro.com.ar\/sitio\/wp-content\/uploads\/2022\/06\/IMG_7820-copia-800x445-1.jpg","jetpack_shortlink":"https:\/\/wp.me\/p6RhLt-s23","jetpack_sharing_enabled":true,"_links":{"self":[{"href":"https:\/\/eldiariodesanpedro.com.ar\/sitio\/wp-json\/wp\/v2\/posts\/107759","targetHints":{"allow":["GET"]}}],"collection":[{"href":"https:\/\/eldiariodesanpedro.com.ar\/sitio\/wp-json\/wp\/v2\/posts"}],"about":[{"href":"https:\/\/eldiariodesanpedro.com.ar\/sitio\/wp-json\/wp\/v2\/types\/post"}],"author":[{"embeddable":true,"href":"https:\/\/eldiariodesanpedro.com.ar\/sitio\/wp-json\/wp\/v2\/users\/4"}],"replies":[{"embeddable":true,"href":"https:\/\/eldiariodesanpedro.com.ar\/sitio\/wp-json\/wp\/v2\/comments?post=107759"}],"version-history":[{"count":1,"href":"https:\/\/eldiariodesanpedro.com.ar\/sitio\/wp-json\/wp\/v2\/posts\/107759\/revisions"}],"predecessor-version":[{"id":107761,"href":"https:\/\/eldiariodesanpedro.com.ar\/sitio\/wp-json\/wp\/v2\/posts\/107759\/revisions\/107761"}],"wp:featuredmedia":[{"embeddable":true,"href":"https:\/\/eldiariodesanpedro.com.ar\/sitio\/wp-json\/wp\/v2\/media\/107760"}],"wp:attachment":[{"href":"https:\/\/eldiariodesanpedro.com.ar\/sitio\/wp-json\/wp\/v2\/media?parent=107759"}],"wp:term":[{"taxonomy":"category","embeddable":true,"href":"https:\/\/eldiariodesanpedro.com.ar\/sitio\/wp-json\/wp\/v2\/categories?post=107759"},{"taxonomy":"post_tag","embeddable":true,"href":"https:\/\/eldiariodesanpedro.com.ar\/sitio\/wp-json\/wp\/v2\/tags?post=107759"}],"curies":[{"name":"wp","href":"https:\/\/api.w.org\/{rel}","templated":true}]}}