{"id":107752,"date":"2022-06-06T19:43:30","date_gmt":"2022-06-06T22:43:30","guid":{"rendered":"https:\/\/eldiariodesanpedro.com.ar\/sitio\/?p=107752"},"modified":"2022-06-06T19:43:31","modified_gmt":"2022-06-06T22:43:31","slug":"el-intendente-salazar-recibio-a-la-presidenta-del-gobierno-de-las-islas-baleares","status":"publish","type":"post","link":"https:\/\/eldiariodesanpedro.com.ar\/sitio\/el-intendente-salazar-recibio-a-la-presidenta-del-gobierno-de-las-islas-baleares\/","title":{"rendered":"El Intendente Salazar recibi\u00f3 a la Presidenta del Gobierno de las Islas Baleares"},"content":{"rendered":"<!-- VideographyWP Plugin Message: Automatic video embedding prevented by plugin options. -->\n\n<p>En la ma\u00f1ana de este s\u00e1bado el Intendente Ram\u00f3n Salazar recibi\u00f3 en el despacho oficial a la Presidenta del Gobierno de las Islas Baleares Francina Armengol quien se encuentra en la ciudad en el marco del XXIV Pleno del Consejo de las Comunidades Baleares en el Exterior.<\/p>\n\n\n\n<p>Durante el encuentro compartieron una reuni\u00f3n junto a la consellera de Presidencia, Funci\u00f3n P\u00fablica e Igualdad, Mercedes Garrido, el Director General de Relaciones Institucionales y Cooperaci\u00f3n Local, Francesc Miralles, el Secretario de Gobierno Alfredo Carrasco, el Secretario de Desarrollo Econ\u00f3mico Mart\u00edn Baraybar y el Presidente de la Agrupaci\u00f3n Mallorca San Pedro Daniel Gay\u00e1.<\/p>\n\n\n\n<p>En segunda instancia el Dr. Salazar junto a la Presidenta Armengol formaron parte de la apertura del Consejo de las Comunidades Baleares llevado a cabo en la Agrupaci\u00f3n Mallorca San Pedro, en donde se desarrollar\u00e1 durante el fin de semana el evento que re\u00fane a las comunidades de emigrantes de las Islas y cuenta con la presencia de representantes de Casas Baleares de Argentina, Uruguay, Chile, Puerto Rico, Rep\u00fablica Dominicana y Espa\u00f1a.<\/p>\n\n\n\n<p>\u201cEs un honor que haya venido la Presidenta a nuestra ciudad\u201d manifest\u00f3 el Jefe Comunal, asegurando que estas visitas jerarquizan a San Pedro. Adem\u00e1s, se mostr\u00f3 muy contento por la organizaci\u00f3n de este evento tan importante en la ciudad por parte de la Agrupaci\u00f3n Mallorca San Pedro.<\/p>\n\n\n\n<p>Por su parte, Francina Armengol sostuvo que esta visita permitir\u00e1 establecer \u201clazos para trabajar en forma conjunta\u201d y se mostr\u00f3 muy agradecida \u201ca los descendientes que han mantenido viva las costumbres\u201d.<\/p>\n\n\n\n<p>Daniel Gay\u00e1, se mostr\u00f3 agradecido por ser elegidos como sede del Pleno de Comunidades Baleares en el Exterior, destacando que \u201cPara la Agrupaci\u00f3n es un desaf\u00edo muy importante\u201d.<\/p>\n","protected":false},"excerpt":{"rendered":"<p>En la ma\u00f1ana de este s\u00e1bado el Intendente Ram\u00f3n Salazar recibi\u00f3 en el despacho oficial a la Presidenta del Gobierno de las Islas Baleares Francina Armengol quien se encuentra en la ciudad en el marco del XXIV Pleno del Consejo de las Comunidades Baleares en el Exterior. Durante el encuentro compartieron una reuni\u00f3n junto a [&hellip;]<\/p>\n","protected":false},"author":4,"featured_media":107757,"comment_status":"closed","ping_status":"closed","sticky":false,"template":"","format":"standard","meta":{"om_disable_all_campaigns":false,"_jetpack_memberships_contains_paid_content":false,"footnotes":""},"categories":[50,101,2],"tags":[],"class_list":["post-107752","post","type-post","status-publish","format-standard","has-post-thumbnail","hentry","category-destacadas","category-interes-general-locales","category-locales"],"aioseo_notices":[],"gutentor_comment":0,"jetpack_featured_media_url":"https:\/\/eldiariodesanpedro.com.ar\/sitio\/wp-content\/uploads\/2022\/06\/WhatsApp-Image-2022-06-04-at-5.40.11-PM-1.jpeg","jetpack_shortlink":"https:\/\/wp.me\/p6RhLt-s1W","jetpack_sharing_enabled":true,"_links":{"self":[{"href":"https:\/\/eldiariodesanpedro.com.ar\/sitio\/wp-json\/wp\/v2\/posts\/107752","targetHints":{"allow":["GET"]}}],"collection":[{"href":"https:\/\/eldiariodesanpedro.com.ar\/sitio\/wp-json\/wp\/v2\/posts"}],"about":[{"href":"https:\/\/eldiariodesanpedro.com.ar\/sitio\/wp-json\/wp\/v2\/types\/post"}],"author":[{"embeddable":true,"href":"https:\/\/eldiariodesanpedro.com.ar\/sitio\/wp-json\/wp\/v2\/users\/4"}],"replies":[{"embeddable":true,"href":"https:\/\/eldiariodesanpedro.com.ar\/sitio\/wp-json\/wp\/v2\/comments?post=107752"}],"version-history":[{"count":1,"href":"https:\/\/eldiariodesanpedro.com.ar\/sitio\/wp-json\/wp\/v2\/posts\/107752\/revisions"}],"predecessor-version":[{"id":107758,"href":"https:\/\/eldiariodesanpedro.com.ar\/sitio\/wp-json\/wp\/v2\/posts\/107752\/revisions\/107758"}],"wp:featuredmedia":[{"embeddable":true,"href":"https:\/\/eldiariodesanpedro.com.ar\/sitio\/wp-json\/wp\/v2\/media\/107757"}],"wp:attachment":[{"href":"https:\/\/eldiariodesanpedro.com.ar\/sitio\/wp-json\/wp\/v2\/media?parent=107752"}],"wp:term":[{"taxonomy":"category","embeddable":true,"href":"https:\/\/eldiariodesanpedro.com.ar\/sitio\/wp-json\/wp\/v2\/categories?post=107752"},{"taxonomy":"post_tag","embeddable":true,"href":"https:\/\/eldiariodesanpedro.com.ar\/sitio\/wp-json\/wp\/v2\/tags?post=107752"}],"curies":[{"name":"wp","href":"https:\/\/api.w.org\/{rel}","templated":true}]}}