{"id":107726,"date":"2022-06-06T14:44:39","date_gmt":"2022-06-06T17:44:39","guid":{"rendered":"https:\/\/eldiariodesanpedro.com.ar\/sitio\/?p=107726"},"modified":"2022-06-06T14:44:41","modified_gmt":"2022-06-06T17:44:41","slug":"exposicion-de-unidades-y-actividades-de-los-bomberos-voluntarios","status":"publish","type":"post","link":"https:\/\/eldiariodesanpedro.com.ar\/sitio\/exposicion-de-unidades-y-actividades-de-los-bomberos-voluntarios\/","title":{"rendered":"Exposici\u00f3n de unidades y actividades de los Bomberos Voluntarios"},"content":{"rendered":"<!-- VideographyWP Plugin Message: Automatic video embedding prevented by plugin options. -->\n\n<p>En el marco de los festejos por el D\u00eda del Bomberos Voluntarios en nuestra ciudad se ofrecieron diversas actividades para los ni\u00f1os y familias.<\/p>\n\n\n\n<p>Bomberos Voluntarios de San Pedro llev\u00f3 a cabo en el Paseo P\u00fablico Municipal una jornada de exposici\u00f3n de unidades y materiales en el marco de los festejos por el d\u00eda del Bombero Voluntario con actividades recreativas para ni\u00f1os y ni\u00f1as.<\/p>\n\n\n\n<p>Durante la jornada la instituci\u00f3n dispuso recorridos por las distintas unidades, permitiendo subirse a conocerlas, adem\u00e1s se expusieron las herramientas y equipos que son utilizados, se realizaron actividades coordinadas por el personal y se dispuso de juegos para los m\u00e1s peque\u00f1os.<\/p>\n\n\n\n<figure class=\"wp-block-image size-large\"><img decoding=\"async\" width=\"1024\" height=\"484\" data-attachment-id=\"107737\" data-permalink=\"https:\/\/eldiariodesanpedro.com.ar\/sitio\/exposicion-de-unidades-y-actividades-de-los-bomberos-voluntarios\/whatsapp-image-2022-06-05-at-6-51-41-pm-1\/\" data-orig-file=\"https:\/\/eldiariodesanpedro.com.ar\/sitio\/wp-content\/uploads\/2022\/06\/WhatsApp-Image-2022-06-05-at-6.51.41-PM-1.jpeg\" data-orig-size=\"1200,567\" data-comments-opened=\"0\" data-image-meta=\"{&quot;aperture&quot;:&quot;0&quot;,&quot;credit&quot;:&quot;&quot;,&quot;camera&quot;:&quot;&quot;,&quot;caption&quot;:&quot;&quot;,&quot;created_timestamp&quot;:&quot;0&quot;,&quot;copyright&quot;:&quot;&quot;,&quot;focal_length&quot;:&quot;0&quot;,&quot;iso&quot;:&quot;0&quot;,&quot;shutter_speed&quot;:&quot;0&quot;,&quot;title&quot;:&quot;&quot;,&quot;orientation&quot;:&quot;0&quot;}\" data-image-title=\"WhatsApp Image 2022-06-05 at 6.51.41 PM (1)\" data-image-description=\"\" data-image-caption=\"\" data-large-file=\"https:\/\/eldiariodesanpedro.com.ar\/sitio\/wp-content\/uploads\/2022\/06\/WhatsApp-Image-2022-06-05-at-6.51.41-PM-1-1024x484.jpeg\" data-src=\"https:\/\/eldiariodesanpedro.com.ar\/sitio\/wp-content\/uploads\/2022\/06\/WhatsApp-Image-2022-06-05-at-6.51.41-PM-1-1024x484.jpeg\" alt=\"\" class=\"wp-image-107737 lazyload\" data-srcset=\"https:\/\/eldiariodesanpedro.com.ar\/sitio\/wp-content\/uploads\/2022\/06\/WhatsApp-Image-2022-06-05-at-6.51.41-PM-1-1024x484.jpeg 1024w, https:\/\/eldiariodesanpedro.com.ar\/sitio\/wp-content\/uploads\/2022\/06\/WhatsApp-Image-2022-06-05-at-6.51.41-PM-1-300x142.jpeg 300w, https:\/\/eldiariodesanpedro.com.ar\/sitio\/wp-content\/uploads\/2022\/06\/WhatsApp-Image-2022-06-05-at-6.51.41-PM-1-768x363.jpeg 768w, https:\/\/eldiariodesanpedro.com.ar\/sitio\/wp-content\/uploads\/2022\/06\/WhatsApp-Image-2022-06-05-at-6.51.41-PM-1.jpeg 1200w\" data-sizes=\"(max-width: 1024px) 100vw, 1024px\" src=\"data:image\/svg+xml;base64,PHN2ZyB3aWR0aD0iMSIgaGVpZ2h0PSIxIiB4bWxucz0iaHR0cDovL3d3dy53My5vcmcvMjAwMC9zdmciPjwvc3ZnPg==\" style=\"--smush-placeholder-width: 1024px; --smush-placeholder-aspect-ratio: 1024\/484;\" \/><\/figure>\n\n\n\n<iframe data-src=\"https:\/\/www.facebook.com\/plugins\/post.php?href=https%3A%2F%2Fwww.facebook.com%2Fdiariosp2%2Fposts%2F342006114697927&#038;show_text=true&#038;width=500\" width=\"500\" height=\"665\" style=\"border:none;overflow:hidden\" scrolling=\"no\" frameborder=\"0\" allowfullscreen=\"true\" allow=\"autoplay; clipboard-write; encrypted-media; picture-in-picture; web-share\" src=\"data:image\/svg+xml;base64,PHN2ZyB3aWR0aD0iMSIgaGVpZ2h0PSIxIiB4bWxucz0iaHR0cDovL3d3dy53My5vcmcvMjAwMC9zdmciPjwvc3ZnPg==\" class=\"lazyload\" data-load-mode=\"1\"><\/iframe>\n\n\n\n<p><\/p>\n","protected":false},"excerpt":{"rendered":"<p>En el marco de los festejos por el D\u00eda del Bomberos Voluntarios en nuestra ciudad se ofrecieron diversas actividades para los ni\u00f1os y familias. Bomberos Voluntarios de San Pedro llev\u00f3 a cabo en el Paseo P\u00fablico Municipal una jornada de exposici\u00f3n de unidades y materiales en el marco de los festejos por el d\u00eda del [&hellip;]<\/p>\n","protected":false},"author":4,"featured_media":107733,"comment_status":"closed","ping_status":"closed","sticky":false,"template":"","format":"standard","meta":{"om_disable_all_campaigns":false,"_jetpack_memberships_contains_paid_content":false,"footnotes":""},"categories":[50,101,2],"tags":[],"class_list":["post-107726","post","type-post","status-publish","format-standard","has-post-thumbnail","hentry","category-destacadas","category-interes-general-locales","category-locales"],"aioseo_notices":[],"gutentor_comment":0,"jetpack_featured_media_url":"https:\/\/eldiariodesanpedro.com.ar\/sitio\/wp-content\/uploads\/2022\/06\/WhatsApp-Image-2022-06-05-at-6.51.39-PM.jpeg","jetpack_shortlink":"https:\/\/wp.me\/p6RhLt-s1w","jetpack_sharing_enabled":true,"_links":{"self":[{"href":"https:\/\/eldiariodesanpedro.com.ar\/sitio\/wp-json\/wp\/v2\/posts\/107726","targetHints":{"allow":["GET"]}}],"collection":[{"href":"https:\/\/eldiariodesanpedro.com.ar\/sitio\/wp-json\/wp\/v2\/posts"}],"about":[{"href":"https:\/\/eldiariodesanpedro.com.ar\/sitio\/wp-json\/wp\/v2\/types\/post"}],"author":[{"embeddable":true,"href":"https:\/\/eldiariodesanpedro.com.ar\/sitio\/wp-json\/wp\/v2\/users\/4"}],"replies":[{"embeddable":true,"href":"https:\/\/eldiariodesanpedro.com.ar\/sitio\/wp-json\/wp\/v2\/comments?post=107726"}],"version-history":[{"count":1,"href":"https:\/\/eldiariodesanpedro.com.ar\/sitio\/wp-json\/wp\/v2\/posts\/107726\/revisions"}],"predecessor-version":[{"id":107746,"href":"https:\/\/eldiariodesanpedro.com.ar\/sitio\/wp-json\/wp\/v2\/posts\/107726\/revisions\/107746"}],"wp:featuredmedia":[{"embeddable":true,"href":"https:\/\/eldiariodesanpedro.com.ar\/sitio\/wp-json\/wp\/v2\/media\/107733"}],"wp:attachment":[{"href":"https:\/\/eldiariodesanpedro.com.ar\/sitio\/wp-json\/wp\/v2\/media?parent=107726"}],"wp:term":[{"taxonomy":"category","embeddable":true,"href":"https:\/\/eldiariodesanpedro.com.ar\/sitio\/wp-json\/wp\/v2\/categories?post=107726"},{"taxonomy":"post_tag","embeddable":true,"href":"https:\/\/eldiariodesanpedro.com.ar\/sitio\/wp-json\/wp\/v2\/tags?post=107726"}],"curies":[{"name":"wp","href":"https:\/\/api.w.org\/{rel}","templated":true}]}}