{"id":107723,"date":"2022-06-06T13:05:05","date_gmt":"2022-06-06T16:05:05","guid":{"rendered":"https:\/\/eldiariodesanpedro.com.ar\/sitio\/?p=107723"},"modified":"2022-06-06T13:05:06","modified_gmt":"2022-06-06T16:05:06","slug":"el-presidente-alberto-fernandez-degusto-la-miel-sampedrina","status":"publish","type":"post","link":"https:\/\/eldiariodesanpedro.com.ar\/sitio\/el-presidente-alberto-fernandez-degusto-la-miel-sampedrina\/","title":{"rendered":"El presidente Alberto Fern\u00e1ndez degust\u00f3 la miel sampedrina"},"content":{"rendered":"<!-- VideographyWP Plugin Message: Automatic video embedding prevented by plugin options. -->\n\n<p>El simp\u00e1tico encuentro se origin\u00f3 entre el mandatario nacional y el apicultor Alexis Rodr\u00edguez. Fue en el marco de la jornada por la reparaci\u00f3n hist\u00f3rica de la agricultura familiar.<\/p>\n\n\n\n<p>La miel sampedrina fue protagonista de un momento inolvidable el pasado jueves cuando el presidente de la naci\u00f3n Alberto Fern\u00e1ndez visit\u00f3 el stand de la Federaci\u00f3n de Cooperativas Ap\u00edcolas y sostuvo un entretenido di\u00e1logo con el apicultor Alexis Rodr\u00edguez.<\/p>\n\n\n\n<p>El sampedrino le present\u00f3 la miel producida en nuestra ciudad, y el mandatario escuch\u00f3 atentamente y respondi\u00f3 probando una cucharada del producto.<\/p>\n\n\n\n<p>\u201cReglamentamos la Ley 27.118 de reparaci\u00f3n hist\u00f3rica a la #AgriculturaFamiliar que nos permitir\u00e1 construir una nueva ruralidad en la Argentina\u201d, escribi\u00f3 Fern\u00e1ndez en su cuenta de twiter.<\/p>\n\n\n\n<p>\u201cLa econom\u00eda popular necesita que la impulsemos y que as\u00ed, quienes producen hagan crecer al pa\u00eds y puedan desarrollarse donde nacieron\u201d, agreg\u00f3.<\/p>\n","protected":false},"excerpt":{"rendered":"<p>El simp\u00e1tico encuentro se origin\u00f3 entre el mandatario nacional y el apicultor Alexis Rodr\u00edguez. Fue en el marco de la jornada por la reparaci\u00f3n hist\u00f3rica de la agricultura familiar. La miel sampedrina fue protagonista de un momento inolvidable el pasado jueves cuando el presidente de la naci\u00f3n Alberto Fern\u00e1ndez visit\u00f3 el stand de la Federaci\u00f3n [&hellip;]<\/p>\n","protected":false},"author":4,"featured_media":107724,"comment_status":"closed","ping_status":"closed","sticky":false,"template":"","format":"standard","meta":{"om_disable_all_campaigns":false,"_jetpack_memberships_contains_paid_content":false,"footnotes":""},"categories":[50,101,2],"tags":[197,696,95,19],"class_list":["post-107723","post","type-post","status-publish","format-standard","has-post-thumbnail","hentry","category-destacadas","category-interes-general-locales","category-locales","tag-buenos-aires","tag-interes-general","tag-policiales","tag-san-pedro"],"aioseo_notices":[],"gutentor_comment":0,"jetpack_featured_media_url":"https:\/\/eldiariodesanpedro.com.ar\/sitio\/wp-content\/uploads\/2022\/06\/0000020949-resized-1920x1080-1.jpg","jetpack_shortlink":"https:\/\/wp.me\/p6RhLt-s1t","jetpack_sharing_enabled":true,"_links":{"self":[{"href":"https:\/\/eldiariodesanpedro.com.ar\/sitio\/wp-json\/wp\/v2\/posts\/107723","targetHints":{"allow":["GET"]}}],"collection":[{"href":"https:\/\/eldiariodesanpedro.com.ar\/sitio\/wp-json\/wp\/v2\/posts"}],"about":[{"href":"https:\/\/eldiariodesanpedro.com.ar\/sitio\/wp-json\/wp\/v2\/types\/post"}],"author":[{"embeddable":true,"href":"https:\/\/eldiariodesanpedro.com.ar\/sitio\/wp-json\/wp\/v2\/users\/4"}],"replies":[{"embeddable":true,"href":"https:\/\/eldiariodesanpedro.com.ar\/sitio\/wp-json\/wp\/v2\/comments?post=107723"}],"version-history":[{"count":1,"href":"https:\/\/eldiariodesanpedro.com.ar\/sitio\/wp-json\/wp\/v2\/posts\/107723\/revisions"}],"predecessor-version":[{"id":107725,"href":"https:\/\/eldiariodesanpedro.com.ar\/sitio\/wp-json\/wp\/v2\/posts\/107723\/revisions\/107725"}],"wp:featuredmedia":[{"embeddable":true,"href":"https:\/\/eldiariodesanpedro.com.ar\/sitio\/wp-json\/wp\/v2\/media\/107724"}],"wp:attachment":[{"href":"https:\/\/eldiariodesanpedro.com.ar\/sitio\/wp-json\/wp\/v2\/media?parent=107723"}],"wp:term":[{"taxonomy":"category","embeddable":true,"href":"https:\/\/eldiariodesanpedro.com.ar\/sitio\/wp-json\/wp\/v2\/categories?post=107723"},{"taxonomy":"post_tag","embeddable":true,"href":"https:\/\/eldiariodesanpedro.com.ar\/sitio\/wp-json\/wp\/v2\/tags?post=107723"}],"curies":[{"name":"wp","href":"https:\/\/api.w.org\/{rel}","templated":true}]}}