{"id":107720,"date":"2022-06-06T11:42:12","date_gmt":"2022-06-06T14:42:12","guid":{"rendered":"https:\/\/eldiariodesanpedro.com.ar\/sitio\/?p=107720"},"modified":"2022-06-06T11:42:12","modified_gmt":"2022-06-06T14:42:12","slug":"consejo-escolar-en-un-fallo-historico-expulsaron-a-cristian-novaro","status":"publish","type":"post","link":"https:\/\/eldiariodesanpedro.com.ar\/sitio\/consejo-escolar-en-un-fallo-historico-expulsaron-a-cristian-novaro\/","title":{"rendered":"Consejo Escolar: En un fallo hist\u00f3rico expulsaron a Cristian Novaro"},"content":{"rendered":"<!-- VideographyWP Plugin Message: Automatic video embedding prevented by plugin options. -->\n\n<p>En forma un\u00e1nime los integrantes del cuerpo decidieron destituir al ahora ex funcionario. Novaro hab\u00eda sido denunciado por las irregularidades detectadas en la contrataci\u00f3n de empresas que realizaron obras en las escuelas.<\/p>\n\n\n\n<p>Los integrantes del Consejo Escolar decidieron en una sesi\u00f3n especial destituir de su cargo al docente Cristian Novaro.<\/p>\n\n\n\n<p>El ex integrante del cuerpo hab\u00eda sido denunciado por las consejeras Patricia Sabat\u00e9, Cecilia Macchia y Vanina Zubiete, por las irregularidades detectadas en cuanto al accionar del acusado dentro del propio Consejo.<\/p>\n\n\n\n<p>Las funcionarias advirtieron que Novaro hab\u00eda realizado diversas contrataciones de empresas que deb\u00edan realizar tareas en las escuelas sin efectuar los tr\u00e1mites administrativos como lo marca la reglamentaci\u00f3n.<\/p>\n\n\n\n<p>La sesi\u00f3n especial fue conducida por el presidente del cuerpo Jorge D&#8217;andrea y adem\u00e1s de las consejeras denunciantes tambi\u00e9n aprob\u00f3 la expulsi\u00f3n de Novaro la docente Miryam Bonilla.<\/p>\n\n\n\n<p>Lo sucedido es un hecho hist\u00f3rico, sin precedentes y que nunca hab\u00eda sucedido en un Consejo Escolar.<\/p>\n\n\n\n<p><\/p>\n","protected":false},"excerpt":{"rendered":"<p>En forma un\u00e1nime los integrantes del cuerpo decidieron destituir al ahora ex funcionario. Novaro hab\u00eda sido denunciado por las irregularidades detectadas en la contrataci\u00f3n de empresas que realizaron obras en las escuelas. Los integrantes del Consejo Escolar decidieron en una sesi\u00f3n especial destituir de su cargo al docente Cristian Novaro. El ex integrante del cuerpo [&hellip;]<\/p>\n","protected":false},"author":4,"featured_media":107721,"comment_status":"closed","ping_status":"closed","sticky":false,"template":"","format":"standard","meta":{"om_disable_all_campaigns":false,"_jetpack_memberships_contains_paid_content":false,"footnotes":""},"categories":[50,101,2],"tags":[197,696,33,19],"class_list":["post-107720","post","type-post","status-publish","format-standard","has-post-thumbnail","hentry","category-destacadas","category-interes-general-locales","category-locales","tag-buenos-aires","tag-interes-general","tag-locales","tag-san-pedro"],"aioseo_notices":[],"gutentor_comment":0,"jetpack_featured_media_url":"https:\/\/eldiariodesanpedro.com.ar\/sitio\/wp-content\/uploads\/2022\/06\/0000020950-resized-1920x1080-1.jpg","jetpack_shortlink":"https:\/\/wp.me\/p6RhLt-s1q","jetpack_sharing_enabled":true,"_links":{"self":[{"href":"https:\/\/eldiariodesanpedro.com.ar\/sitio\/wp-json\/wp\/v2\/posts\/107720","targetHints":{"allow":["GET"]}}],"collection":[{"href":"https:\/\/eldiariodesanpedro.com.ar\/sitio\/wp-json\/wp\/v2\/posts"}],"about":[{"href":"https:\/\/eldiariodesanpedro.com.ar\/sitio\/wp-json\/wp\/v2\/types\/post"}],"author":[{"embeddable":true,"href":"https:\/\/eldiariodesanpedro.com.ar\/sitio\/wp-json\/wp\/v2\/users\/4"}],"replies":[{"embeddable":true,"href":"https:\/\/eldiariodesanpedro.com.ar\/sitio\/wp-json\/wp\/v2\/comments?post=107720"}],"version-history":[{"count":1,"href":"https:\/\/eldiariodesanpedro.com.ar\/sitio\/wp-json\/wp\/v2\/posts\/107720\/revisions"}],"predecessor-version":[{"id":107722,"href":"https:\/\/eldiariodesanpedro.com.ar\/sitio\/wp-json\/wp\/v2\/posts\/107720\/revisions\/107722"}],"wp:featuredmedia":[{"embeddable":true,"href":"https:\/\/eldiariodesanpedro.com.ar\/sitio\/wp-json\/wp\/v2\/media\/107721"}],"wp:attachment":[{"href":"https:\/\/eldiariodesanpedro.com.ar\/sitio\/wp-json\/wp\/v2\/media?parent=107720"}],"wp:term":[{"taxonomy":"category","embeddable":true,"href":"https:\/\/eldiariodesanpedro.com.ar\/sitio\/wp-json\/wp\/v2\/categories?post=107720"},{"taxonomy":"post_tag","embeddable":true,"href":"https:\/\/eldiariodesanpedro.com.ar\/sitio\/wp-json\/wp\/v2\/tags?post=107720"}],"curies":[{"name":"wp","href":"https:\/\/api.w.org\/{rel}","templated":true}]}}