{"id":107716,"date":"2022-06-03T21:01:19","date_gmt":"2022-06-04T00:01:19","guid":{"rendered":"https:\/\/eldiariodesanpedro.com.ar\/sitio\/?p=107716"},"modified":"2022-06-03T21:01:20","modified_gmt":"2022-06-04T00:01:20","slug":"j3-se-desarrollo-en-nuestra-ciudad-la-marcha-de-ni-una-menos","status":"publish","type":"post","link":"https:\/\/eldiariodesanpedro.com.ar\/sitio\/j3-se-desarrollo-en-nuestra-ciudad-la-marcha-de-ni-una-menos\/","title":{"rendered":"#J3 Se desarroll\u00f3 en nuestra ciudad la Marcha de Ni Una Menos"},"content":{"rendered":"<!-- VideographyWP Plugin Message: Automatic video embedding prevented by plugin options. -->\n\n<p>La marcha parti\u00f3 de plaza Belgrano, recorri\u00f3 el centro y termin\u00f3 en la cuadra donde se concentran las tres fiscal\u00edas locales, como una manera de centrar el reclamo en el Poder Judicial. Pidieron evitar \u00ablargos y burocr\u00e1ticos procesos judiciales que nos exponen incluso a ser asesinadas\u00bb.<\/p>\n\n\n\n<p>Este viernes, como cada 3 de junio desde 2015, hubo movilizaci\u00f3n en todo el pa\u00eds en el marco de la jornada para visibilizar la problem\u00e1tica de la violencia de g\u00e9nero y tambi\u00e9n en San Pedro.<\/p>\n\n\n\n<p>La marcha Ni Una Menos tuvo su r\u00e9plica local, con un recorrido que comenz\u00f3 en plaza Belgrano y, a diferencia de a\u00f1os anteriores, cuando terminaban en la Municipalidad, tuvo como sitio de lectura del documento elaborado por las organizaciones convocantes el frente de Fiscal\u00eda.<\/p>\n\n\n\n<p>Es \u201cuna de las fechas claves de las organizaciones feministas y diversas\u201d, se\u00f1alaron en el discurso en el que pidieron \u201cpol\u00edticas y un Estado presente en todos sus niveles\u201d.<\/p>\n\n\n\n<p>Destacaron como \u201clogros\u201d de las \u201cluchas en la calle\u201d que haya ministerios y Secretar\u00eda de G\u00e9nero, aunque plantearon que \u201clas pol\u00edticas implementadas siguen siendo insuficientes\u201d a la luz de \u201cel largo padecimiento de quienes se encuentran en situaci\u00f3n de violencia de g\u00e9nero\u201d.<\/p>\n\n\n\n<p>En ese marco, se\u00f1alaron que esta vez eligieron leer el documento en Fiscal\u00eda y no en la Municipalidad para centrar el reclamo en \u201cuna urgente reforma judicial transfeminista\u201d que permita que la Justicia d\u00e9 respuestas a la problem\u00e1tica. \u201cLos fallos judiciales siguen reproduciendo patrones culturales y estereotipos que atrasan y revictimizan\u201d, dijeron en el discurso.<\/p>\n\n\n\n<p>\u201cEstamos cansadas de poner nuestras cuerpas a disposici\u00f3n de una Justicia c\u00f3mplice que defiende y apa\u00f1a a nuestros victimarios\u201d, se\u00f1alaron y reclamaron que el Poder Judicial \u201cse adapte a nuestros tiempos y demandas\u201d para evitar los \u201clargos y burocr\u00e1ticos procesos judiciales que nos exponen incluso a ser asesinadas\u201d.<\/p>\n\n\n\n<p>Adem\u00e1s de pedir \u201cque dejen de matarnos\u201d reclamaron \u201cla aplicaci\u00f3n formal de la ESI (Educaci\u00f3n Sexual Integral) en todos los establecimientos educativos y en todos los niveles\u201d, aplicaci\u00f3n de \u201cla ley Micaela para todos y todas los agentes del Estado\u201d, mismo salario por igual trabajo y \u201csalir a la calle sin miedo a no volver\u201d.<\/p>\n\n\n\n<p>\u201cNo bajamos jam\u00e1s ninguna de las banderas, hoy nos focalizamos en esta consigna porque la realidad nos muestra a diario que es el Poder Judicial el que funciona como un embudo y a veces como un escudo de nuestros victimarios\u201d, dijeron en el discurso y recordaron a Florencia Cresta, Mar\u00eda Esperanza Fern\u00e1ndez, Natalia Duarte y Mariela Figueroa, sampedrinas v\u00edctimas de femicidio.<\/p>\n\n\n\n<iframe data-src=\"https:\/\/www.facebook.com\/plugins\/video.php?height=314&#038;href=https%3A%2F%2Fwww.facebook.com%2Fdiariosp2%2Fvideos%2F1207794583369058%2F&#038;show_text=false&#038;width=560&#038;t=0\" width=\"560\" height=\"314\" style=\"border:none;overflow:hidden\" scrolling=\"no\" frameborder=\"0\" allowfullscreen=\"true\" allow=\"autoplay; clipboard-write; encrypted-media; picture-in-picture; web-share\" allowFullScreen=\"true\" src=\"data:image\/svg+xml;base64,PHN2ZyB3aWR0aD0iMSIgaGVpZ2h0PSIxIiB4bWxucz0iaHR0cDovL3d3dy53My5vcmcvMjAwMC9zdmciPjwvc3ZnPg==\" class=\"lazyload\" data-load-mode=\"1\"><\/iframe>\n\n\n\n<iframe data-src=\"https:\/\/www.facebook.com\/plugins\/video.php?height=314&#038;href=https%3A%2F%2Fwww.facebook.com%2Fdiariosp2%2Fvideos%2F422440106392551%2F&#038;show_text=false&#038;width=560&#038;t=0\" width=\"560\" height=\"314\" style=\"border:none;overflow:hidden\" scrolling=\"no\" frameborder=\"0\" allowfullscreen=\"true\" allow=\"autoplay; clipboard-write; encrypted-media; picture-in-picture; web-share\" allowFullScreen=\"true\" src=\"data:image\/svg+xml;base64,PHN2ZyB3aWR0aD0iMSIgaGVpZ2h0PSIxIiB4bWxucz0iaHR0cDovL3d3dy53My5vcmcvMjAwMC9zdmciPjwvc3ZnPg==\" class=\"lazyload\" data-load-mode=\"1\"><\/iframe>\n\n\n\n<iframe data-src=\"https:\/\/www.facebook.com\/plugins\/video.php?height=314&#038;href=https%3A%2F%2Fwww.facebook.com%2Fdiariosp2%2Fvideos%2F420351199691019%2F&#038;show_text=false&#038;width=560&#038;t=0\" width=\"560\" height=\"314\" style=\"border:none;overflow:hidden\" scrolling=\"no\" frameborder=\"0\" allowfullscreen=\"true\" allow=\"autoplay; clipboard-write; encrypted-media; picture-in-picture; web-share\" allowFullScreen=\"true\" src=\"data:image\/svg+xml;base64,PHN2ZyB3aWR0aD0iMSIgaGVpZ2h0PSIxIiB4bWxucz0iaHR0cDovL3d3dy53My5vcmcvMjAwMC9zdmciPjwvc3ZnPg==\" class=\"lazyload\" data-load-mode=\"1\"><\/iframe>\n\n\n\n<iframe data-src=\"https:\/\/www.facebook.com\/plugins\/post.php?href=https%3A%2F%2Fwww.facebook.com%2Fdiariosp2%2Fposts%2F340172118214660&#038;show_text=true&#038;width=500\" width=\"500\" height=\"645\" style=\"border:none;overflow:hidden\" scrolling=\"no\" frameborder=\"0\" allowfullscreen=\"true\" allow=\"autoplay; clipboard-write; encrypted-media; picture-in-picture; web-share\" src=\"data:image\/svg+xml;base64,PHN2ZyB3aWR0aD0iMSIgaGVpZ2h0PSIxIiB4bWxucz0iaHR0cDovL3d3dy53My5vcmcvMjAwMC9zdmciPjwvc3ZnPg==\" class=\"lazyload\" data-load-mode=\"1\"><\/iframe>\n\n\n\n<p><a href=\"https:\/\/www.laopinionsemanario.com.ar\/secciones\/informacion-general\/\"><\/a><\/p>\n","protected":false},"excerpt":{"rendered":"<p>La marcha parti\u00f3 de plaza Belgrano, recorri\u00f3 el centro y termin\u00f3 en la cuadra donde se concentran las tres fiscal\u00edas locales, como una manera de centrar el reclamo en el Poder Judicial. Pidieron evitar \u00ablargos y burocr\u00e1ticos procesos judiciales que nos exponen incluso a ser asesinadas\u00bb. Este viernes, como cada 3 de junio desde 2015, [&hellip;]<\/p>\n","protected":false},"author":4,"featured_media":107717,"comment_status":"closed","ping_status":"closed","sticky":false,"template":"","format":"standard","meta":{"om_disable_all_campaigns":false,"_jetpack_memberships_contains_paid_content":false,"footnotes":""},"categories":[50,101,2],"tags":[197,696,33,19],"class_list":["post-107716","post","type-post","status-publish","format-standard","has-post-thumbnail","hentry","category-destacadas","category-interes-general-locales","category-locales","tag-buenos-aires","tag-interes-general","tag-locales","tag-san-pedro"],"aioseo_notices":[],"gutentor_comment":0,"jetpack_featured_media_url":"https:\/\/eldiariodesanpedro.com.ar\/sitio\/wp-content\/uploads\/2022\/06\/WhatsApp-Image-2022-06-03-at-7.09.23-PM.jpeg","jetpack_shortlink":"https:\/\/wp.me\/p6RhLt-s1m","jetpack_sharing_enabled":true,"_links":{"self":[{"href":"https:\/\/eldiariodesanpedro.com.ar\/sitio\/wp-json\/wp\/v2\/posts\/107716","targetHints":{"allow":["GET"]}}],"collection":[{"href":"https:\/\/eldiariodesanpedro.com.ar\/sitio\/wp-json\/wp\/v2\/posts"}],"about":[{"href":"https:\/\/eldiariodesanpedro.com.ar\/sitio\/wp-json\/wp\/v2\/types\/post"}],"author":[{"embeddable":true,"href":"https:\/\/eldiariodesanpedro.com.ar\/sitio\/wp-json\/wp\/v2\/users\/4"}],"replies":[{"embeddable":true,"href":"https:\/\/eldiariodesanpedro.com.ar\/sitio\/wp-json\/wp\/v2\/comments?post=107716"}],"version-history":[{"count":1,"href":"https:\/\/eldiariodesanpedro.com.ar\/sitio\/wp-json\/wp\/v2\/posts\/107716\/revisions"}],"predecessor-version":[{"id":107718,"href":"https:\/\/eldiariodesanpedro.com.ar\/sitio\/wp-json\/wp\/v2\/posts\/107716\/revisions\/107718"}],"wp:featuredmedia":[{"embeddable":true,"href":"https:\/\/eldiariodesanpedro.com.ar\/sitio\/wp-json\/wp\/v2\/media\/107717"}],"wp:attachment":[{"href":"https:\/\/eldiariodesanpedro.com.ar\/sitio\/wp-json\/wp\/v2\/media?parent=107716"}],"wp:term":[{"taxonomy":"category","embeddable":true,"href":"https:\/\/eldiariodesanpedro.com.ar\/sitio\/wp-json\/wp\/v2\/categories?post=107716"},{"taxonomy":"post_tag","embeddable":true,"href":"https:\/\/eldiariodesanpedro.com.ar\/sitio\/wp-json\/wp\/v2\/tags?post=107716"}],"curies":[{"name":"wp","href":"https:\/\/api.w.org\/{rel}","templated":true}]}}